{"id":34699,"date":"2025-10-29T22:03:07","date_gmt":"2025-10-29T22:03:07","guid":{"rendered":"https:\/\/www.europesays.com\/lv\/34699\/"},"modified":"2025-10-29T22:03:07","modified_gmt":"2025-10-29T22:03:07","slug":"nvidia-kluvis-par-pirmo-piecus-triljonus-dolaru-verto-uznemumu","status":"publish","type":"post","link":"https:\/\/www.europesays.com\/lv\/34699\/","title":{"rendered":"&#8220;Nvidia&#8221; k\u013cuvis par pirmo piecus triljonus dol\u0101ru v\u0113rto uz\u0146\u0113mumu"},"content":{"rendered":"<p>ASV mikrosh\u0113mu un programmat\u016bru ra\u017eot\u0101js &#8220;Nvidia&#8221; tre\u0161dien k\u013cuvis par pirmo uz\u0146\u0113mumu, kura tirgus v\u0113rt\u012bba sasniegusi piecus triljonus dol\u0101ru.<\/p>\n<p>&#8220;Nvidia&#8221; akcijas cena Volstr\u012bt\u0101 tirdzniec\u012bbas sesijas s\u0101kum\u0101 pieaugusi par 4,91% l\u012bdz 210,9 dol\u0101riem, t\u0101d\u0113j\u0101di uz\u0146\u0113muma tirgus v\u0113rt\u012bba sasniegusi \u0161o l\u012bdz \u0161im nepieredz\u0113to l\u012bmeni.<\/p>\n<p>Uz\u0146\u0113muma akcijas cenas k\u0101pumu veicina t\u0101 stabilie finan\u0161u rezult\u0101ti, jauni nosl\u0113gtie dar\u012bjumi, tai skait\u0101 partner\u012bba ar Somijas telekomunik\u0101ciju apr\u012bkojuma ra\u017eo\u0161anas uz\u0146\u0113mumu &#8220;Nokia&#8221;, k\u0101 ar\u012b cer\u012bbas, ka komp\u0101nija dr\u012bzum\u0101 var\u0113tu ieg\u016bt piek\u013cuvi \u0136\u012bnas tirgum.<\/p>\n<p>Sagaid\u0101ms, ka &#8220;Nvidia&#8221; izpilddirektors D\u017eensens Huans \u0161oned\u0113\u013c ierad\u012bsies Dienvidkorej\u0101, kur vi\u0146\u0161 apmekl\u0113s pas\u0101kumus saist\u012bb\u0101 ar APEC samitu, kur\u0101 ASV prezidents Donalds Tramps tiksies ar \u0136\u012bnas l\u012bderi Sji Dzji\u0146pinu. Paredzams, ka Trampa un Sji tik\u0161an\u0101s laik\u0101 tiks p\u0101rrun\u0101ti ar\u012b ar m\u0101ksl\u012bg\u0101 intelekta att\u012bst\u012bbu saist\u012bti jaut\u0101jumi.<\/p>\n<p>&#8220;Nvidia&#8221; mikrosh\u0113mas \u0161obr\u012bd \u0136\u012bn\u0101 netiek p\u0101rdotas, \u0146emot v\u0113r\u0101 \u0136\u012bnas vald\u012bbas noteiktos aizliegumus, ba\u017eas par valsts dro\u0161\u012bbas apdraud\u0113jumiem un ASV un \u0136\u012bnas tirdzniec\u012bbas nesaska\u0146as.<\/p>\n<p>T\u0101di tehnolo\u0123iju nozares mil\u017ei k\u0101 &#8220;Google&#8221; un &#8220;Meta&#8221;, k\u0101 ar\u012b ASV m\u0101ksl\u012bg\u0101 intelekta tehnolo\u0123iju uz\u0146\u0113mums &#8220;OpenAI&#8221; izmanto &#8220;Nvidia&#8221; izstr\u0101d\u0101t\u0101s mikrosh\u0113mas, lai apm\u0101c\u012btu m\u0101ksl\u012bg\u0101 intelekta sist\u0113mas.<\/p>\n<p>Investori prognoz\u0113, ka &#8220;Nvidia&#8221; sp\u0113s nosarg\u0101t savu tirgus l\u012bdera poz\u012bciju.<\/p>\n<p>K\u0101 zi\u0146ots, &#8220;Nvidia&#8221; \u0161\u012b finan\u0161u gada otraj\u0101 ceturksn\u012b, kas nosl\u0113dz\u0101s august\u0101, str\u0101d\u0101ja ar 26,4 miljardu dol\u0101ru t\u012bro pe\u013c\u0146u, un tas ir par 59% vair\u0101k nek\u0101 attiec\u012bgaj\u0101 laika period\u0101 pirms gada.<\/p>\n","protected":false},"excerpt":{"rendered":"ASV mikrosh\u0113mu un programmat\u016bru ra\u017eot\u0101js &#8220;Nvidia&#8221; tre\u0161dien k\u013cuvis par pirmo uz\u0146\u0113mumu, kura tirgus v\u0113rt\u012bba sasniegusi piecus triljonus dol\u0101ru.&hellip;\n","protected":false},"author":2,"featured_media":34700,"comment_status":"","ping_status":"","sticky":false,"template":"","format":"standard","meta":{"footnotes":""},"categories":[16],"tags":[129,853,77,76,35,39,38,36,37,34,40,854,855],"class_list":{"0":"post-34699","1":"post","2":"type-post","3":"status-publish","4":"format-standard","5":"has-post-thumbnail","7":"category-bizness","8":"tag-__typenameadvicekeyword","9":"tag-id955","10":"tag-bizness","11":"tag-business","12":"tag-latvia","13":"tag-latvian","14":"tag-latviesu","15":"tag-latviesu-valoda","16":"tag-latviesuvaloda","17":"tag-latvija","18":"tag-lv","19":"tag-slugbizness","20":"tag-titlebizness"},"share_on_mastodon":{"url":"https:\/\/pubeurope.com\/@lv\/115459719322659696","error":""},"_links":{"self":[{"href":"https:\/\/www.europesays.com\/lv\/wp-json\/wp\/v2\/posts\/34699","targetHints":{"allow":["GET"]}}],"collection":[{"href":"https:\/\/www.europesays.com\/lv\/wp-json\/wp\/v2\/posts"}],"about":[{"href":"https:\/\/www.europesays.com\/lv\/wp-json\/wp\/v2\/types\/post"}],"author":[{"embeddable":true,"href":"https:\/\/www.europesays.com\/lv\/wp-json\/wp\/v2\/users\/2"}],"replies":[{"embeddable":true,"href":"https:\/\/www.europesays.com\/lv\/wp-json\/wp\/v2\/comments?post=34699"}],"version-history":[{"count":0,"href":"https:\/\/www.europesays.com\/lv\/wp-json\/wp\/v2\/posts\/34699\/revisions"}],"wp:featuredmedia":[{"embeddable":true,"href":"https:\/\/www.europesays.com\/lv\/wp-json\/wp\/v2\/media\/34700"}],"wp:attachment":[{"href":"https:\/\/www.europesays.com\/lv\/wp-json\/wp\/v2\/media?parent=34699"}],"wp:term":[{"taxonomy":"category","embeddable":true,"href":"https:\/\/www.europesays.com\/lv\/wp-json\/wp\/v2\/categories?post=34699"},{"taxonomy":"post_tag","embeddable":true,"href":"https:\/\/www.europesays.com\/lv\/wp-json\/wp\/v2\/tags?post=34699"}],"curies":[{"name":"wp","href":"https:\/\/api.w.org\/{rel}","templated":true}]}}