{"id":34719,"date":"2025-10-29T22:48:04","date_gmt":"2025-10-29T22:48:04","guid":{"rendered":"https:\/\/www.europesays.com\/lv\/34719\/"},"modified":"2025-10-29T22:48:04","modified_gmt":"2025-10-29T22:48:04","slug":"ministru-kabineta-jau-sobrid-faktiski-ir-mazakuma-valdiba","status":"publish","type":"post","link":"https:\/\/www.europesays.com\/lv\/34719\/","title":{"rendered":"Ministru kabinet\u0101 jau \u0161obr\u012bd faktiski ir maz\u0101kuma vald\u012bba"},"content":{"rendered":"<p>Vi\u0146\u0161 pauda, ka &#8220;Jaunajai vienot\u012bbai&#8221; (JV) agri vai v\u0113lu b\u016bs j\u0101izv\u0113las &#8211; vai tiek veidota maz\u0101kuma vald\u012bba ar Za\u013co un zemnieku savien\u012bbu (ZZS), vai ar\u012b maz\u0101kuma vald\u012bba ar &#8220;Progres\u012bvajiem&#8221;. &#8220;M\u0113s jau \u0161obr\u012bd, man\u0101 ieskat\u0101, esam maz\u0101kuma vald\u012bbas situ\u0101cij\u0101, un, manupr\u0101t, j\u0101b\u016bt taisn\u012bgiem, atkl\u0101tiem, god\u012bgiem pret sabiedr\u012bbu par to, kas \u0161obr\u012bd un kur\u0161 \u0161obr\u012bd ir pie varas,&#8221; teica &#8220;Progres\u012bvo&#8221; frakcijas vad\u012bt\u0101js.<\/p>\n","protected":false},"excerpt":{"rendered":"Vi\u0146\u0161 pauda, ka &#8220;Jaunajai vienot\u012bbai&#8221; (JV) agri vai v\u0113lu b\u016bs j\u0101izv\u0113las &#8211; vai tiek veidota maz\u0101kuma vald\u012bba ar&hellip;\n","protected":false},"author":2,"featured_media":34720,"comment_status":"","ping_status":"","sticky":false,"template":"","format":"standard","meta":{"footnotes":""},"categories":[5],"tags":[23,28,29,32,33,22,30,31,35,39,38,36,37,34,40,20,26,27,24,25,21],"class_list":{"0":"post-34719","1":"post","2":"type-post","3":"status-publish","4":"format-standard","5":"has-post-thumbnail","7":"category-aktualitates","8":"tag-aktualitates","9":"tag-breaking-news","10":"tag-breakingnews","11":"tag-featured-news","12":"tag-featurednews","13":"tag-headlines","14":"tag-latest-news","15":"tag-latestnews","16":"tag-latvia","17":"tag-latvian","18":"tag-latviesu","19":"tag-latviesu-valoda","20":"tag-latviesuvaloda","21":"tag-latvija","22":"tag-lv","23":"tag-news","24":"tag-popularakas-zinas","25":"tag-popularakaszinas","26":"tag-top-stories","27":"tag-topstories","28":"tag-zinas"},"share_on_mastodon":{"url":"https:\/\/pubeurope.com\/@lv\/115459896274595979","error":""},"_links":{"self":[{"href":"https:\/\/www.europesays.com\/lv\/wp-json\/wp\/v2\/posts\/34719","targetHints":{"allow":["GET"]}}],"collection":[{"href":"https:\/\/www.europesays.com\/lv\/wp-json\/wp\/v2\/posts"}],"about":[{"href":"https:\/\/www.europesays.com\/lv\/wp-json\/wp\/v2\/types\/post"}],"author":[{"embeddable":true,"href":"https:\/\/www.europesays.com\/lv\/wp-json\/wp\/v2\/users\/2"}],"replies":[{"embeddable":true,"href":"https:\/\/www.europesays.com\/lv\/wp-json\/wp\/v2\/comments?post=34719"}],"version-history":[{"count":0,"href":"https:\/\/www.europesays.com\/lv\/wp-json\/wp\/v2\/posts\/34719\/revisions"}],"wp:featuredmedia":[{"embeddable":true,"href":"https:\/\/www.europesays.com\/lv\/wp-json\/wp\/v2\/media\/34720"}],"wp:attachment":[{"href":"https:\/\/www.europesays.com\/lv\/wp-json\/wp\/v2\/media?parent=34719"}],"wp:term":[{"taxonomy":"category","embeddable":true,"href":"https:\/\/www.europesays.com\/lv\/wp-json\/wp\/v2\/categories?post=34719"},{"taxonomy":"post_tag","embeddable":true,"href":"https:\/\/www.europesays.com\/lv\/wp-json\/wp\/v2\/tags?post=34719"}],"curies":[{"name":"wp","href":"https:\/\/api.w.org\/{rel}","templated":true}]}}