{"id":34721,"date":"2025-10-29T22:54:08","date_gmt":"2025-10-29T22:54:08","guid":{"rendered":"https:\/\/www.europesays.com\/lv\/34721\/"},"modified":"2025-10-29T22:54:08","modified_gmt":"2025-10-29T22:54:08","slug":"divi-parize-aizturetie-viriesi-atzist-savu-lidzdalibu-luvras-aplaupisana","status":"publish","type":"post","link":"https:\/\/www.europesays.com\/lv\/34721\/","title":{"rendered":"Divi Par\u012bz\u0113 aiztur\u0113tie v\u012brie\u0161i atz\u012bst savu l\u012bdzdal\u012bbu Luvras aplaup\u012b\u0161an\u0101"},"content":{"rendered":"<p data-end=\"530\" data-start=\"62\">Pirms div\u0101m ned\u0113\u013c\u0101m Par\u012bz\u0113 notika \u0161ok\u0113jo\u0161a laup\u012b\u0161ana Luvras muzej\u0101, kad \u010detri laup\u012bt\u0101ji dienas gaism\u0101 iek\u013cuva muzeja Apollona galerij\u0101 un nozaga d\u0101rgakme\u0146us, kuru kop\u0113j\u0101 v\u0113rt\u012bba sasniedza 88 miljonus eiro. Divi v\u012brie\u0161i, kas tika arest\u0113ti saist\u012bb\u0101 ar \u0161o laup\u012b\u0161anu, da\u013c\u0113ji atzinu\u0161i savu l\u012bdzdal\u012bbu noziegum\u0101. P\u0113c virknes izmekl\u0113\u0161anas un DNS anal\u012bzes tika noskaidrots, ka vi\u0146i bija tie, kuri ar elektroinstrumentiem iek\u013cuva galerij\u0101 un nozaga Francijas kro\u0146a d\u0101rgakme\u0146us.<\/p>\n","protected":false},"excerpt":{"rendered":"Pirms div\u0101m ned\u0113\u013c\u0101m Par\u012bz\u0113 notika \u0161ok\u0113jo\u0161a laup\u012b\u0161ana Luvras muzej\u0101, kad \u010detri laup\u012bt\u0101ji dienas gaism\u0101 iek\u013cuva muzeja Apollona galerij\u0101&hellip;\n","protected":false},"author":2,"featured_media":34722,"comment_status":"","ping_status":"","sticky":false,"template":"","format":"standard","meta":{"footnotes":""},"categories":[5],"tags":[23,28,29,32,33,22,30,31,35,39,38,36,37,34,40,20,26,27,24,25,21],"class_list":{"0":"post-34721","1":"post","2":"type-post","3":"status-publish","4":"format-standard","5":"has-post-thumbnail","7":"category-aktualitates","8":"tag-aktualitates","9":"tag-breaking-news","10":"tag-breakingnews","11":"tag-featured-news","12":"tag-featurednews","13":"tag-headlines","14":"tag-latest-news","15":"tag-latestnews","16":"tag-latvia","17":"tag-latvian","18":"tag-latviesu","19":"tag-latviesu-valoda","20":"tag-latviesuvaloda","21":"tag-latvija","22":"tag-lv","23":"tag-news","24":"tag-popularakas-zinas","25":"tag-popularakaszinas","26":"tag-top-stories","27":"tag-topstories","28":"tag-zinas"},"share_on_mastodon":{"url":"https:\/\/pubeurope.com\/@lv\/115459919931987934","error":""},"_links":{"self":[{"href":"https:\/\/www.europesays.com\/lv\/wp-json\/wp\/v2\/posts\/34721","targetHints":{"allow":["GET"]}}],"collection":[{"href":"https:\/\/www.europesays.com\/lv\/wp-json\/wp\/v2\/posts"}],"about":[{"href":"https:\/\/www.europesays.com\/lv\/wp-json\/wp\/v2\/types\/post"}],"author":[{"embeddable":true,"href":"https:\/\/www.europesays.com\/lv\/wp-json\/wp\/v2\/users\/2"}],"replies":[{"embeddable":true,"href":"https:\/\/www.europesays.com\/lv\/wp-json\/wp\/v2\/comments?post=34721"}],"version-history":[{"count":0,"href":"https:\/\/www.europesays.com\/lv\/wp-json\/wp\/v2\/posts\/34721\/revisions"}],"wp:featuredmedia":[{"embeddable":true,"href":"https:\/\/www.europesays.com\/lv\/wp-json\/wp\/v2\/media\/34722"}],"wp:attachment":[{"href":"https:\/\/www.europesays.com\/lv\/wp-json\/wp\/v2\/media?parent=34721"}],"wp:term":[{"taxonomy":"category","embeddable":true,"href":"https:\/\/www.europesays.com\/lv\/wp-json\/wp\/v2\/categories?post=34721"},{"taxonomy":"post_tag","embeddable":true,"href":"https:\/\/www.europesays.com\/lv\/wp-json\/wp\/v2\/tags?post=34721"}],"curies":[{"name":"wp","href":"https:\/\/api.w.org\/{rel}","templated":true}]}}