{"id":34723,"date":"2025-10-29T23:00:05","date_gmt":"2025-10-29T23:00:05","guid":{"rendered":"https:\/\/www.europesays.com\/lv\/34723\/"},"modified":"2025-10-29T23:00:05","modified_gmt":"2025-10-29T23:00:05","slug":"progresivo-vaditajs-suvajevs-mudina-jauno-vienotibu-izlemt-par-vienu-no-diviem-mazakuma-valdibas-scenarijiem-lsm","status":"publish","type":"post","link":"https:\/\/www.europesays.com\/lv\/34723\/","title":{"rendered":"\u00abProgres\u012bvo\u00bb vad\u012bt\u0101js \u0160uvajevs mudina \u00abJauno Vienot\u012bbu\u00bb izlemt par vienu no diviem maz\u0101kuma vald\u012bbas scen\u0101rijiem &#8211; LSM"},"content":{"rendered":"<ol>\n<li><a href=\"https:\/\/news.google.com\/rss\/articles\/CBMi_AFBVV95cUxNUFNfcHExblBCOE9VM2E3ejRiVW01TUpxVjUwRk1Hc25jYTFZRVVNOGNrcklVUm1KUWZqS1pNa19pd1ZncThDcF9na3IxQnVJaDhLMnNhRHJ5ak9WTU1SY256Qk5SVzFpTC1hZEUtZHE0NVJ2aFRyUGU0OFI1ZUxoVkNHTFhsMzIybEVaSmJvSHJRekItLUJfQ3A2REgzTHhCdTJBdDZ1dk9XbVNqN1IyemthRUMxN01LZExSa3BDQ3p5Y1BYUDFxMW9JU0txQ1FVLU5XVkNLcXJrOTRCWjNjaDJPdXVJNVd3SFJsYzk4ejRsUjBRaEYxV1RNVVM?oc=5\" target=\"_blank\" rel=\"nofollow noopener\">\u00abProgres\u012bvo\u00bb vad\u012bt\u0101js \u0160uvajevs mudina \u00abJauno Vienot\u012bbu\u00bb izlemt par vienu no diviem maz\u0101kuma vald\u012bbas scen\u0101rijiem<\/a>&nbsp;&nbsp;LSM<\/li>\n<li><a href=\"https:\/\/news.google.com\/rss\/articles\/CBMipgFBVV95cUxQY3BSQUxYWVVxc1V2eERET0RudXd1MDJQTFJPdVo2NHcyR3lXdTN3ZXZJSVRpUUVaQzJJTjZSeW5meTlRYzhOQXEyVDUxODJjMEdUTXBIMW02YVM5RmtQRzJ4MUI5c2RGZk1SNEc1YXNBdjhiT1l6WXctU3gtSHdETUNjVzMxaTBNS2xKM2Q3Mk5oRG8xQnFKYWpxN3g2eGlfQXQ1NWpB?oc=5\" target=\"_blank\" rel=\"nofollow noopener\">\u0160uvajevs: Ministru kabinet\u0101 jau \u0161obr\u012bd faktiski ir maz\u0101kuma vald\u012bba<\/a>&nbsp;&nbsp;Jauns.lv<\/li>\n<li><a href=\"https:\/\/news.google.com\/rss\/articles\/CBMiugFBVV95cUxOZEJ1UXQwX0FkLVZSb21rY0dqaE9PZkJIS3k2UmlrWFZpVHZGREx3a0hRT0kya2EydTgyNmFjeW9DVHVzc2ZWVFkyaVhFQ0dBdFgtSHFBYlYyeENPcUU4Nno0UnNfcVZjU1FMYWM4Mlg0dEZKdkNFcmFDeWVPTWtwM0FpVlNIeGFNekUxQlpuTFY3aWRYRVBObmtpbVdQSkQ5MjE4SXp0ZFVrUjZTbmxZTUlHcURwU3JkZ1E?oc=5\" target=\"_blank\" rel=\"nofollow noopener\">Vai pragmatisko politisko laul\u012bbu \u201cidillisk\u0101 \u0123imene\u201d paklups uz Stambulas sliek\u0161\u0146a?<\/a>&nbsp;&nbsp;NRA<\/li>\n<li><a href=\"https:\/\/news.google.com\/rss\/articles\/CBMiugFBVV95cUxQcVZHd2JzNW5WNUFqdktGTWRfdzFXU3k4N1I5SWVQYjJtMEtRMXB0Y2ZFd29pamRwY1NLNENLbVFFcmhqaVpZMHhaWmJybDZLSmJhbTdyY3NLTTNzU0RqMWRianlxYjEzUC1zbEZtWnNsN0UzR3JxNktOTUVJRUVmMFFNbkJsalFsLW0tTmw0RzFlX3A0bzh4blJEYy1LaE9TZkhyR29LRWE3RHBpbl82RURaQlBwODFjUFE?oc=5\" target=\"_blank\" rel=\"nofollow noopener\">Koal\u012bcija vienpr\u0101t\u012bb\u0101 par bud\u017eeta pamatiem 2025. gadam, priorit\u0101te \u2013 dro\u0161\u012bba<\/a>&nbsp;&nbsp;Lente.lv<\/li>\n<li><a href=\"https:\/\/news.google.com\/rss\/articles\/CBMidEFVX3lxTE42YVl4ZUVYWlYzOHpqWmpJZGxKOEZ3dXRpb2lFT3ZJZXR6QXpna0ppY0RLZmd4eHNpUGlCNi1HS0RvM3dpbk40MF8weG1rMzJfWWhMTnpNWlpEeDM2QkIyX2xrMTQwRHI4Nmw3T25lWXlnWmlN?oc=5\" target=\"_blank\" rel=\"nofollow noopener\">Roberts Z\u012ble: \u0160\u012b vald\u012bba ir ideolo\u0123isks kokteilis<\/a>&nbsp;&nbsp;LA.LV<\/li>\n<\/ol>\n","protected":false},"excerpt":{"rendered":"\u00abProgres\u012bvo\u00bb vad\u012bt\u0101js \u0160uvajevs mudina \u00abJauno Vienot\u012bbu\u00bb izlemt par vienu no diviem maz\u0101kuma vald\u012bbas scen\u0101rijiem&nbsp;&nbsp;LSM \u0160uvajevs: Ministru kabinet\u0101 jau&hellip;\n","protected":false},"author":2,"featured_media":27452,"comment_status":"","ping_status":"","sticky":false,"template":"","format":"standard","meta":{"footnotes":""},"categories":[5],"tags":[23,28,29,32,33,22,30,31,35,39,38,36,37,34,40,20,26,27,24,25,21],"class_list":{"0":"post-34723","1":"post","2":"type-post","3":"status-publish","4":"format-standard","5":"has-post-thumbnail","7":"category-aktualitates","8":"tag-aktualitates","9":"tag-breaking-news","10":"tag-breakingnews","11":"tag-featured-news","12":"tag-featurednews","13":"tag-headlines","14":"tag-latest-news","15":"tag-latestnews","16":"tag-latvia","17":"tag-latvian","18":"tag-latviesu","19":"tag-latviesu-valoda","20":"tag-latviesuvaloda","21":"tag-latvija","22":"tag-lv","23":"tag-news","24":"tag-popularakas-zinas","25":"tag-popularakaszinas","26":"tag-top-stories","27":"tag-topstories","28":"tag-zinas"},"share_on_mastodon":{"url":"https:\/\/pubeurope.com\/@lv\/115459943506094843","error":""},"_links":{"self":[{"href":"https:\/\/www.europesays.com\/lv\/wp-json\/wp\/v2\/posts\/34723","targetHints":{"allow":["GET"]}}],"collection":[{"href":"https:\/\/www.europesays.com\/lv\/wp-json\/wp\/v2\/posts"}],"about":[{"href":"https:\/\/www.europesays.com\/lv\/wp-json\/wp\/v2\/types\/post"}],"author":[{"embeddable":true,"href":"https:\/\/www.europesays.com\/lv\/wp-json\/wp\/v2\/users\/2"}],"replies":[{"embeddable":true,"href":"https:\/\/www.europesays.com\/lv\/wp-json\/wp\/v2\/comments?post=34723"}],"version-history":[{"count":0,"href":"https:\/\/www.europesays.com\/lv\/wp-json\/wp\/v2\/posts\/34723\/revisions"}],"wp:featuredmedia":[{"embeddable":true,"href":"https:\/\/www.europesays.com\/lv\/wp-json\/wp\/v2\/media\/27452"}],"wp:attachment":[{"href":"https:\/\/www.europesays.com\/lv\/wp-json\/wp\/v2\/media?parent=34723"}],"wp:term":[{"taxonomy":"category","embeddable":true,"href":"https:\/\/www.europesays.com\/lv\/wp-json\/wp\/v2\/categories?post=34723"},{"taxonomy":"post_tag","embeddable":true,"href":"https:\/\/www.europesays.com\/lv\/wp-json\/wp\/v2\/tags?post=34723"}],"curies":[{"name":"wp","href":"https:\/\/api.w.org\/{rel}","templated":true}]}}