{"id":34755,"date":"2025-10-30T00:47:16","date_gmt":"2025-10-30T00:47:16","guid":{"rendered":"https:\/\/www.europesays.com\/lv\/34755\/"},"modified":"2025-10-30T00:47:16","modified_gmt":"2025-10-30T00:47:16","slug":"situacija-ukrainas-fronte-sobrid-ar-mainigam-sekmem-lr1-latvijas-radio","status":"publish","type":"post","link":"https:\/\/www.europesays.com\/lv\/34755\/","title":{"rendered":"Situ\u0101cija Ukrainas front\u0113 \u0161obr\u012bd ar main\u012bg\u0101m sekm\u0113m \/ LR1 \/ \/ Latvijas Radio"},"content":{"rendered":"<p><a href=\"https:\/\/mapp.latvijasradio.lv\/shared-broadcast?b=237&amp;url=http:\/\/latvijasradio.lsm.lv\/lv\/lr1\/raidijumi\/labriit\/\" target=\"_blank\" rel=\"nofollow noopener\"><img decoding=\"async\" alt=\"Latvijas radio lietotnes logo\" src=\"https:\/\/www.europesays.com\/lv\/wp-content\/uploads\/2025\/10\/1761785236_849_LR_pod poga.png\" style=\"width: 140px; height: 38px;\"\/><\/a><\/p>\n<p>Situ\u0101cija Ukrainas front\u0113 \u0161obr\u012bd ar main\u012bg\u0101m sekm\u0113m, jo gr\u016bti ieg\u016bt objekt\u012bvu inform\u0101ciju. T\u0101 Latvijas Radio sac\u012bja milit\u0101rais eksperts un neatkar\u012bgais Saeimas deput\u0101ts Igors Rajevs. Vi\u0146\u0161 ar\u012b teica, ka Ukrainas uzbrukumiem naftas un citiem strat\u0113\u0123iskiem objektiem Krievij\u0101 j\u0101b\u016bt vairakk\u0101rt sp\u0113c\u012bg\u0101kiem, lai izdar\u012btu pretiniekam b\u016btiskus zaud\u0113jumus.<\/p>\n<p>Savuk\u0101rt, dronu uzbrukumi objektiem Maskav\u0101 uz Krievijas sabiedr\u012bbu iedarbojas psiholo\u0123iski. Rajevs ar\u012b uzskata, ka gaid\u0101m\u0101 ziema ukrai\u0146iem b\u016bs krietni gr\u016bt\u0101ka, \u0146emot v\u0113r\u0101 apzin\u0101ti izn\u012bcin\u0101t\u0101s liel\u0101s siltumstacijas un sadales objektus, sevi\u0161\u0137i, Kijivas tuvum\u0101. Ar\u012b miera sarunas nesokas.<\/p>\n<p>Ieteikt<\/p>\n<p>    Latvijas Radio aicina izteikt savu viedokli par raid\u012bjum\u0101 dzird\u0113to un atbalsta diskusijas klaus\u012bt\u0101ju starp\u0101, tom\u0113r patur ties\u012bbas dz\u0113st koment\u0101rus, kas p\u0101rk\u0101pj cie\u0146pilnas attieksmes un \u0113tiskas r\u012bc\u012bbas robe\u017eas.<a name=\"comments\"\/><\/p>\n","protected":false},"excerpt":{"rendered":"Situ\u0101cija Ukrainas front\u0113 \u0161obr\u012bd ar main\u012bg\u0101m sekm\u0113m, jo gr\u016bti ieg\u016bt objekt\u012bvu inform\u0101ciju. T\u0101 Latvijas Radio sac\u012bja milit\u0101rais eksperts&hellip;\n","protected":false},"author":2,"featured_media":34756,"comment_status":"","ping_status":"","sticky":false,"template":"","format":"standard","meta":{"footnotes":""},"categories":[14],"tags":[23,57,28,29,32,33,22,30,31,35,39,38,36,37,34,40,20,26,27,24,25,54,55,56,21,58],"class_list":{"0":"post-34755","1":"post","2":"type-post","3":"status-publish","4":"format-standard","5":"has-post-thumbnail","7":"category-zinas-no-arvalstim","8":"tag-aktualitates","9":"tag-arvalstim","10":"tag-breaking-news","11":"tag-breakingnews","12":"tag-featured-news","13":"tag-featurednews","14":"tag-headlines","15":"tag-latest-news","16":"tag-latestnews","17":"tag-latvia","18":"tag-latvian","19":"tag-latviesu","20":"tag-latviesu-valoda","21":"tag-latviesuvaloda","22":"tag-latvija","23":"tag-lv","24":"tag-news","25":"tag-popularakas-zinas","26":"tag-popularakaszinas","27":"tag-top-stories","28":"tag-topstories","29":"tag-world","30":"tag-world-news","31":"tag-worldnews","32":"tag-zinas","33":"tag-zinas-no-arvalstim"},"share_on_mastodon":{"url":"https:\/\/pubeurope.com\/@lv\/115460364332808804","error":""},"_links":{"self":[{"href":"https:\/\/www.europesays.com\/lv\/wp-json\/wp\/v2\/posts\/34755","targetHints":{"allow":["GET"]}}],"collection":[{"href":"https:\/\/www.europesays.com\/lv\/wp-json\/wp\/v2\/posts"}],"about":[{"href":"https:\/\/www.europesays.com\/lv\/wp-json\/wp\/v2\/types\/post"}],"author":[{"embeddable":true,"href":"https:\/\/www.europesays.com\/lv\/wp-json\/wp\/v2\/users\/2"}],"replies":[{"embeddable":true,"href":"https:\/\/www.europesays.com\/lv\/wp-json\/wp\/v2\/comments?post=34755"}],"version-history":[{"count":0,"href":"https:\/\/www.europesays.com\/lv\/wp-json\/wp\/v2\/posts\/34755\/revisions"}],"wp:featuredmedia":[{"embeddable":true,"href":"https:\/\/www.europesays.com\/lv\/wp-json\/wp\/v2\/media\/34756"}],"wp:attachment":[{"href":"https:\/\/www.europesays.com\/lv\/wp-json\/wp\/v2\/media?parent=34755"}],"wp:term":[{"taxonomy":"category","embeddable":true,"href":"https:\/\/www.europesays.com\/lv\/wp-json\/wp\/v2\/categories?post=34755"},{"taxonomy":"post_tag","embeddable":true,"href":"https:\/\/www.europesays.com\/lv\/wp-json\/wp\/v2\/tags?post=34755"}],"curies":[{"name":"wp","href":"https:\/\/api.w.org\/{rel}","templated":true}]}}