{"id":34791,"date":"2025-10-30T02:04:08","date_gmt":"2025-10-30T02:04:08","guid":{"rendered":"https:\/\/www.europesays.com\/lv\/34791\/"},"modified":"2025-10-30T02:04:08","modified_gmt":"2025-10-30T02:04:08","slug":"video-evika-silina-publice-tiktok-video-bet-cilveki-pamana-vienu-detalu-kas-liek-uzdot-jautajumu-vai-tas-ir-cirks-2","status":"publish","type":"post","link":"https:\/\/www.europesays.com\/lv\/34791\/","title":{"rendered":"VIDEO. Evika Sili\u0146a public\u0113 \u201cTikTok\u201d video, bet cilv\u0113ki pamana vienu deta\u013cu, kas liek uzdot jaut\u0101jumu, vai tas ir cirks"},"content":{"rendered":"<p>    <img decoding=\"async\" src=\"https:\/\/lastatic.ams3.cdn.digitaloceanspaces.com\/2025\/10\/Untitled-1500-x-1000-px-2025-10-29T182031.791-1024x683.jpg\" alt=\"&#10;\"\/><\/p>\n<p>1991. gada barik\u0101\u017eu dal\u012bbnieku biedr\u012bbai par ilggad\u0113ju un noz\u012bm\u012bgu ieguld\u012bjumu v\u0113sturisk\u0101s atmi\u0146as saglab\u0101\u0161an\u0101 un demokr\u0101tijas stiprin\u0101\u0161an\u0101 pie\u0161\u0137irs Ministru kabineta balvu, otrdien nol\u0113ma vald\u012bba. \u0160ie ir tikai vieni no laure\u0101tiem un premjere Evika Sili\u0146a \u0161odien sav\u0101 \u201cTik tok\u201d kont\u0101 ievietoja video, kur r\u0101da, ka pirms \u0161\u012b l\u0113muma katram laure\u0101tam person\u012bgi piezvan\u012bjusi. <\/p>\n<p>        Las\u012bt\u0101kie<br \/>\n        <a data-imagesrc=\"{&quot;300&quot;:&quot;https:\\\/\\\/lastatic.ams3.cdn.digitaloceanspaces.com\\\/2022\\\/11\\\/0A0A5710-300x200.jpg&quot;,&quot;1024&quot;:&quot;https:\\\/\\\/lastatic.ams3.cdn.digitaloceanspaces.com\\\/2022\\\/11\\\/0A0A5710-1024x683.jpg&quot;,&quot;768&quot;:&quot;https:\\\/\\\/lastatic.ams3.cdn.digitaloceanspaces.com\\\/2022\\\/11\\\/0A0A5710-768x512.jpg&quot;,&quot;200&quot;:&quot;https:\\\/\\\/lastatic.ams3.cdn.digitaloceanspaces.com\\\/2022\\\/11\\\/0A0A5710-200x133.jpg&quot;,&quot;400&quot;:&quot;https:\\\/\\\/lastatic.ams3.cdn.digitaloceanspaces.com\\\/2022\\\/11\\\/0A0A5710-400x267.jpg&quot;,&quot;500&quot;:&quot;https:\\\/\\\/lastatic.ams3.cdn.digitaloceanspaces.com\\\/2022\\\/11\\\/0A0A5710-500x333.jpg&quot;,&quot;800&quot;:&quot;https:\\\/\\\/lastatic.ams3.cdn.digitaloceanspaces.com\\\/2022\\\/11\\\/0A0A5710-800x533.jpg&quot;,&quot;1000&quot;:&quot;https:\\\/\\\/lastatic.ams3.cdn.digitaloceanspaces.com\\\/2022\\\/11\\\/0A0A5710-1000x667.jpg&quot;,&quot;1200&quot;:&quot;https:\\\/\\\/lastatic.ams3.cdn.digitaloceanspaces.com\\\/2022\\\/11\\\/0A0A5710.jpg&quot;}\" data-focuspoint=\"&quot;&quot;\" data-p=\"2457169\" href=\"https:\/\/www.la.lv\/vispar-vajadzetu-aizliegt-donu-un-vina-jauno-dziesmu-muzika-jaunakais-veikums-izraisa-negaiditu-sabiedribas-reakciju\" class=\"content-item lazy-load\" wp_automatic_readability=\"26.5\" rel=\"nofollow noopener\" target=\"_blank\"><\/p>\n<p>                                <img decoding=\"async\" src=\"\" alt=\"\" style=\"\" data-imageid=\"\"\/><\/p>\n<p>                                Kokteilis<\/p>\n<p>                                            \u201cVisp\u0101r vajadz\u0113tu aizliegt Donu un vi\u0146a jauno dziesmu\u2026\u201d M\u016bzi\u0137a jaun\u0101kais veikums izraisa negaid\u012btu sabiedr\u012bbas reakciju<\/p>\n<p><\/a><a data-imagesrc=\"{&quot;300&quot;:&quot;https:\\\/\\\/lastatic.ams3.cdn.digitaloceanspaces.com\\\/2019\\\/10\\\/skorpions2-300x196.jpg&quot;,&quot;768&quot;:&quot;https:\\\/\\\/lastatic.ams3.cdn.digitaloceanspaces.com\\\/2019\\\/10\\\/skorpions2-768x501.jpg&quot;,&quot;1024&quot;:&quot;https:\\\/\\\/lastatic.ams3.cdn.digitaloceanspaces.com\\\/2019\\\/10\\\/skorpions2-1024x668.jpg&quot;,&quot;200&quot;:&quot;https:\\\/\\\/lastatic.ams3.cdn.digitaloceanspaces.com\\\/2019\\\/10\\\/skorpions2-200x131.jpg&quot;,&quot;400&quot;:&quot;https:\\\/\\\/lastatic.ams3.cdn.digitaloceanspaces.com\\\/2019\\\/10\\\/skorpions2-400x261.jpg&quot;,&quot;500&quot;:&quot;https:\\\/\\\/lastatic.ams3.cdn.digitaloceanspaces.com\\\/2019\\\/10\\\/skorpions2-500x326.jpg&quot;,&quot;800&quot;:&quot;https:\\\/\\\/lastatic.ams3.cdn.digitaloceanspaces.com\\\/2019\\\/10\\\/skorpions2-800x522.jpg&quot;,&quot;1000&quot;:&quot;https:\\\/\\\/lastatic.ams3.cdn.digitaloceanspaces.com\\\/2019\\\/10\\\/skorpions2-1000x653.jpg&quot;,&quot;1290&quot;:&quot;https:\\\/\\\/lastatic.ams3.cdn.digitaloceanspaces.com\\\/2019\\\/10\\\/skorpions2.jpg&quot;}\" data-focuspoint=\"&quot;&quot;\" data-p=\"1443940\" href=\"https:\/\/www.la.lv\/3-specigas-raganas-saskana-ar-zodiaka-zimi-strideties-ar-vinam-ir-bistami\" class=\"content-item lazy-load\" wp_automatic_readability=\"26\" rel=\"nofollow noopener\" target=\"_blank\"><\/p>\n<p>                                <img decoding=\"async\" src=\"\" alt=\"\" style=\"\" data-imageid=\"\"\/><\/p>\n<p>                                Kokteilis<\/p>\n<p>\n                                                3 sp\u0113c\u012bgas raganas saska\u0146\u0101 ar zodiaka z\u012bmi: str\u012bd\u0113ties ar vi\u0146\u0101m ir b\u012bstami\n                            <\/p>\n<p><\/a><a data-imagesrc=\"{&quot;300&quot;:&quot;https:\\\/\\\/lastatic.ams3.cdn.digitaloceanspaces.com\\\/2024\\\/01\\\/LET_24751137-1-300x205.jpg&quot;,&quot;768&quot;:&quot;https:\\\/\\\/lastatic.ams3.cdn.digitaloceanspaces.com\\\/2024\\\/01\\\/LET_24751137-1-768x524.jpg&quot;,&quot;200&quot;:&quot;https:\\\/\\\/lastatic.ams3.cdn.digitaloceanspaces.com\\\/2024\\\/01\\\/LET_24751137-1-200x136.jpg&quot;,&quot;400&quot;:&quot;https:\\\/\\\/lastatic.ams3.cdn.digitaloceanspaces.com\\\/2024\\\/01\\\/LET_24751137-1-400x273.jpg&quot;,&quot;500&quot;:&quot;https:\\\/\\\/lastatic.ams3.cdn.digitaloceanspaces.com\\\/2024\\\/01\\\/LET_24751137-1-500x341.jpg&quot;,&quot;800&quot;:&quot;https:\\\/\\\/lastatic.ams3.cdn.digitaloceanspaces.com\\\/2024\\\/01\\\/LET_24751137-1-800x546.jpg&quot;,&quot;1000&quot;:&quot;https:\\\/\\\/lastatic.ams3.cdn.digitaloceanspaces.com\\\/2024\\\/01\\\/LET_24751137-1.jpg&quot;}\" data-focuspoint=\"{&quot;x&quot;:&quot;48.60395591211969&quot;,&quot;y&quot;:&quot;41.41964197496676&quot;}\" data-p=\"2457310\" href=\"https:\/\/www.la.lv\/latvija-plano-ieviest-cukura-nodokli-nosauc-pirmas-preces-kuram-pavisam-driz-strauji-mainisies-cena\" class=\"content-item lazy-load\" wp_automatic_readability=\"27\" rel=\"nofollow noopener\" target=\"_blank\"><\/p>\n<p>                                <img decoding=\"async\" src=\"\" alt=\"\" style=\"object-position: 48.60395591211969% 41.41964197496676%\" data-imageid=\"\"\/><\/p>\n<p>\n                                                Latvij\u0101 pl\u0101no ieviest \u201ccukura nodokli\u201d: nosauc pirm\u0101s preces, kur\u0101m pavisam dr\u012bz strauji main\u012bsies cena<\/p>\n<p><\/a><br \/>\n        <a class=\"read-more\" href=\"https:\/\/www.la.lv\/top\" rel=\"nofollow noopener\" target=\"_blank\">Las\u012bt citas zi\u0146as<\/a><\/p>\n<p>\u201cVald\u012bb\u0101 pie\u0146\u0113m\u0101m ar\u012b l\u0113mumu par Ministru kabineta balvas 2025. gada laure\u0101tiem. Man bija patiess prieks katru no vi\u0146iem personiski uzrun\u0101t un sveikt ar \u0161o atzin\u012bbu, k\u0101 ar\u012b uzaicin\u0101t uz apbalvo\u0161anas ceremoniju,\u201d Sili\u0146a pie video raksta.<\/p>\n<blockquote class=\"tiktok-embed\" cite=\"https:\/\/www.tiktok.com\/@evikasilina\/video\/7566619306230959382\" data-video-id=\"7566619306230959382\" style=\"max-width: 605px;min-width: 325px;\" wp_automatic_readability=\"5.3654545454545\"><p>\n <a target=\"_blank\" title=\"@evikasilina\" href=\"https:\/\/www.tiktok.com\/@evikasilina?refer=embed\" rel=\"noopener nofollow\">@evikasilina<\/a> <\/p>\n<p>Vald\u012bb\u0101 pie\u0146\u0113m\u0101m ar\u012b l\u0113mumu par Ministru kabineta balvas 2025. gada laure\u0101tiem. Man bija patiess prieks katru no vi\u0146iem personiski uzrun\u0101t un sveikt ar \u0161o atzin\u012bbu, k\u0101 ar\u012b uzaicin\u0101t uz apbalvo\u0161anas ceremoniju.<\/p>\n<p> <a target=\"_blank\" title=\"\u266c original sound - Evika Sili\u0146a\" href=\"https:\/\/www.tiktok.com\/music\/original-sound-7566619308218911510?refer=embed\" rel=\"noopener nofollow\">\u266c original sound \u2013 Evika Sili\u0146a<\/a> <\/p>\n<\/blockquote>\n<p>    CITI \u0160OBR\u012aD LASA<\/p>\n<p>Koment\u0101ros gan \u013caudis izsak\u0101s visai negat\u012bvi. Viens no koment\u0113t\u0101jiem nor\u0101da, ka, run\u0101jot pa telefonu, tas paliek iesl\u0113gts, bet Sili\u0146a telefons bija tum\u0161s, vai iefilm\u0113t\u0101 saruna bija te\u0101tris? <\/p>\n<blockquote class=\"twitter-tweet\" wp_automatic_readability=\"5.7748344370861\">\n<p lang=\"lv\" dir=\"ltr\">Vi\u0146a nevar beigt \u0161o m\u0101\u017eo\u0161anos un cirka \u0161ovu r\u012bkot? <a href=\"https:\/\/t.co\/BIhJjBcVjI\" rel=\"nofollow\">pic.twitter.com\/BIhJjBcVjI<\/a><\/p>\n<p>\u2014 Rabarbarzs \ud83c\uddf1\ud83c\uddfb\ud83c\uddfa\ud83c\udde6\u270c\ufe0f (@Tuksumsz) <a href=\"https:\/\/twitter.com\/Tuksumsz\/status\/1983533150321119314?ref_src=twsrc%5Etfw\" rel=\"nofollow noopener\" target=\"_blank\">October 29, 2025<\/a><\/p>\n<\/blockquote>\n<blockquote class=\"twitter-tweet\" wp_automatic_readability=\"9.9383259911894\">\n<p lang=\"lv\" dir=\"ltr\">T\u0101 nabaga sieviete apzin\u0101s, ka nav atblo\u0137\u0113jusi telefonu un ievad\u012bjusi numuru, pirms s\u0101kt sarunu?<br \/>Ja telefonu atblo\u0137\u0113 un lieto sarunai, tas k\u013c\u016bst gai\u0161s\u2026. <a href=\"https:\/\/t.co\/R0bemGO2wm\" rel=\"nofollow\">https:\/\/t.co\/R0bemGO2wm<\/a><\/p>\n<p>\u2014 Ilze (@Jenotsons) <a href=\"https:\/\/twitter.com\/Jenotsons\/status\/1983538973021458905?ref_src=twsrc%5Etfw\" rel=\"nofollow noopener\" target=\"_blank\">October 29, 2025<\/a><\/p>\n<\/blockquote>\n<blockquote class=\"twitter-tweet\" data-conversation=\"none\" wp_automatic_readability=\"13.323262839879\">\n<p lang=\"lv\" dir=\"ltr\">Bi\u0161k apgreidots video, laikam Sili\u0146a nevar\u0113ja \u012bstos v\u0101rdus piemekl\u0113t. Visp\u0101r, run\u0101 ka \u0161\u012b b\u016btne neesot ar izcilu pr\u0101tu apvelt\u012bta, bet kaut k\u0101 jau ir j\u0101uzpuc\u0113 Vienot\u012bbas papluku\u0161\u0101s spalvas \ud83d\ude42 K\u0101 Latvija non\u0101ca l\u012bdz \u0161\u0101dai premjerei?<\/p>\n<p>\u2014 Man pat\u012bk ka\u0137i, un varb\u016bt 3 cilv\u0113ki (@queenta1306) <a href=\"https:\/\/twitter.com\/queenta1306\/status\/1983550037729701980?ref_src=twsrc%5Etfw\" rel=\"nofollow noopener\" target=\"_blank\">October 29, 2025<\/a><\/p>\n<\/blockquote>\n<blockquote class=\"twitter-tweet\" data-conversation=\"none\" wp_automatic_readability=\"7.7899159663866\">\n<p lang=\"lv\" dir=\"ltr\">Ja pa telefonu tie\u0161\u0101m run\u0101, tas ir izgaismots gai\u0161s visas sarunas laik\u0101\u2026.<\/p>\n<p>\u2014 Ilze (@Jenotsons) <a href=\"https:\/\/twitter.com\/Jenotsons\/status\/1983535840249921775?ref_src=twsrc%5Etfw\" rel=\"nofollow noopener\" target=\"_blank\">October 29, 2025<\/a><\/p>\n<\/blockquote>\n<blockquote class=\"twitter-tweet\" data-conversation=\"none\" wp_automatic_readability=\"4.3448275862069\">\n<p lang=\"en\" dir=\"ltr\">Cringe.<\/p>\n<p>\u2014 Kaspars Hercmanis (@KasparsH) <a href=\"https:\/\/twitter.com\/KasparsH\/status\/1983559550449119678?ref_src=twsrc%5Etfw\" rel=\"nofollow noopener\" target=\"_blank\">October 29, 2025<\/a><\/p>\n<\/blockquote>\n<p>Jaut\u0101j\u0101m m\u0101ksl\u012bgajam intelektam, k\u0101 tad ir, vai telefona ekr\u0101ns patie\u0161\u0101m paliek iesl\u0113gts visas sarunas laik\u0101, vai ir iesp\u0113jams uzst\u0101d\u012bt ier\u012bci t\u0101, ka ekr\u0101ns izsl\u0113dzas \u2013 tas pier\u0101d\u012btu, ka Sili\u0146a tom\u0113r video net\u0113lo sarunu. <\/p>\n<p>Run\u0101jot pa telefonu, ekr\u0101ns parasti nepaliek iesl\u0113gts visu laiku. L\u016bk, k\u0101 tas darbojas: Kad pace\u013c zvanu un pieliek telefonu pie auss, tuvuma sensors (proximity sensor) autom\u0101tiski izsl\u0113dz ekr\u0101nu, lai taup\u012btu bateriju un lai net\u012b\u0161\u0101m nenospie\u017e pogas ar vaigu vai ausi.<\/p>\n<p>Kad novel telefonu no auss, ekr\u0101ns parasti iesl\u0113dzas atkal, piem\u0113ram, ja gribi p\u0101rsl\u0113gt uz ska\u013cruni, p\u0101rbaud\u012bt numuru u.c. Ja telefons ir sal\u016bzis vai tuvuma sensors ir nosedzies (piem\u0113ram, ar net\u012brumiem vai v\u0101ci\u0146u), ekr\u0101ns var nedarboties pareizi \u2013 palikt tum\u0161s vai, glu\u017ei otr\u0101di, neizsl\u0113gties.<\/p>\n<p>Da\u017eas lietotnes vai zvanu re\u017e\u012bmi var uzvesties at\u0161\u0137ir\u012bgi, piem\u0113ram, VoIP zvani (WhatsApp, Telegram) var ne vienm\u0113r izsl\u0113gt ekr\u0101nu.<\/p>\n<p>Tas noz\u012bm\u0113, ka paties\u012bbu zina vien pati premjere, vai \u0161\u012bs sarunas patiesas vai tikai teatr\u0101ls priek\u0161nesums. <\/p>\n<p>Jau zi\u0146ots, ka balvu pie\u0161\u0137irs Latvijas Universit\u0101tes (LU) Cietvielu fizikas instit\u016bta vado\u0161ajam p\u0113tniekam, direktora vietniekam zin\u0101tnes jom\u0101 un Latvijas Zin\u0101t\u0146u akad\u0113mijas viceprezidentam, habilit\u0113tajam fizikas doktoram, akad\u0113mi\u0137im Andrim \u0160ternbergam par izcilu ieguld\u012bjumu Latvijas zin\u0101tnes att\u012bst\u012bb\u0101 materi\u0101lzin\u0101tnes un nanotehnolo\u0123iju jom\u0101.<\/p>\n<p>Balvu sa\u0146ems ar\u012b v\u0113sturnieks, muzeja \u201cEbreji Latvij\u0101\u201d dibin\u0101t\u0101js un ilggad\u0113js vad\u012bt\u0101js Mar\u0123ers Vestermanis par m\u016b\u017ea ieguld\u012bjumu Latvijas ebreju kopienas un holokausta v\u0113stures izp\u0113t\u0113, piemi\u0146as saglab\u0101\u0161an\u0101 un sabiedr\u012bbas v\u0113sturisk\u0101s atmi\u0146as stiprin\u0101\u0161an\u0101.<\/p>\n<p>Vald\u012bba l\u0113ma Ministru kabineta balvu pie\u0161\u0137irt ar\u012b nodibin\u0101jumam \u201cLikte\u0146d\u0101rza fonds\u201d par noz\u012bm\u012bgu ieguld\u012bjumu Latvijas nacion\u0101l\u0101s identit\u0101tes stiprin\u0101\u0161an\u0101, fotom\u0101ksliniekam Gun\u0101ram Bindem par izcilu ieguld\u012bjumu Latvijas fotom\u0101kslas veido\u0161an\u0101 un populariz\u0113\u0161an\u0101 starptautisk\u0101 m\u0113rog\u0101, k\u0101 ar\u012b LU Humanit\u0101ro zin\u0101t\u0146u fakult\u0101tes vado\u0161ajai p\u0113tniecei, akad\u0113mi\u0137ei, profesorei Jan\u012bnai Kurs\u012btei-Pakulei par izcilu ieguld\u012bjumu latvie\u0161u folkloras un kult\u016bras izp\u0113t\u0113 un populariz\u0113\u0161an\u0101.<\/p>\n<p>Ministru kabineta balvu pie\u0161\u0137ir, lai nov\u0113rt\u0113tu personu ieguld\u012bjumu demokr\u0101tiskas un tiesiskas Latvijas valsts att\u012bst\u012bb\u0101, noz\u012bm\u012bgu darb\u012bbu saimnieciskaj\u0101 vai sabiedriskaj\u0101 jom\u0101 vai nopelnus cit\u0101s valstij noz\u012bm\u012bg\u0101s darb\u012bbas jom\u0101s.<\/p>\n<p>P\u0113c noteikumiem \u201cK\u0101rt\u012bba, k\u0101d\u0101 dibin\u0101mi valsts instit\u016bciju un pa\u0161vald\u012bbu apbalvojumi\u201d, balvas sa\u0146\u0113m\u0113jiem pien\u0101ksies Ministru kabineta Goda diploms, Ministru kabineta balvas kr\u016b\u0161u noz\u012bm\u012bte un naudas balva 10 000 eiro apm\u0113r\u0101.<\/p>\n<p>Ministru kabineta balvu iedibin\u0101ja 1995. gad\u0101, p\u0113c Latvijas neatkar\u012bbas atjauno\u0161anas, simboliski atjaunojot T\u0113vzemes balvu, ko 1937. gad\u0101 izveidoja prezidents K\u0101rlis Ulmanis. Ierosin\u0101jumus Ministru kabineta balvai ik gadu l\u012bdz 15. septembrim var iesniegt gan vald\u012bbas locek\u013ci, gan pa\u0161vald\u012bbas un nevalstisk\u0101s organiz\u0101cijas, un tos izskata Ministru kabineta Apbalvo\u0161anas padome. Inform\u0101cija par iepriek\u0161\u0113jo gadu balvas sa\u0146\u0113m\u0113jiem pieejama Valsts kancelejas m\u0101jaslap\u0101.<\/p>\n<p>T\u0113mas<\/p>\n<p>    SAIST\u012aTIE RAKSTI<\/p>\n<p>                            <script async src=\"https:\/\/platform.twitter.com\/widgets.js\" charset=\"utf-8\"><\/script><script async src=\"\/\/www.tiktok.com\/embed.js\"><\/script><\/p>\n","protected":false},"excerpt":{"rendered":"1991. gada barik\u0101\u017eu dal\u012bbnieku biedr\u012bbai par ilggad\u0113ju un noz\u012bm\u012bgu ieguld\u012bjumu v\u0113sturisk\u0101s atmi\u0146as saglab\u0101\u0161an\u0101 un demokr\u0101tijas stiprin\u0101\u0161an\u0101 pie\u0161\u0137irs Ministru&hellip;\n","protected":false},"author":2,"featured_media":34555,"comment_status":"","ping_status":"","sticky":false,"template":"","format":"standard","meta":{"footnotes":""},"categories":[12],"tags":[23,28,29,32,33,22,30,31,35,39,38,36,37,34,40,20,26,27,24,25,21],"class_list":{"0":"post-34791","1":"post","2":"type-post","3":"status-publish","4":"format-standard","5":"has-post-thumbnail","7":"category-latvija","8":"tag-aktualitates","9":"tag-breaking-news","10":"tag-breakingnews","11":"tag-featured-news","12":"tag-featurednews","13":"tag-headlines","14":"tag-latest-news","15":"tag-latestnews","16":"tag-latvia","17":"tag-latvian","18":"tag-latviesu","19":"tag-latviesu-valoda","20":"tag-latviesuvaloda","21":"tag-latvija","22":"tag-lv","23":"tag-news","24":"tag-popularakas-zinas","25":"tag-popularakaszinas","26":"tag-top-stories","27":"tag-topstories","28":"tag-zinas"},"share_on_mastodon":{"url":"https:\/\/pubeurope.com\/@lv\/115460667057087078","error":""},"_links":{"self":[{"href":"https:\/\/www.europesays.com\/lv\/wp-json\/wp\/v2\/posts\/34791","targetHints":{"allow":["GET"]}}],"collection":[{"href":"https:\/\/www.europesays.com\/lv\/wp-json\/wp\/v2\/posts"}],"about":[{"href":"https:\/\/www.europesays.com\/lv\/wp-json\/wp\/v2\/types\/post"}],"author":[{"embeddable":true,"href":"https:\/\/www.europesays.com\/lv\/wp-json\/wp\/v2\/users\/2"}],"replies":[{"embeddable":true,"href":"https:\/\/www.europesays.com\/lv\/wp-json\/wp\/v2\/comments?post=34791"}],"version-history":[{"count":0,"href":"https:\/\/www.europesays.com\/lv\/wp-json\/wp\/v2\/posts\/34791\/revisions"}],"wp:featuredmedia":[{"embeddable":true,"href":"https:\/\/www.europesays.com\/lv\/wp-json\/wp\/v2\/media\/34555"}],"wp:attachment":[{"href":"https:\/\/www.europesays.com\/lv\/wp-json\/wp\/v2\/media?parent=34791"}],"wp:term":[{"taxonomy":"category","embeddable":true,"href":"https:\/\/www.europesays.com\/lv\/wp-json\/wp\/v2\/categories?post=34791"},{"taxonomy":"post_tag","embeddable":true,"href":"https:\/\/www.europesays.com\/lv\/wp-json\/wp\/v2\/tags?post=34791"}],"curies":[{"name":"wp","href":"https:\/\/api.w.org\/{rel}","templated":true}]}}