{"id":34821,"date":"2025-10-30T04:07:09","date_gmt":"2025-10-30T04:07:09","guid":{"rendered":"https:\/\/www.europesays.com\/lv\/34821\/"},"modified":"2025-10-30T04:07:09","modified_gmt":"2025-10-30T04:07:09","slug":"vef-riga-zaude-ari-fiba-cempionu-ligas-tresaja-spele-2","status":"publish","type":"post","link":"https:\/\/www.europesays.com\/lv\/34821\/","title":{"rendered":"&#8220;VEF R\u012bga&#8221; zaud\u0113 ar\u012b FIBA \u010cempionu l\u012bgas tre\u0161aj\u0101 sp\u0113l\u0113"},"content":{"rendered":"<p>&#8220;VEF R\u012bga&#8221; komanda tre\u0161dien Mi\u0161kolc\u0101 piedz\u012bvoja zaud\u0113jumu ar\u012b tre\u0161aj\u0101 Starptautisk\u0101s Basketbola feder\u0101cijas (FIBA) \u010cempionu l\u012bgas pamatturn\u012bra sp\u0113l\u0113.<\/p>\n<p>R\u012bdzinieki viesos ar rezult\u0101tu 76:77 (19:16, 20:26, 17:24, 20:11) zaud\u0113ja Ung\u0101rijas komandai &#8220;Szolnoki&#8221;.<\/p>\n<p>Viesiem pa 18 punktiem guva Zahirs Porters un I\u013cja Sidorovs, bet 14 punkti un 14 atl\u0113ku\u0161\u0101s bumbas bija Arnaldo Toro. Uzvar\u0113t\u0101jiem ar 21 punktu rezultat\u012bv\u0101kais bija Tam\u0101\u0161s Pallai, kam\u0113r 17 punktus guva un 12 rezultat\u012bvas piesp\u0113les atdeva \u0100dams \u0160omo\u0123i.<\/p>\n<p>&#8220;VEF R\u012bga&#8221; tre\u0161aj\u0101 ceturtda\u013c\u0101 paman\u012bj\u0101s non\u0101kt iedzin\u0113jos ar m\u012bnus 13 punktiem, ta\u010du atsp\u0113l\u0113j\u0101s un nepilnas tr\u012bs min\u016btes pirms pamatlaika beig\u0101m Porters pirmo reizi otraj\u0101 puslaik\u0101 nodro\u0161in\u0101ja vad\u012bbu viesiem. M\u0101jinieki ar soda metieniem pan\u0101ca izl\u012bdzin\u0101jumu un v\u0113l\u0101k ar\u012b atguva vad\u012bbu.<\/p>\n<p>50 sekundes pirms pamatlaika beig\u0101m Rostislavam Novickim ar soda metieniem bija iesp\u0113ja pan\u0101kt neiz\u0161\u0137irtu, ta\u010du pirmais vi\u0146a metiens nesasniedza m\u0113r\u0137i, t\u0101d\u0113j\u0101di &#8220;Szolnoki&#8221; palika vad\u012bb\u0101. P\u0113d\u0113j\u0101s sekund\u0113s m\u0101jinieki liedza &#8220;VEF R\u012bga&#8221; komandai izraut uzvaru.<\/p>\n<p>F grup\u0101 p\u0113c tr\u012bs sp\u0113l\u0113m At\u0113nu AEK ir tr\u012bs uzvaras, &#8220;Szolnoki&#8221; guvu\u0161i divus pan\u0101kumus, Levices &#8220;Patrioti&#8221; uzvar\u0113jusi vien\u0101 ma\u010d\u0101, bet &#8220;VEF R\u012bga&#8221; cietusi tr\u012bs zaud\u0113jumus.<\/p>\n<p>Pirmaj\u0101 F grupas c\u012b\u0146\u0101 sav\u0101 laukum\u0101 &#8220;vefie\u0161i&#8221; ar 53:69 piek\u0101p\u0101s At\u0113nu AEK, bet otraj\u0101 ar 73:92 zaud\u0113ja kvalifik\u0101ciju p\u0101rvar\u0113ju\u0161ajai Slov\u0101kijas vien\u012bbai Levices &#8220;Patrioti&#8221;.<\/p>\n<p>&#8220;Szolnoki&#8221; m\u0101j\u0101s ar 84:54 p\u0101rsp\u0113ja &#8220;Patrioti&#8221; vien\u012bbu un viesos ar 77:91 piek\u0101p\u0101s AEK.<\/p>\n<p>Iepriek\u0161\u0113j\u0101 sezon\u0101 &#8220;VEF R\u012bga&#8221; sav\u0101 sestaj\u0101 \u010cempionu l\u012bgas sezon\u0101 netika t\u0101l\u0101k par pirmo posmu, ie\u0146emot p\u0113d\u0113jo vietu grup\u0101, kur\u0101 bija j\u0101tiekas ar AEK, Bonnas &#8220;Telekom&#8221; un Izra\u0113las komandu Ramatganas &#8220;Maccabi&#8221;, bet Ung\u0101rijas komanda FIBA Eiropas kausa grup\u0101 piedz\u012bvoja se\u0161us zaud\u0113jumu sp\u0113l\u0113s ar Saloniku PAOK, &#8220;Porto&#8221; no Portug\u0101les un Be\u013c\u0123ijas vien\u012bbu Haseltas &#8220;Hubo Limburg United&#8221; un n\u0101kamaj\u0101 sacens\u012bbu k\u0101rt\u0101 neiek\u013cuva.<\/p>\n<p>Pamatturn\u012bra pirmaj\u0101 posm\u0101 32 komandas ir sadal\u012btas asto\u0146\u0101s apak\u0161grup\u0101s. Grupu uzvar\u0113t\u0101jas nodro\u0161ina vietu otraj\u0101 posm\u0101, bet v\u0113l asto\u0146as komandas tiks noskaidrotas &#8220;play-in&#8221; k\u0101rt\u0101, kur\u0101 piedal\u012bsies otro un tre\u0161o vietu grup\u0101s ie\u0146\u0113mu\u0161\u0101s vien\u012bbas. P\u0113d\u0113jo vietu grup\u0101s ie\u0146\u0113mu\u0161aj\u0101m komand\u0101m turn\u012brs b\u016bs beidzies.<\/p>\n<p>Iepriek\u0161\u0113j\u0101 sezon\u0101 turn\u012br\u0101 otro gadu p\u0113c k\u0101rtas uzvar\u0113ja Malagas &#8220;Unicaja&#8221;, kas fin\u0101l\u0101 ar 83:67 p\u0101rsp\u0113ja Stambulas &#8220;Galatasaray&#8221; basketbolistus.<\/p>\n","protected":false},"excerpt":{"rendered":"&#8220;VEF R\u012bga&#8221; komanda tre\u0161dien Mi\u0161kolc\u0101 piedz\u012bvoja zaud\u0113jumu ar\u012b tre\u0161aj\u0101 Starptautisk\u0101s Basketbola feder\u0101cijas (FIBA) \u010cempionu l\u012bgas pamatturn\u012bra sp\u0113l\u0113. R\u012bdzinieki&hellip;\n","protected":false},"author":2,"featured_media":34822,"comment_status":"","ping_status":"","sticky":false,"template":"","format":"standard","meta":{"footnotes":""},"categories":[17],"tags":[129,126,3769,35,39,38,36,37,34,40,3770,127,67,3771,128],"class_list":{"0":"post-34821","1":"post","2":"type-post","3":"status-publish","4":"format-standard","5":"has-post-thumbnail","7":"category-sports","8":"tag-__typenameadvicekeyword","9":"tag-id770","10":"tag-id813","11":"tag-latvia","12":"tag-latvian","13":"tag-latviesu","14":"tag-latviesu-valoda","15":"tag-latviesuvaloda","16":"tag-latvija","17":"tag-lv","18":"tag-slugbasketbols","19":"tag-slugsports","20":"tag-sports","21":"tag-titlebasketbols","22":"tag-titlesports"},"share_on_mastodon":{"url":"https:\/\/pubeurope.com\/@lv\/115461150700833732","error":""},"_links":{"self":[{"href":"https:\/\/www.europesays.com\/lv\/wp-json\/wp\/v2\/posts\/34821","targetHints":{"allow":["GET"]}}],"collection":[{"href":"https:\/\/www.europesays.com\/lv\/wp-json\/wp\/v2\/posts"}],"about":[{"href":"https:\/\/www.europesays.com\/lv\/wp-json\/wp\/v2\/types\/post"}],"author":[{"embeddable":true,"href":"https:\/\/www.europesays.com\/lv\/wp-json\/wp\/v2\/users\/2"}],"replies":[{"embeddable":true,"href":"https:\/\/www.europesays.com\/lv\/wp-json\/wp\/v2\/comments?post=34821"}],"version-history":[{"count":0,"href":"https:\/\/www.europesays.com\/lv\/wp-json\/wp\/v2\/posts\/34821\/revisions"}],"wp:featuredmedia":[{"embeddable":true,"href":"https:\/\/www.europesays.com\/lv\/wp-json\/wp\/v2\/media\/34822"}],"wp:attachment":[{"href":"https:\/\/www.europesays.com\/lv\/wp-json\/wp\/v2\/media?parent=34821"}],"wp:term":[{"taxonomy":"category","embeddable":true,"href":"https:\/\/www.europesays.com\/lv\/wp-json\/wp\/v2\/categories?post=34821"},{"taxonomy":"post_tag","embeddable":true,"href":"https:\/\/www.europesays.com\/lv\/wp-json\/wp\/v2\/tags?post=34821"}],"curies":[{"name":"wp","href":"https:\/\/api.w.org\/{rel}","templated":true}]}}