{"id":34904,"date":"2025-10-30T06:33:06","date_gmt":"2025-10-30T06:33:06","guid":{"rendered":"https:\/\/www.europesays.com\/lv\/34904\/"},"modified":"2025-10-30T06:33:06","modified_gmt":"2025-10-30T06:33:06","slug":"fdp-latvija-visparejas-valdibas-parads-uz-vienu-iedzivotaju-ir-10-600-eiro-dienas-bizness","status":"publish","type":"post","link":"https:\/\/www.europesays.com\/lv\/34904\/","title":{"rendered":"FDP: Latvij\u0101 visp\u0101r\u0113j\u0101s vald\u012bbas par\u0101ds uz vienu iedz\u012bvot\u0101ju ir 10 600 eiro :: Dienas Bizness"},"content":{"rendered":"<p class=\"text-font font-size--text-xlarge margin-3--bottom font-weight--bold padding-1--top\">Latvij\u0101 \u0161ogad j\u016bnija beig\u0101s Latvij\u0101 visp\u0101r\u0113j\u0101s vald\u012bbas par\u0101ds uz vienu iedz\u012bvot\u0101ju ir 10 600 eiro, liecina Fisk\u0101l\u0101s discipl\u012bnas padomes (FDP) publiskot\u0101 inform\u0101cija.<\/p>\n<p class=\"text-font font-size--text-xlarge margin-3--bottom\">P\u0101rr\u0113\u0137inot visp\u0101r\u0113j\u0101s vald\u012bbas par\u0101du uz vienu iedz\u012bvot\u0101ju, augst\u0101kais par\u0101da apm\u0113rs Eirop\u0101 bija Be\u013c\u0123ij\u0101 &#8211; 56 400 eiro, bet vismaz\u0101k par\u0101d\u0101 bija Bulg\u0101rijas un Igaunijas iedz\u012bvot\u0101ji &#8211; attiec\u012bgi 4400 eiro un 6900 eiro, inform\u0113 FDP.<\/p>\n<p class=\"text-font font-size--text-xlarge margin-3--bottom\">Latvija joproj\u0101m atrodas starp valst\u012bm ar sal\u012bdzino\u0161i zemu visp\u0101r\u0113j\u0101s vald\u012bbas par\u0101da l\u012bmeni &#8211; 48% no iek\u0161zemes kopprodukta (IKP), un izpilda M\u0101strihtas krit\u0113riju &#8211; uztur\u0113t par\u0101du zem 60% no IKP, inform\u0113 FDP.<\/p>\n<p class=\"text-font font-size--text-xlarge margin-3--bottom\">Par\u0101ds 2025. gadam prognoz\u0113ts 49% no IKP, bet turpm\u0101kajos gados paredzams strauj\u0101ks t\u0101 pieaugums &#8211; 2026. gad\u0101 par\u0101ds var\u0113tu sasniegt 51% no IKP, savuk\u0101rt 2027. un 2028. gad\u0101 &#8211; 55% no IKP.<\/p>\n<p class=\"text-font font-size--text-xlarge margin-3--bottom\">FDP nor\u0101da, ka ar\u012b par\u0101da apkalpo\u0161anas izdevumu \u012bpatsvars pret IKP turpin\u0101s pieaugt. Procentu maks\u0101jumi 2025. gad\u0101 pl\u0101noti 519 miljoni eiro jeb 1,2% no IKP, 2026. gad\u0101 &#8211; 617 miljoni eiro jeb 1,4% no IKP. No 2027. l\u012bdz 2028. gadam visp\u0101r\u0113j\u0101s vald\u012bbas bud\u017eeta procentu izdevumi veidos 1,5% no IKP, tom\u0113r nomin\u0101li tie turpin\u0101s pieaugt, sasniedzot 700 miljonus eiro 2027. gad\u0101 un 736 miljonus eiro 2028. gad\u0101.<\/p>\n<p class=\"text-font font-size--text-xlarge margin-3--bottom\">Starp Eiropas valst\u012bm liel\u0101kais par\u0101ds attiec\u012bb\u0101 pret IKP bija Grie\u0137ij\u0101 (151,2%), bet maz\u0101kais &#8211; Igaunij\u0101 (23,2%).<\/p>\n<p class=\"text-font font-size--text-xlarge margin-3--bottom\">FDP skaidro, ka septi\u0146\u0101s no 15 valst\u012bm, kuru par\u0101ds ir zem 60% no IKP jeb t\u0101 sauktaj\u0101s zem\u0101 par\u0101da valst\u012bs par\u0101da apm\u0113rs procentpunktos samazin\u0101jies, sal\u012bdzinot ar 2024. gada otro ceturksni. Liel\u0101kais samazin\u0101jums bija \u012arij\u0101 &#8211; par 7,2 procentpunktiem un D\u0101nij\u0101 &#8211; par 3,4 procentpunktiem. Vid\u0113ji \u0161aj\u0101s septi\u0146\u0101s valst\u012bs par\u0101ds otraj\u0101 ceturksn\u012b samazin\u0101j\u0101s par 2,1 procentpunktu.<\/p>\n<p class=\"text-font font-size--text-xlarge margin-3--bottom\">Savuk\u0101rt p\u0101r\u0113j\u0101s asto\u0146\u0101s zem\u0101 par\u0101da valst\u012bs par\u0101ds pieauga &#8211; vid\u0113ji par 3,1 procentpunktu.<\/p>\n<p class=\"text-font font-size--text-xlarge margin-3--bottom\">Augst\u0101 par\u0101da valst\u012bs (kop\u0101 13) par\u0101da apm\u0113rs procentpunktos samazin\u0101j\u0101s piec\u0101s no t\u0101m vid\u0113ji par 3,9 procentpunktiem. Liel\u0101kais samazin\u0101jums bija Grie\u0137ij\u0101 &#8211; par 8,9 procentpunktiem un Kipr\u0101 &#8211; par 6,5 procentpunktiem. Tom\u0113r asto\u0146\u0101s augst\u0101 par\u0101da valst\u012bs par\u0101ds pieauga vid\u0113ji par 2,4 procentpunktiem, tostarp Somij\u0101 &#8211; par 7,8 procentpunktiem, Francij\u0101 &#8211; par 3,5 procentpunktiem, Slov\u0101kij\u0101 &#8211; par 2,7 procentpunktiem un It\u0101lij\u0101 &#8211; par 2,3 procentpunktiem.<\/p>\n","protected":false},"excerpt":{"rendered":"Latvij\u0101 \u0161ogad j\u016bnija beig\u0101s Latvij\u0101 visp\u0101r\u0113j\u0101s vald\u012bbas par\u0101ds uz vienu iedz\u012bvot\u0101ju ir 10 600 eiro, liecina Fisk\u0101l\u0101s discipl\u012bnas&hellip;\n","protected":false},"author":2,"featured_media":34905,"comment_status":"","ping_status":"","sticky":false,"template":"","format":"standard","meta":{"footnotes":""},"categories":[14],"tags":[23,57,869,77,870,28,29,867,32,33,22,30,31,35,39,38,36,37,34,871,868,40,20,26,27,24,25,54,55,56,21,58],"class_list":{"0":"post-34904","1":"post","2":"type-post","3":"status-publish","4":"format-standard","5":"has-post-thumbnail","7":"category-zinas-no-arvalstim","8":"tag-aktualitates","9":"tag-arvalstim","10":"tag-biznesa-zinas","11":"tag-bizness","12":"tag-bizness-latvija","13":"tag-breaking-news","14":"tag-breakingnews","15":"tag-dienas-zinas","16":"tag-featured-news","17":"tag-featurednews","18":"tag-headlines","19":"tag-latest-news","20":"tag-latestnews","21":"tag-latvia","22":"tag-latvian","23":"tag-latviesu","24":"tag-latviesu-valoda","25":"tag-latviesuvaloda","26":"tag-latvija","27":"tag-latvijas-biznesa-zinas","28":"tag-latvijas-zinas","29":"tag-lv","30":"tag-news","31":"tag-popularakas-zinas","32":"tag-popularakaszinas","33":"tag-top-stories","34":"tag-topstories","35":"tag-world","36":"tag-world-news","37":"tag-worldnews","38":"tag-zinas","39":"tag-zinas-no-arvalstim"},"share_on_mastodon":{"url":"","error":"Validation failed: Text character limit of 500 exceeded"},"_links":{"self":[{"href":"https:\/\/www.europesays.com\/lv\/wp-json\/wp\/v2\/posts\/34904","targetHints":{"allow":["GET"]}}],"collection":[{"href":"https:\/\/www.europesays.com\/lv\/wp-json\/wp\/v2\/posts"}],"about":[{"href":"https:\/\/www.europesays.com\/lv\/wp-json\/wp\/v2\/types\/post"}],"author":[{"embeddable":true,"href":"https:\/\/www.europesays.com\/lv\/wp-json\/wp\/v2\/users\/2"}],"replies":[{"embeddable":true,"href":"https:\/\/www.europesays.com\/lv\/wp-json\/wp\/v2\/comments?post=34904"}],"version-history":[{"count":0,"href":"https:\/\/www.europesays.com\/lv\/wp-json\/wp\/v2\/posts\/34904\/revisions"}],"wp:featuredmedia":[{"embeddable":true,"href":"https:\/\/www.europesays.com\/lv\/wp-json\/wp\/v2\/media\/34905"}],"wp:attachment":[{"href":"https:\/\/www.europesays.com\/lv\/wp-json\/wp\/v2\/media?parent=34904"}],"wp:term":[{"taxonomy":"category","embeddable":true,"href":"https:\/\/www.europesays.com\/lv\/wp-json\/wp\/v2\/categories?post=34904"},{"taxonomy":"post_tag","embeddable":true,"href":"https:\/\/www.europesays.com\/lv\/wp-json\/wp\/v2\/tags?post=34904"}],"curies":[{"name":"wp","href":"https:\/\/api.w.org\/{rel}","templated":true}]}}