{"id":34914,"date":"2025-10-30T06:39:08","date_gmt":"2025-10-30T06:39:08","guid":{"rendered":"https:\/\/www.europesays.com\/lv\/34914\/"},"modified":"2025-10-30T06:39:08","modified_gmt":"2025-10-30T06:39:08","slug":"tramps-pavel-pentagonam-sakt-kodolierocu-izmeginajumus","status":"publish","type":"post","link":"https:\/\/www.europesays.com\/lv\/34914\/","title":{"rendered":"Tramps pav\u0113l Pentagonam s\u0101kt kodoliero\u010du izm\u0113\u0123in\u0101jumus"},"content":{"rendered":"<p>Tas notika da\u017eas min\u016btes pirms tam, kad Dienvidkorej\u0101 s\u0101k\u0101s Trampa un \u0136\u012bnas prezidenta Sji Dzji\u0146pina samits.<\/p>\n<p>Krievijas diktators Vladimirs Putins tre\u0161dien bija pazi\u0146ojis, ka Maskava ir veiksm\u012bgi izm\u0113\u0123in\u0101jusi kodolsp\u0113j\u012bgu, ar kodolener\u0123iju darbin\u0101mu zem\u016bdens dronu, neraugoties uz Va\u0161ingtonas br\u012bdin\u0101jumiem.<\/p>\n<p>&#8220;Citu valstu izm\u0113\u0123in\u0101jumu programmu d\u0113\u013c es esmu instru\u0113jis Kara ministriju s\u0101kt m\u016bsu kodoliero\u010du izm\u0113\u0123in\u0101\u0161anu uz vienl\u012bdz\u012bbas pamatiem,&#8221; Tramps rakst\u012bja soci\u0101lo mediju platform\u0101 &#8220;Truth Social&#8221;, konkr\u0113ti atsaucoties uz Krieviju un \u0136\u012bnu.<\/p>\n<blockquote class=\"quote ck-widget\" contenteditable=\"false\">\n<p>Tramps ar\u012b atz\u012bm\u0113ja, ka Savienotaj\u0101m Valst\u012bm ir vair\u0101k kodoliero\u010du nek\u0101 jebkurai citai valstij, un uzslav\u0113ja savus centienus veikt &#8220;past\u0101vo\u0161o iero\u010du piln\u012bgu moderniz\u0101ciju un renov\u0101ciju&#8221;.<\/p>\n<\/blockquote>\n<p>Vi\u0146\u0161 piebilda, ka kodoliero\u010du daudzuma zi\u0146\u0101 &#8220;Krievija ir otraj\u0101 viet\u0101 un \u0136\u012bna &#8211; t\u0101lu tre\u0161aj\u0101 viet\u0101, bet t\u0101s b\u016bs vienl\u012bdz\u012bgas [ar <a href=\"https:\/\/www.apollo.lv\/term\/555410\/asv\" class=\"topicLink\" target=\"_blank\" rel=\"nofollow noopener\">ASV<\/a>] piecu gadu laik\u0101&#8221;.<\/p>\n<p>Tramps nemin\u0113ja s\u012bk\u0101kas deta\u013cas par \u0161iem izm\u0113\u0123in\u0101jumiem, pasakot tikai to, ka &#8220;process s\u0101ksies nekav\u0113joties&#8221;.<\/p>\n<p>Trampa un Sji tik\u0161an\u0101s Dienvidkorej\u0101 aci pret aci notika pirmoreiz Trampa otr\u0101s prezident\u016bras laik\u0101.<\/p>\n","protected":false},"excerpt":{"rendered":"Tas notika da\u017eas min\u016btes pirms tam, kad Dienvidkorej\u0101 s\u0101k\u0101s Trampa un \u0136\u012bnas prezidenta Sji Dzji\u0146pina samits. Krievijas diktators&hellip;\n","protected":false},"author":2,"featured_media":34486,"comment_status":"","ping_status":"","sticky":false,"template":"","format":"standard","meta":{"footnotes":""},"categories":[14],"tags":[23,57,292,28,29,542,32,33,22,9483,30,31,35,39,38,36,37,34,40,20,26,27,24,25,54,55,56,21,58],"class_list":{"0":"post-34914","1":"post","2":"type-post","3":"status-publish","4":"format-standard","5":"has-post-thumbnail","7":"category-zinas-no-arvalstim","8":"tag-aktualitates","9":"tag-arvalstim","10":"tag-asv","11":"tag-breaking-news","12":"tag-breakingnews","13":"tag-donalds-tramps","14":"tag-featured-news","15":"tag-featurednews","16":"tag-headlines","17":"tag-kodolieroci","18":"tag-latest-news","19":"tag-latestnews","20":"tag-latvia","21":"tag-latvian","22":"tag-latviesu","23":"tag-latviesu-valoda","24":"tag-latviesuvaloda","25":"tag-latvija","26":"tag-lv","27":"tag-news","28":"tag-popularakas-zinas","29":"tag-popularakaszinas","30":"tag-top-stories","31":"tag-topstories","32":"tag-world","33":"tag-world-news","34":"tag-worldnews","35":"tag-zinas","36":"tag-zinas-no-arvalstim"},"share_on_mastodon":{"url":"https:\/\/pubeurope.com\/@lv\/115461748349936314","error":""},"_links":{"self":[{"href":"https:\/\/www.europesays.com\/lv\/wp-json\/wp\/v2\/posts\/34914","targetHints":{"allow":["GET"]}}],"collection":[{"href":"https:\/\/www.europesays.com\/lv\/wp-json\/wp\/v2\/posts"}],"about":[{"href":"https:\/\/www.europesays.com\/lv\/wp-json\/wp\/v2\/types\/post"}],"author":[{"embeddable":true,"href":"https:\/\/www.europesays.com\/lv\/wp-json\/wp\/v2\/users\/2"}],"replies":[{"embeddable":true,"href":"https:\/\/www.europesays.com\/lv\/wp-json\/wp\/v2\/comments?post=34914"}],"version-history":[{"count":0,"href":"https:\/\/www.europesays.com\/lv\/wp-json\/wp\/v2\/posts\/34914\/revisions"}],"wp:featuredmedia":[{"embeddable":true,"href":"https:\/\/www.europesays.com\/lv\/wp-json\/wp\/v2\/media\/34486"}],"wp:attachment":[{"href":"https:\/\/www.europesays.com\/lv\/wp-json\/wp\/v2\/media?parent=34914"}],"wp:term":[{"taxonomy":"category","embeddable":true,"href":"https:\/\/www.europesays.com\/lv\/wp-json\/wp\/v2\/categories?post=34914"},{"taxonomy":"post_tag","embeddable":true,"href":"https:\/\/www.europesays.com\/lv\/wp-json\/wp\/v2\/tags?post=34914"}],"curies":[{"name":"wp","href":"https:\/\/api.w.org\/{rel}","templated":true}]}}