{"id":34925,"date":"2025-10-30T06:47:17","date_gmt":"2025-10-30T06:47:17","guid":{"rendered":"https:\/\/www.europesays.com\/lv\/34925\/"},"modified":"2025-10-30T06:47:17","modified_gmt":"2025-10-30T06:47:17","slug":"latgales-pierobeza-iedzivotaju-skaita-sarukumu-vairs-nevar-apturet-daugavpili-10-gadu-laika-jaundzimuso-uz-pusi-mazak-raksts","status":"publish","type":"post","link":"https:\/\/www.europesays.com\/lv\/34925\/","title":{"rendered":"Latgales pierobe\u017e\u0101 iedz\u012bvot\u0101ju skaita sarukumu vairs nevar aptur\u0113t \u2013 Daugavpil\u012b 10 gadu laik\u0101 jaundzimu\u0161o uz pusi maz\u0101k \/ Raksts"},"content":{"rendered":"<p>Starp Latvijas re\u0123ioniem visvair\u0101k senioru ir Latgal\u0113 \u2013\u00a0katrs ceturtais iedz\u012bvot\u0101js ir vec\u0101ks par 65 gadiem, bet b\u0113rnu un pusaud\u017eu\u00a0ir vien 12,7 %. Iedz\u012bvot\u0101ju skaits Latgal\u0113 samazin\u0101s visstrauj\u0101k Latvij\u0101, mirst\u012bba p\u0101rsniedz dzimst\u012bbu, un aizbrauku\u0161o skaits ir liel\u0101ks par iebrauc\u0113ju. Mazie lauku ciemati, \u012bpa\u0161i pierobe\u017e\u0101, ac\u012bmredzami ar katru gadu paliek tuk\u0161\u0101ki.\u00a0<\/p>\n<p>Latgales pierobe\u017e\u0101 iedz\u012bvot\u0101ju skaita sarukumu vairs nevar aptur\u0113t<\/p>\n<p>00:00 \/ 05:44<\/p>\n<p>\t\t\t\t\t    <a class=\"player-download\" href=\"https:\/\/static.lsm.lv\/media\/2025\/10\/rw2h.mp3\" target=\"_blank\" rel=\"nofollow noopener\"> Lejupl\u0101d\u0113t<\/a><\/p>\n<p>L\u0101sma Zute-V\u012btola \/ Latvijas Radio<\/p>\n<p>Kr\u0101slavas novada Indras ciems atrodas blakus Baltkrievijai. Iesp\u0113jams, daudzi par Indru ir ko dzird\u0113ju\u0161i saist\u012bb\u0101 ar Laimes muzeju. To atv\u0113ra pirms septi\u0146iem gadiem, piel\u0101gojot neizmantoto luter\u0101\u0146u bazn\u012bcas \u0113ku. Muzeju sezon\u0101 apmekl\u0113 ap 3000 cilveku. Tas pa\u0161\u0101 pierobe\u017e\u0101 gan ar savu satura koncepciju, gan m\u016bsdien\u012bgo izskatu krasi at\u0161\u0137iras no t\u0101, kas notiek \u0101rpus Laimes muzeja telp\u0101m.\u00a0<\/p>\n<p>&#8220;Sav\u0101 laik\u0101 es nopirku m\u0101ju, lai p\u0101rceltos uz Indru, lai b\u0113rniem b\u016btu dz\u012bvo\u0161anai \u0113rta vide.\u00a0<\/p>\n<blockquote>\n<p>Ja tas notiktu tagad, nekad m\u016b\u017e\u0101 es nebrauktu uz Indru, jo skolas nav, aptiekas nav, pasta noda\u013cas nav, m\u0101kslas skola sl\u0113gta.\u00a0<\/p>\n<\/blockquote>\n<p>Es nedom\u0101ju, ka m\u0113s varam pievilin\u0101t k\u0101du jaunu \u0123imeni p\u0101rvietoties uz Indru,&#8221; atzina Laimes muzeja vad\u012bt\u0101ja Ilona Kangizere.\u00a0<\/p>\n<p><img decoding=\"async\" src=\"https:\/\/www.europesays.com\/lv\/wp-content\/uploads\/2025\/10\/rvyx.jpg\" alt=\"Laimes muzejs\"\/>Laimes muzejs<\/p>\n<p>Foto: L\u0101sma Zute-V\u012btola \/ Latvijas Radio<\/p>\n<p><img decoding=\"async\" src=\"https:\/\/www.europesays.com\/lv\/wp-content\/uploads\/2025\/10\/rvyy.jpg\" alt=\"Laimes muzejs\"\/>Laimes muzejs<\/p>\n<p>Foto: L\u0101sma Zute-V\u012btola \/ Latvijas Radio<\/p>\n<p><img decoding=\"async\" src=\"https:\/\/www.europesays.com\/lv\/wp-content\/uploads\/2025\/10\/rvyz.jpg\" alt=\"Laimes muzejs\"\/>Laimes muzejs<\/p>\n<p>Foto: L\u0101sma Zute-V\u012btola \/ Latvijas Radio<\/p>\n<p><img decoding=\"async\" src=\"https:\/\/www.europesays.com\/lv\/wp-content\/uploads\/2025\/10\/rvz0.jpg\" alt=\"Laimes muzejs\"\/>Laimes muzejs<\/p>\n<p>Foto: L\u0101sma Zute-V\u012btola \/ Latvijas Radio<\/p>\n<\/p>\n<p>P\u0113c visa nepiecie\u0161am\u0101 brauc uz pils\u0113tu\u00a0<\/p>\n<p>Vi\u0146a uz Indru atgriez\u0101s no R\u012bgas\u00a0pirms aptuveni 20 gadiem, tad Indr\u0101 dz\u012bvoja apm\u0113ram 1500 iedz\u012bvot\u0101ju, bet \u0161obr\u012bd to skaits sarucis l\u012bdz 650. P\u0113rn piedzimu\u0161i vien tr\u012bs\u00a0b\u0113rni. P\u0101rsvar\u0101 \u0161eit dz\u012bvo pirmspensijas un pensija vecuma cilv\u0113ki.\u00a0<\/p>\n<p>Indra no Kr\u0101slavas ir 30 kilometru att\u0101lum\u0101, un tiem, kuriem nav sava auto un finansi\u0101lu iesp\u0113ju regul\u0101ri aizbraukt uz pils\u0113tu, daudz kas ir liegts.\u00a0<\/p>\n<p>&#8220;Svaigu ga\u013cu m\u0113s nevaram Indr\u0101 nopirkt. \u0160eit nav pla\u0161a izv\u0113le aug\u013ciem, ban\u0101niem, tos m\u0113s varam nopirkt tikai Kr\u0101slav\u0101. Ziedu nav, ja k\u0101da dzim\u0161anas diena. Visu laiku es braucu [uz pils\u0113tu],\u00a0man ir saraksts, ko nopirkt mammai vai kaimi\u0146ienei. T\u0101 m\u0113s dz\u012bvojam! Ir autobusi, ta\u010du ar tiem ir \u013coti ne\u0113rti. Ja nekur nestr\u0101d\u0101, tad vari pusdienu velt\u012bt autobusam un tikai pustrijos b\u016bt atpaka\u013c,&#8221; situ\u0101ciju iez\u012bm\u0113ja Kangizere.\u00a0<\/p>\n<p>            <img decoding=\"async\" src=\"https:\/\/www.europesays.com\/lv\/wp-content\/uploads\/2025\/10\/rvyu.jpg\" alt=\"Laimes muzeja vad\u012bt\u0101ja Ilona Kangizere.\"\/><\/p>\n<p>Laimes muzeja vad\u012bt\u0101ja Ilona Kangizere.<\/p>\n<p>Foto: L\u0101sma Zute-V\u012btola \/ Latvijas Radio<\/p>\n<\/p>\n<p>P\u0113rn tika sl\u0113gta Indras pamatskola, b\u0113rnu skaits s\u0101kumskolas posm\u0101 bija mazs, apvienotas vienlaic\u012bgi bija pat tr\u012bs klases, un 1.\u00a0septembr\u012b pirmaj\u0101 klas\u0113 m\u0101c\u012btos tikai viens skol\u0113ns. Tagad b\u0113rniem pagasts nodro\u0161ina transportu uz blakus eso\u0161ajiem Robe\u017eniekiem un Kr\u0101slavu. Vad\u0101\u0161ana ir finansi\u0101li izdev\u012bg\u0101ka, ta\u010du nok\u013c\u016b\u0161ana uz skolu k\u013cuvusi ne\u0113rt\u0101ka.\u00a0<\/p>\n<p>&#8220;Pirmos m\u0113s \u0146emam no m\u0101j\u0101m jau bez piecpadsmit septi\u0146os. Tad m\u0113s vedam l\u012bdz lielajam busi\u0146am ar mikri\u0146u l\u012bdz ciemata centram, tad vi\u0146i septi\u0146os p\u0101rs\u0113\u017eas lielaj\u0101 busi\u0146\u0101 un brauc uz Kr\u0101slavu,&#8221; past\u0101st\u012bja\u00a0Indras pagasta p\u0101rvaldes vad\u012bt\u0101js Gun\u0101rs Svarinskis.\u00a0<\/p>\n<p>Ja b\u0113rni p\u0113c skolas grib apmekl\u0113t intere\u0161u izgl\u012bt\u012bbas pulci\u0146us, vec\u0101ki vi\u0146us ved ar savu person\u012bgo automa\u0161\u012bnu, bet t\u0101du nav daudz. Pa\u0161vald\u012bbai pied\u0101v\u0101jot b\u0113rnus vest uz m\u0101kslas skolu Kr\u0101slav\u0101, kas agr\u0101k bija Indr\u0101, vec\u0101ki teica\u00a0&#8220;n\u0113&#8221;, jo b\u0113rni m\u0101j\u0101s tad non\u0101ktu \u013coti v\u0113lu.\u00a0<\/p>\n<blockquote>\n<p>&#8220;Nodarb\u012bbas skol\u0101 s\u0101k\u0101s ap \u010detriem, pieciem, attiec\u012bgi divas stundas. Kam\u0113r v\u0113l no Kr\u0101slavas uz Indru atbrauc, kam\u0113r v\u0113l izvad\u0101jam katru uz m\u0101j\u0101m, tad vi\u0146\u0161 devi\u0146os vai pat p\u0113c devi\u0146iem ir m\u0101j\u0101s.&#8221;\u00a0<\/p>\n<\/blockquote>\n<p>P\u0113c skolas sl\u0113g\u0161anas p\u0101rv\u0101cas uz Daugavpili\u00a0<\/p>\n<p>Pa\u0161vald\u012bbas r\u016bpes tagad ir divas skolu \u0113kas, t\u0101s m\u0113\u0123in\u0101s p\u0101rdot. P\u0101rvaldnieks Svarinskis lielas cer\u012bbas nelolo, ka t\u0101s k\u0101ds pirks.\u00a0Skolas sl\u0113g\u0161ana jau t\u0101 samazin\u0101ja niec\u012bgo darbavietu skaitu Indr\u0101, un\u00a0bija cilv\u0113ki, kas, skol\u0101 darbu pazaud\u0113jot, ar \u0123imeni p\u0101rv\u0101c\u0101s dz\u012bvot uz Daugavpili. Darbavietu tr\u016bkums un ierobe\u017eot\u0101s iesp\u0113jas mudina jaunos pamest laukus.\u00a0<\/p>\n<blockquote>\n<p>&#8220;Divt\u016bksto\u0161ajos gados gandr\u012bz visa klase aizbrauca uz \u0101rzem\u0113m.\u00a0<\/p>\n<\/blockquote>\n<p>Es t\u0101pat cen\u0161os saglab\u0101t darbavietas pagast\u0101. To nav daudz, p\u0101ri desmit darbaviet\u0101m. Bet tas tom\u0113r ir labi, vismaz \u0123imenes paliek uz vietas,&#8221; piebilda Svarinskis.\u00a0<\/p>\n<p>Darbu n\u0101c\u0101s mekl\u0113t ar\u012b sl\u0113gt\u0101s Indras pamatskolas direktorei Ingai J\u0101kobsonei, kura\u00a0skol\u0101 nostr\u0101d\u0101ja vair\u0101k nek\u0101 30 gadus. &#8220;Man ar\u012b bija tas liktenis, kad k\u0101du br\u012bdi biju bez darba, tad m\u0113\u0123in\u0101ju kaut k\u0101dos konkursos piedal\u012bties, izjutu pirmo neveiksmju r\u016bgtumu, kad pasaka: Paldies, bet j\u016bs mums nederat!&#8221;\u00a0<\/p>\n<p>\u0160obr\u012bd vi\u0146a str\u0101d\u0101 Valsts prob\u0101cijas dienest\u0101. &#8220;Zin\u0101ju, ka novad\u0101 nav vakances.\u00a0Tiku aicin\u0101ta uz kaimi\u0146u novadu, bet tad bija j\u0101dom\u0101 par m\u0101j\u0101m, ka \u0123imenei ir j\u0101p\u0101rv\u0101cas, jo uz Daugavpili izbrauk\u0101t\u00a0nav re\u0101li, \u012bpa\u0161i no Indras. Bija br\u012bdis atelpai, sak\u0101rtot domas. Un tagad str\u0101d\u0101ju. T\u0101 iegroz\u012bj\u0101s zvaigznes,&#8221; st\u0101st\u012bja J\u0101kobsone.\u00a0<\/p>\n<p>Jaundzimu\u0161o skaits\u00a0krities divk\u0101rt\u00a0<\/p>\n<p>Ar\u012b Daugavpil\u012b senioru ir vair\u0101k nek\u0101 jaun\u0101k\u0101s paaudzes, turkl\u0101t Daugavpil\u012b starp valstspils\u0113t\u0101m ir liel\u0101kais senioru \u012bpatsvars. Desmit gadu laik\u0101 piedzimu\u0161o b\u0113rnu skaits ir sarucis teju uz pusi, nor\u0101d\u012bja Daugavpils pa\u0161vald\u012bbas Izgl\u012bt\u012bbas p\u0101rvaldes vad\u012bt\u0101ja Marina Isupova.\u00a0<\/p>\n<p>&#8220;Pirms desmit gadiem,\u00a02014. gad\u0101, Daugavpil\u012b\u00a0bija piedzimu\u0161i 804 b\u0113rni, 2015. gad\u0101 \u2013 864, un\u00a0tas ir p\u0113d\u0113jais lielais skaitlis. Pag\u0101ju\u0161aj\u0101 gad\u0101 \u2013 490, bet \u0161\u012b gada dati liecina, ka varam ar\u012b nesasniegt 400. Tas ir milz\u012bgs kritums,&#8221; atzina Isupova.\u00a0<\/p>\n<p>Daugavpil\u012b skol\u0101s tiek samazin\u0101ts pirmsskolas izgl\u012bt\u012bbas grupu skaits. Iesp\u0113jams, n\u0101kamgad tiks sl\u0113gtas divas pirmsskolas izgl\u012bt\u012bbas iest\u0101des.\u00a0<\/p>\n<p>Pierobe\u017e\u0101 dz\u012bvojo\u0161ie, redzot, ka iedz\u012bvot\u0101ju skaits sar\u016bk gan pie lielaj\u0101s pils\u0113t\u0101s, gan \u0101rpus t\u0101m, atz\u012bst \u2013\u00a0dom\u0101jot par sava ciema n\u0101kotni, nav cer\u012bbu, ka kritumu var aptur\u0113t.<\/p>\n","protected":false},"excerpt":{"rendered":"Starp Latvijas re\u0123ioniem visvair\u0101k senioru ir Latgal\u0113 \u2013\u00a0katrs ceturtais iedz\u012bvot\u0101js ir vec\u0101ks par 65 gadiem, bet b\u0113rnu un&hellip;\n","protected":false},"author":2,"featured_media":34926,"comment_status":"","ping_status":"","sticky":false,"template":"","format":"standard","meta":{"footnotes":""},"categories":[5],"tags":[23,28,29,32,33,22,30,31,35,39,38,36,37,34,40,20,26,27,24,25,21],"class_list":{"0":"post-34925","1":"post","2":"type-post","3":"status-publish","4":"format-standard","5":"has-post-thumbnail","7":"category-aktualitates","8":"tag-aktualitates","9":"tag-breaking-news","10":"tag-breakingnews","11":"tag-featured-news","12":"tag-featurednews","13":"tag-headlines","14":"tag-latest-news","15":"tag-latestnews","16":"tag-latvia","17":"tag-latvian","18":"tag-latviesu","19":"tag-latviesu-valoda","20":"tag-latviesuvaloda","21":"tag-latvija","22":"tag-lv","23":"tag-news","24":"tag-popularakas-zinas","25":"tag-popularakaszinas","26":"tag-top-stories","27":"tag-topstories","28":"tag-zinas"},"share_on_mastodon":{"url":"https:\/\/pubeurope.com\/@lv\/115461779983959972","error":""},"_links":{"self":[{"href":"https:\/\/www.europesays.com\/lv\/wp-json\/wp\/v2\/posts\/34925","targetHints":{"allow":["GET"]}}],"collection":[{"href":"https:\/\/www.europesays.com\/lv\/wp-json\/wp\/v2\/posts"}],"about":[{"href":"https:\/\/www.europesays.com\/lv\/wp-json\/wp\/v2\/types\/post"}],"author":[{"embeddable":true,"href":"https:\/\/www.europesays.com\/lv\/wp-json\/wp\/v2\/users\/2"}],"replies":[{"embeddable":true,"href":"https:\/\/www.europesays.com\/lv\/wp-json\/wp\/v2\/comments?post=34925"}],"version-history":[{"count":0,"href":"https:\/\/www.europesays.com\/lv\/wp-json\/wp\/v2\/posts\/34925\/revisions"}],"wp:featuredmedia":[{"embeddable":true,"href":"https:\/\/www.europesays.com\/lv\/wp-json\/wp\/v2\/media\/34926"}],"wp:attachment":[{"href":"https:\/\/www.europesays.com\/lv\/wp-json\/wp\/v2\/media?parent=34925"}],"wp:term":[{"taxonomy":"category","embeddable":true,"href":"https:\/\/www.europesays.com\/lv\/wp-json\/wp\/v2\/categories?post=34925"},{"taxonomy":"post_tag","embeddable":true,"href":"https:\/\/www.europesays.com\/lv\/wp-json\/wp\/v2\/tags?post=34925"}],"curies":[{"name":"wp","href":"https:\/\/api.w.org\/{rel}","templated":true}]}}