{"id":34955,"date":"2025-10-30T07:29:07","date_gmt":"2025-10-30T07:29:07","guid":{"rendered":"https:\/\/www.europesays.com\/lv\/34955\/"},"modified":"2025-10-30T07:29:07","modified_gmt":"2025-10-30T07:29:07","slug":"putina-sutnis-sola-kara-beigas-gada-laika","status":"publish","type":"post","link":"https:\/\/www.europesays.com\/lv\/34955\/","title":{"rendered":"Putina s\u016btnis sola kara beigas gada laik\u0101"},"content":{"rendered":"<p class=\"descr\">Kar\u0161 Ukrain\u0101 beigsies n\u0101kam\u0101 gada laik\u0101 &#8211; t\u0101 pazi\u0146oja Krievijas prezidenta \u012bpa\u0161ais s\u016btnis Kirils Dmitrijevs invest\u012bciju konferenc\u0113, kas norisin\u0101j\u0101s Sa\u016bda Ar\u0101bij\u0101, raksta \u201cReuters\u201d.<\/p>\n<p>&#8220;M\u0113s esam p\u0101rliecin\u0101ti, ka esam uz miera ce\u013ca, un k\u0101 miera uztur\u0113t\u0101jiem mums tas ir j\u0101padara iesp\u0113jams,&#8221; sac\u012bja Dmitrijevs, uzrun\u0101jot invest\u012bciju konferences auditoriju.<\/p>\n<p>Jaut\u0101ts, vai <a href=\"https:\/\/nra.lv\/pasaule\/504003-kad-beigsies-kars-ukraina-maksliga-intelekta-prognoze-un-analize.htm\" data-item-link=\"true\" data-item-id=\"504003\" rel=\"nofollow noopener\" target=\"_blank\">miers Ukrain\u0101 <\/a>ir iesp\u0113jams n\u0101kam\u0101 gada laik\u0101, Dmitrijevs atbild\u0113ja apstiprino\u0161i: &#8220;Es tam ticu.&#8221;<\/p>\n<p>Pag\u0101ju\u0161aj\u0101 ned\u0113\u013c\u0101, atrodoties ASV, Dmitrijevs pazi\u0146oja, ka Ukraina, Krievija un ASV atrodas tuvu kara &#8220;diplom\u0101tiskam risin\u0101jumam&#8221;, tom\u0113r vi\u0146\u0161 to pamatoja nevis ar Putina v\u0113lmi piedal\u012bties sarun\u0101s, bet gan ar to, ka Zelenskis vairs neuzst\u0101j uz 1991. gada robe\u017eu atjauno\u0161anu.<\/p>\n<p>Biznesa forum\u0101 Rij\u0101d\u0101 Dmitrijevs slav\u0113ja ASV, Sa\u016bda Ar\u0101bijas un Krievijas sadarb\u012bbu, uzsverot, ka t\u0101s ir valstis ar pasaul\u0113 liel\u0101kaj\u0101m dabas resursu rezerv\u0113m &#8211; vi\u0146\u0161 apgalvoja, ka starpvalstu sadarb\u012bba padar\u012btu pasauli dro\u0161\u0101ku.<\/p>\n<p>&#8220;Pa\u0161laik cilv\u0113ki koncentr\u0113jas uz re\u0123ion\u0101lo konfliktu ap Krieviju, ta\u010du m\u0113s nev\u0113lamies, lai tas p\u0101raugtu liel\u0101k\u0101 konflikt\u0101. Un, lai to izdar\u012btu, mums ir j\u0101r\u012bkojas lab\u0101k nek\u0101 l\u012bdz \u0161im, nevis slikt\u0101k,&#8221; sac\u012bja Dmitrijevs.<\/p>\n<p>\t\t\t\t\t\tinfo<\/p>\n<p>Uzzini pirmais<br \/>kas interesants noticis Latvij\u0101 un pasaul\u0113,<br \/>pievienojoties mums <a href=\"https:\/\/t.me\/neatkariga\" rel=\"nofollow\">Telegram<\/a> vai <a href=\"https:\/\/whatsapp.com\/channel\/0029VaMLFUH5K3zLU5s4wm3y\" rel=\"nofollow noopener\" target=\"_blank\">Whatsapp<\/a> kan\u0101l\u0101<\/p>\n","protected":false},"excerpt":{"rendered":"Kar\u0161 Ukrain\u0101 beigsies n\u0101kam\u0101 gada laik\u0101 &#8211; t\u0101 pazi\u0146oja Krievijas prezidenta \u012bpa\u0161ais s\u016btnis Kirils Dmitrijevs invest\u012bciju konferenc\u0113, kas&hellip;\n","protected":false},"author":2,"featured_media":34956,"comment_status":"","ping_status":"","sticky":false,"template":"","format":"standard","meta":{"footnotes":""},"categories":[5],"tags":[23,28,29,32,33,22,30,31,35,39,38,36,37,34,40,20,26,27,24,25,21],"class_list":{"0":"post-34955","1":"post","2":"type-post","3":"status-publish","4":"format-standard","5":"has-post-thumbnail","7":"category-aktualitates","8":"tag-aktualitates","9":"tag-breaking-news","10":"tag-breakingnews","11":"tag-featured-news","12":"tag-featurednews","13":"tag-headlines","14":"tag-latest-news","15":"tag-latestnews","16":"tag-latvia","17":"tag-latvian","18":"tag-latviesu","19":"tag-latviesu-valoda","20":"tag-latviesuvaloda","21":"tag-latvija","22":"tag-lv","23":"tag-news","24":"tag-popularakas-zinas","25":"tag-popularakaszinas","26":"tag-top-stories","27":"tag-topstories","28":"tag-zinas"},"share_on_mastodon":{"url":"https:\/\/pubeurope.com\/@lv\/115461945084555574","error":""},"_links":{"self":[{"href":"https:\/\/www.europesays.com\/lv\/wp-json\/wp\/v2\/posts\/34955","targetHints":{"allow":["GET"]}}],"collection":[{"href":"https:\/\/www.europesays.com\/lv\/wp-json\/wp\/v2\/posts"}],"about":[{"href":"https:\/\/www.europesays.com\/lv\/wp-json\/wp\/v2\/types\/post"}],"author":[{"embeddable":true,"href":"https:\/\/www.europesays.com\/lv\/wp-json\/wp\/v2\/users\/2"}],"replies":[{"embeddable":true,"href":"https:\/\/www.europesays.com\/lv\/wp-json\/wp\/v2\/comments?post=34955"}],"version-history":[{"count":0,"href":"https:\/\/www.europesays.com\/lv\/wp-json\/wp\/v2\/posts\/34955\/revisions"}],"wp:featuredmedia":[{"embeddable":true,"href":"https:\/\/www.europesays.com\/lv\/wp-json\/wp\/v2\/media\/34956"}],"wp:attachment":[{"href":"https:\/\/www.europesays.com\/lv\/wp-json\/wp\/v2\/media?parent=34955"}],"wp:term":[{"taxonomy":"category","embeddable":true,"href":"https:\/\/www.europesays.com\/lv\/wp-json\/wp\/v2\/categories?post=34955"},{"taxonomy":"post_tag","embeddable":true,"href":"https:\/\/www.europesays.com\/lv\/wp-json\/wp\/v2\/tags?post=34955"}],"curies":[{"name":"wp","href":"https:\/\/api.w.org\/{rel}","templated":true}]}}