{"id":34957,"date":"2025-10-30T07:30:09","date_gmt":"2025-10-30T07:30:09","guid":{"rendered":"https:\/\/www.europesays.com\/lv\/34957\/"},"modified":"2025-10-30T07:30:09","modified_gmt":"2025-10-30T07:30:09","slug":"kapec-par-ilmara-dzena-navi-tika-pazinots-menesi-velak-jautajumu-vairak-neka-atbilzu","status":"publish","type":"post","link":"https:\/\/www.europesays.com\/lv\/34957\/","title":{"rendered":"K\u0101p\u0113c par Ilm\u0101ra Dze\u0146a n\u0101vi tika pazi\u0146ots m\u0113nesi v\u0113l\u0101k? Jaut\u0101jumu vair\u0101k nek\u0101 atbil\u017eu"},"content":{"rendered":"<p>V\u0113sts par Ilm\u0101ra Dze\u0146a n\u0101vi visas pasaules latvie\u0161us satrieca pag\u0101ju\u0161aj\u0101 pirmdien\u0101. &#8220;Miris, krem\u0113ts un apglab\u0101ts ASV latvie\u0161u Br\u0101\u013cu kapos Katskilos.&#8221; K\u0101 izr\u0101d\u0101s, Ilm\u0101rs Dzenis m\u016b\u017e\u012bb\u0101 dev\u0101s jau 15. septembr\u012b, ta\u010du sabiedr\u012bba par to uzzin\u0101ja tikai tagad, vair\u0101k nek\u0101 m\u0113nesi v\u0113l\u0101k. Jaut\u0101jumu ir vair\u0101k nek\u0101 atbil\u017eu&#8230;<\/p>\n<p>&#8220;Neatceros v\u0113l t\u0101du gad\u012bjumu, ka t\u0101 sl\u0113pts tik slavena un paz\u012bstama cilv\u0113ka n\u0101ves fakts!&#8221; \u0161ok\u0101 ir grupas &#8220;\u010cik\u0101gas piec\u012b\u0161i&#8221; viens no m\u016bzi\u0137iem Armands Birkens, sakot \u017eurn\u0101lam &#8220;Kas Jauns&#8221;, ka par Ilm\u0101ra n\u0101vi neesot zin\u0101jis ne vi\u0146\u0161, ne m\u0101kslinieka draugi Florid\u0101, ne tautie\u0161i Latvij\u0101. <\/p>\n<blockquote><p>Uzzinot par Ilm\u0101ra Dze\u0146a do\u0161anos m\u016b\u017e\u012bb\u0101, ikkatram rad\u0101s jaut\u0101jums \u2013 k\u0101p\u0113c par to pazi\u0146ots m\u0113nesi v\u0113l\u0101k? Vai tie\u0161\u0101m par to nezin\u0101ja Amerikas latvie\u0161u sabiedr\u012bba? Varb\u016bt vi\u0146i zin\u0101ja, bet noklus\u0113ja?<\/p><\/blockquote>\n<p>Soci\u0101lajos t\u012bklos pav\u012bd\u0113ja koment\u0101ri, ka Ilm\u0101ram Dzenim p\u0113d\u0113j\u0101 laik\u0101 vairs netika sniegta inform\u0101cija par vi\u0146a vesel\u012bbu un tika liegta apciemo\u0161ana. Paties\u012bbai tuv\u0101k gan ir tas, ka m\u016bzi\u0137is m\u016b\u017ea nogali nepavad\u012bja pansion\u0101t\u0101, bet aud\u017eud\u0113la m\u0101j\u0101s Florid\u0101.<\/p>\n<p>P\u0113c sievas n\u0101ves 2022. gad\u0101 Ilm\u0101rs non\u0101ca aud\u017eud\u0113la Klaudija apr\u016bp\u0113 Tamp\u0101. Viet\u0113jie latvie\u0161i gan st\u0101sta, ka vi\u0146u apciemot bijis gandr\u012bz neiesp\u0113jami. \u201cT\u0101 ir taisn\u012bba. Reti kur\u0161 pie Ilm\u0101ra var\u0113ja aizbraukt. Daudzi b\u016btu to v\u0113l\u0113ju\u0161ies,\u201d \u017eurn\u0101lam &#8220;Kas Jauns&#8221; atkl\u0101j Birkens.<\/p>\n<p>Vi\u0146\u0161 ar\u012b past\u0101st\u012bja, ka ce\u013c\u0161, k\u0101 tika p\u0101rbaud\u012bts \u0161is fakts, esot bijis teju k\u0101 asa si\u017eeta gr\u0101v\u0113j\u0101, tom\u0113r secin\u0101jums esot viens \u2013 &#13;<br \/>\n&#13;\n<\/p>\n<p>&#8220;Mums vienk\u0101r\u0161i v\u0113l nav visu atbil\u017eu, un pieder\u012bgiem nav jau ar\u012b pien\u0101kuma mums atskait\u012bties un dot \u0161\u012bs atbildes, ja vi\u0146i nev\u0113las to dar\u012bt. Mums nav ties\u012bbu jaukties \u0123imenes dar\u012b\u0161an\u0101s. Ir noticis t\u0101, k\u0101 ir noticis. Ilm\u0101rs \u013coti m\u012bl\u0113ja dzied\u0101t un b\u016bt cilv\u0113kos. No sirds pateicamies Ilm\u0101ram par daudzo gadu skaisto dzied\u0101\u0161anu un draudz\u012bbu. Nov\u0113lam vi\u0146am vieglas smiltis,&#8221; piebilst Birkens.<\/p>\n<p>T\u0101pat Amerikas latvie\u0161iem tom\u0113r l\u012bdz galam nav skaidrs, vai Ilm\u0101ra Dze\u0146a p\u012b\u0161\u013ci visp\u0101r ir apglab\u0101ti. J\u0101, t\u0101da inform\u0101cija izskan\u0113ja, bet tai nav sa\u0146emts apstiprin\u0101jums.<\/p>\n<p>K\u0101 zin\u0101ms, Ilm\u0101rs Dzenis bija Trimdas latvie\u0161u dzied\u0101t\u0101js un dziesmu autors. Kaut ar\u012b ofici\u0101los dokumentos nor\u0101d\u012bts, ka dzimis 1931. gada 5. decembr\u012b Daugavpil\u012b, paties\u012bb\u0101 Ilm\u0101rs Dzenis ir divus gadus vec\u0101ks. 1944. gad\u0101, b\u0113got no padomju okup\u0101cijas un non\u0101kot V\u0101cij\u0101, Ilm\u0101ra m\u0101te, lai d\u0113lu nepa\u0146emtu v\u0101cu armij\u0101, sameloja, ka vi\u0146\u0161 ir divus gadus jaun\u0101ks. P\u0113c kara Eslingenes b\u0113g\u013cu nometn\u0113, kur pabeidzis \u0123imn\u0101ziju, Ilm\u0101rs dev\u0101s uz ASV \u2013 vi\u0146a \u0123imene \u0145ujorkas ost\u0101 ierad\u0101s 1950. gada J\u0101\u0146u vakar\u0101.<\/p>\n<p>Vi\u0146\u0161 dien\u0113jis ASV armij\u0101, str\u0101d\u0101jis metalur\u0123ijas uz\u0146\u0113mum\u0101 \u010cik\u0101g\u0101, l\u012bdztekus augstskol\u0101 ieguva b\u016bvin\u017eeniera gr\u0101du.<\/p>\n<p>1961. gad\u0101 s\u0101ka darboties ASV latvie\u0161u grup\u0101 &#8220;\u010cik\u0101gas piec\u012b\u0161i&#8221;, kur bija solists. 1972. gad\u0101 Dzenis pameta &#8220;\u010cik\u0101gas piec\u012b\u0161us&#8221;, jo dev\u0101s uz Floridu, kur dab\u016bja darbu par ce\u013cu in\u017eenieri. Tur uzs\u0101ka solokarjeru, kuras laik\u0101 izdeva 12 albumus.<\/p>\n<p>Vi\u0146\u0161 bijis ar\u012b veiksm\u012bgs uz\u0146\u0113m\u0113js, darbojies ar nekustamajiem \u012bpa\u0161umiem, \u2013 pircis un iz\u012br\u0113jis dz\u012bvok\u013cus un m\u0101jas Florid\u0101.<\/p>\n<p>Divas reizes prec\u0113jies, pirmaj\u0101 laul\u012bb\u0101 1961. gad\u0101 pasaul\u0113 n\u0101ca meita Sandra, kura mirusi 2020. gad\u0101.<\/p>\n<p>V\u0113l\u0101k apprec\u0113jies ar Silviju, kuru iepazina koncertturnej\u0101 Austr\u0101lij\u0101, kop\u0101 ar Silviju audzin\u0101ja vi\u0146as d\u0113lu no pirm\u0101s laul\u012bbas Klaudiju, ar kuru bie\u017ei vien m\u012bl\u0113ja kop\u0101 uzsp\u0113l\u0113t tenisu. Pirms vair\u0101kiem gadiem Ilm\u0101rs Dzenis atkl\u0101ja, ka rezerv\u0113jis sev un sievai Silvijai kapavietu Latvie\u0161u br\u0101\u013cu kapos Katski\u013cos \u0145ujorkas pavalst\u012b.<\/p>\n<p>Vi\u0146a sieva Silvija nomira 2022. gada apr\u012bl\u012b, bet pats Ilm\u0101rs m\u016b\u017e\u012bb\u0101 aizsaukts 2025. gada 15. septembr\u012b 95 gadu vecum\u0101. K\u0101 n\u0101ves iemesls min\u0113ta trieka jeb insults.<\/p>\n<p><\/p>\n<p>Vair\u0101k lasiet izdevuma &#8220;Kas Jauns&#8221; 28. oktobra numur\u0101!<\/p>\n<p>Lasi ar\u012b!<\/p>\n<p>&#13;<br \/>\n&#13;<br \/>\n<a target=\"_blank\" href=\"https:\/\/www.1188.lv\/zinas\/muziba-aizsaukts-dziedatajs-ilmars-dzenis\/56355\" rel=\"nofollow noopener\">M\u016b\u017e\u012bb\u0101 aizsaukts dzied\u0101t\u0101js Ilm\u0101rs Dzenis<\/a>&#13;<br \/>\n&#13;<br \/>\n<\/p>\n<p><img decoding=\"async\" src=\"https:\/\/www.europesays.com\/lv\/wp-content\/uploads\/2025\/10\/a4382c491bea0f5e1a5f5838f5475b4e.jpg\" title=\"Latviesu Biedriba St.Petersburg FL\/Facebook\" alt=\"Latviesu Biedriba St.Petersburg FL\/Facebook\"\/><\/p>\n<p class=\"article-img-desc\">Latviesu Biedriba St.Petersburg FL\/Facebook<\/p>\n","protected":false},"excerpt":{"rendered":"V\u0113sts par Ilm\u0101ra Dze\u0146a n\u0101vi visas pasaules latvie\u0161us satrieca pag\u0101ju\u0161aj\u0101 pirmdien\u0101. &#8220;Miris, krem\u0113ts un apglab\u0101ts ASV latvie\u0161u Br\u0101\u013cu&hellip;\n","protected":false},"author":2,"featured_media":34958,"comment_status":"","ping_status":"","sticky":false,"template":"","format":"standard","meta":{"footnotes":""},"categories":[19],"tags":[129,4669,957,89,90,35,39,38,36,37,34,40,958,4670,959,4671],"class_list":{"0":"post-34957","1":"post","2":"type-post","3":"status-publish","4":"format-standard","5":"has-post-thumbnail","7":"category-izklaide","8":"tag-__typenameadvicekeyword","9":"tag-id1013","10":"tag-id597","11":"tag-entertainment","12":"tag-izklaide","13":"tag-latvia","14":"tag-latvian","15":"tag-latviesu","16":"tag-latviesu-valoda","17":"tag-latviesuvaloda","18":"tag-latvija","19":"tag-lv","20":"tag-slugasv","21":"tag-slugin-memoriam","22":"tag-titleasv","23":"tag-titlein-memoriam"},"share_on_mastodon":{"url":"https:\/\/pubeurope.com\/@lv\/115461948968644608","error":""},"_links":{"self":[{"href":"https:\/\/www.europesays.com\/lv\/wp-json\/wp\/v2\/posts\/34957","targetHints":{"allow":["GET"]}}],"collection":[{"href":"https:\/\/www.europesays.com\/lv\/wp-json\/wp\/v2\/posts"}],"about":[{"href":"https:\/\/www.europesays.com\/lv\/wp-json\/wp\/v2\/types\/post"}],"author":[{"embeddable":true,"href":"https:\/\/www.europesays.com\/lv\/wp-json\/wp\/v2\/users\/2"}],"replies":[{"embeddable":true,"href":"https:\/\/www.europesays.com\/lv\/wp-json\/wp\/v2\/comments?post=34957"}],"version-history":[{"count":0,"href":"https:\/\/www.europesays.com\/lv\/wp-json\/wp\/v2\/posts\/34957\/revisions"}],"wp:featuredmedia":[{"embeddable":true,"href":"https:\/\/www.europesays.com\/lv\/wp-json\/wp\/v2\/media\/34958"}],"wp:attachment":[{"href":"https:\/\/www.europesays.com\/lv\/wp-json\/wp\/v2\/media?parent=34957"}],"wp:term":[{"taxonomy":"category","embeddable":true,"href":"https:\/\/www.europesays.com\/lv\/wp-json\/wp\/v2\/categories?post=34957"},{"taxonomy":"post_tag","embeddable":true,"href":"https:\/\/www.europesays.com\/lv\/wp-json\/wp\/v2\/tags?post=34957"}],"curies":[{"name":"wp","href":"https:\/\/api.w.org\/{rel}","templated":true}]}}