{"id":34969,"date":"2025-10-30T07:38:06","date_gmt":"2025-10-30T07:38:06","guid":{"rendered":"https:\/\/www.europesays.com\/lv\/34969\/"},"modified":"2025-10-30T07:38:06","modified_gmt":"2025-10-30T07:38:06","slug":"smartlynx-airlines-ierosinata-tiesiskas-aizsardzibas-procesa-lieta-dienas-bizness-2","status":"publish","type":"post","link":"https:\/\/www.europesays.com\/lv\/34969\/","title":{"rendered":"SmartLynx Airlines ierosin\u0101ta tiesisk\u0101s aizsardz\u012bbas procesa lieta :: Dienas Bizness"},"content":{"rendered":"<p class=\"text-font font-size--text-xlarge margin-3--bottom font-weight--bold padding-1--top\">Latvij\u0101 b\u0101z\u0113tajai aviokomp\u0101nijai SIA &#8220;SmartLynx Airlines&#8221; ierosin\u0101ta tiesisk\u0101s aizsardz\u012bbas procesa lieta, liecina Maks\u0101tnesp\u0113jas re\u0123istra inform\u0101cija.<\/p>\n<p class=\"text-font font-size--text-xlarge margin-3--bottom\">Tiesisk\u0101s aizsardz\u012bbas procesa lietu R\u012bgas rajona tiesa ierosin\u0101jusi 2025. gada 28. oktobr\u012b.<\/p>\n<p class=\"text-font font-size--text-xlarge margin-3--bottom\">Par tiesisk\u0101s aizsardz\u012bbas procesa uzraugo\u0161o personu iecelts Armands Rasa.<\/p>\n<p class=\"text-font font-size--text-xlarge margin-3--bottom\">&#8220;SmartLynx Airlines&#8221; \u0161ogad 28. oktobr\u012b bija re\u0123istr\u0113ts Valsts ie\u0146\u0113mumu dienesta (VID) administr\u0113to nodok\u013cu par\u0101ds 522 126 eiro apm\u0113r\u0101, liecina VID publiskot\u0101 inform\u0101cija.<\/p>\n<p class=\"text-font font-size--text-xlarge margin-3--bottom\">Uz\u0146\u0113mums inform\u0113, ka s\u0101cis restrukturiz\u0101cijas procesu ar m\u0113r\u0137i nodro\u0161in\u0101t uz\u0146\u0113muma turpm\u0101ko darb\u012bbu un izaugsmi.<\/p>\n<p class=\"text-font font-size--text-xlarge margin-3--bottom\">K\u0101 zi\u0146ots iepriek\u0161, starp l\u012bdz\u0161in\u0113jiem akcion\u0101riem un uz\u0146\u0113muma vad\u012bbas komandu un specializ\u0113tu invest\u012bciju fondu N\u012bderland\u0113 tika nosl\u0113gts l\u012bgums par aviokomp\u0101nijas &#8220;SmartLynx Airlines Latvia&#8221; ieg\u0101di.<\/p>\n<p class=\"text-font font-size--text-xlarge margin-3--bottom\">Sekojot \u012bpa\u0161nieku sast\u0101va mai\u0146ai, uz\u0146\u0113mums ir uzs\u0101cis uz\u0146\u0113muma atvese\u013co\u0161an\u0101s pl\u0101na realiz\u0101ciju, jeb aviokomp\u0101nijas restrukturiz\u0101ciju turpm\u0101k\u0101s darb\u012bbas nodro\u0161in\u0101\u0161anai.<\/p>\n<p class=\"text-font font-size--text-xlarge margin-3--bottom\">&#8220;Uz\u0146\u0113muma atvese\u013co\u0161an\u0101s pl\u0101ns ir nepiecie\u0161ams, lai m\u0113s sp\u0113tu ieviest izmai\u0146as uz\u0146\u0113mum\u0101, vienlaikus nodro\u0161inot darb\u012bbas nep\u0101rtraukt\u012bbu un saist\u012bbu izpildi pret m\u016bsu klientiem,&#8221; skaidro Edvins Deme\u0146us, &#8220;SmartLynx Airlines Latvia&#8221; izpilddirektors.<\/p>\n<p class=\"text-font font-size--text-xlarge margin-3--bottom\">Vi\u0146\u0161 nor\u0101da, ka ACMI nozare ir dinamiska un pak\u013cauta nep\u0101rtrauktai main\u012bbai. Aizvad\u012btais gads gan &#8220;SmartLynx&#8221;, gan visai ACMI industrijai bija izaicino\u0161s \u2013 pieaugo\u0161\u0101s izmaksas, pieg\u0101\u017eu kav\u0113jumi un m\u0113rena tirgus izaugsme atst\u0101ja ietekmi uz aviokomp\u0101niju darb\u012bbu. \u0160\u0101dos apst\u0101k\u013cos uz\u0146\u0113mumiem, tostarp &#8220;SmartLynx&#8221;, nepiecie\u0161ams laiks, lai piel\u0101gotos jaunajiem tirgus apst\u0101k\u013ciem.<\/p>\n<p class=\"text-font font-size--text-xlarge margin-3--bottom\">Eso\u0161ie tirgus apst\u0101k\u013ci un p\u0113d\u0113jo gadu ACMI (Aircraft, Crew, Maintenance, Insurance)nozares p\u0101rmai\u0146u dinamika rad\u012bjusi situ\u0101ciju, kur\u0101 uz\u0146\u0113mumam ir nepacie\u0161ams p\u0101rskat\u012bt partneru un kreditoru saist\u012bbas un vienoties par abpus\u0113ji izdev\u012bgiem nosac\u012bjumiem, piel\u0101gojot tos aktu\u0101lajiem tirgus apst\u0101k\u013ciem un dodot laiku uz\u0146\u0113muma restrukturiz\u0101cijai.<\/p>\n<p class=\"text-font font-size--text-xlarge margin-3--bottom\">&#8220;SmartLynx Airlines&#8221; pag\u0101ju\u0161aj\u0101 gad\u0101 p\u0101rvad\u0101ja kopum\u0101 10,66 miljonus pasa\u017eieru, kas ir par 62,5% vair\u0101k nek\u0101 2023. gad\u0101.<\/p>\n<p class=\"text-font font-size--text-xlarge margin-3--bottom\">2024. gad\u0101 &#8220;SmartLynx Airlines&#8221; veica kopum\u0101 68 085 lidojumus, kas ir par 43,4% vair\u0101k nek\u0101 gadu iepriek\u0161, kad aviokomp\u0101nija veica 47 495 lidojumus, savuk\u0101rt p\u0101rvad\u0101to kravu apm\u0113rs samazin\u0101j\u0101s par 6,8% un veidoja 31 872 tonnas.<\/p>\n<p class=\"text-font font-size--text-xlarge margin-3--bottom\">Aviokomp\u0101nijas flot\u0113 2024. gada beig\u0101s bija 68 lidma\u0161\u012bnas, kas ir par vienu vair\u0101k nek\u0101 gadu iepriek\u0161.<\/p>\n","protected":false},"excerpt":{"rendered":"Latvij\u0101 b\u0101z\u0113tajai aviokomp\u0101nijai SIA &#8220;SmartLynx Airlines&#8221; ierosin\u0101ta tiesisk\u0101s aizsardz\u012bbas procesa lieta, liecina Maks\u0101tnesp\u0113jas re\u0123istra inform\u0101cija. Tiesisk\u0101s aizsardz\u012bbas procesa&hellip;\n","protected":false},"author":2,"featured_media":34883,"comment_status":"","ping_status":"","sticky":false,"template":"","format":"standard","meta":{"footnotes":""},"categories":[16],"tags":[869,77,870,76,867,35,39,38,36,37,34,871,868,40,21],"class_list":{"0":"post-34969","1":"post","2":"type-post","3":"status-publish","4":"format-standard","5":"has-post-thumbnail","7":"category-bizness","8":"tag-biznesa-zinas","9":"tag-bizness","10":"tag-bizness-latvija","11":"tag-business","12":"tag-dienas-zinas","13":"tag-latvia","14":"tag-latvian","15":"tag-latviesu","16":"tag-latviesu-valoda","17":"tag-latviesuvaloda","18":"tag-latvija","19":"tag-latvijas-biznesa-zinas","20":"tag-latvijas-zinas","21":"tag-lv","22":"tag-zinas"},"share_on_mastodon":{"url":"https:\/\/pubeurope.com\/@lv\/115461980369552137","error":""},"_links":{"self":[{"href":"https:\/\/www.europesays.com\/lv\/wp-json\/wp\/v2\/posts\/34969","targetHints":{"allow":["GET"]}}],"collection":[{"href":"https:\/\/www.europesays.com\/lv\/wp-json\/wp\/v2\/posts"}],"about":[{"href":"https:\/\/www.europesays.com\/lv\/wp-json\/wp\/v2\/types\/post"}],"author":[{"embeddable":true,"href":"https:\/\/www.europesays.com\/lv\/wp-json\/wp\/v2\/users\/2"}],"replies":[{"embeddable":true,"href":"https:\/\/www.europesays.com\/lv\/wp-json\/wp\/v2\/comments?post=34969"}],"version-history":[{"count":0,"href":"https:\/\/www.europesays.com\/lv\/wp-json\/wp\/v2\/posts\/34969\/revisions"}],"wp:featuredmedia":[{"embeddable":true,"href":"https:\/\/www.europesays.com\/lv\/wp-json\/wp\/v2\/media\/34883"}],"wp:attachment":[{"href":"https:\/\/www.europesays.com\/lv\/wp-json\/wp\/v2\/media?parent=34969"}],"wp:term":[{"taxonomy":"category","embeddable":true,"href":"https:\/\/www.europesays.com\/lv\/wp-json\/wp\/v2\/categories?post=34969"},{"taxonomy":"post_tag","embeddable":true,"href":"https:\/\/www.europesays.com\/lv\/wp-json\/wp\/v2\/tags?post=34969"}],"curies":[{"name":"wp","href":"https:\/\/api.w.org\/{rel}","templated":true}]}}