{"id":34970,"date":"2025-10-30T07:41:10","date_gmt":"2025-10-30T07:41:10","guid":{"rendered":"https:\/\/www.europesays.com\/lv\/34970\/"},"modified":"2025-10-30T07:41:10","modified_gmt":"2025-10-30T07:41:10","slug":"20-gadus-vecais-puisis-atgulies-pasnaust-cela-un-nepamodas-vai-jauniesa-navi-vareja-noverst","status":"publish","type":"post","link":"https:\/\/www.europesays.com\/lv\/34970\/","title":{"rendered":"20 gadus vecais puisis atg\u016blies pasnaust ce\u013c\u0101. Un nepamod\u0101s. Vai jaunie\u0161a n\u0101vi var\u0113ja nov\u0113rst?"},"content":{"rendered":"<p>P\u013cavas visapk\u0101rt bija viegli baltas. Ce\u013ca A3 posms no Valkas uz Stren\u010diem 22. oktobr\u012b \u2013 nedaudz apledojis. \u010cetri v\u012bri, kuri agr\u0101k bija str\u0101d\u0101ju\u0161i \u012arij\u0101, ap 8:00 brauca balt\u0101 busi\u0146\u0101 uz darbu b\u016bvobjekt\u0101. Tr\u012bs bija piespr\u0101dz\u0113ju\u0161ies, viens ne \u2013 20 gadus vecais puisis atg\u016blies pasnaust. Kad baltais busi\u0146\u0161 l\u012bkum\u0101 sasl\u012bd\u0113ja un apmeta k\u016bleni, puisis g\u0101ja boj\u0101. Nelaime raisa jaut\u0101jumu: pie cik milimetru apledojuma j\u0101kaisa A kategorijas ce\u013ci?<\/p>\n","protected":false},"excerpt":{"rendered":"P\u013cavas visapk\u0101rt bija viegli baltas. Ce\u013ca A3 posms no Valkas uz Stren\u010diem 22. oktobr\u012b \u2013 nedaudz apledojis. \u010cetri&hellip;\n","protected":false},"author":2,"featured_media":34885,"comment_status":"","ping_status":"","sticky":false,"template":"","format":"standard","meta":{"footnotes":""},"categories":[5],"tags":[23,2109,10288,28,29,32,33,22,30,31,35,39,38,36,37,34,2857,10287,40,20,26,27,24,25,164,138,21],"class_list":{"0":"post-34970","1":"post","2":"type-post","3":"status-publish","4":"format-standard","5":"has-post-thumbnail","7":"category-aktualitates","8":"tag-aktualitates","9":"tag-autoavarija","10":"tag-autocels","11":"tag-breaking-news","12":"tag-breakingnews","13":"tag-featured-news","14":"tag-featurednews","15":"tag-headlines","16":"tag-latest-news","17":"tag-latestnews","18":"tag-latvia","19":"tag-latvian","20":"tag-latviesu","21":"tag-latviesu-valoda","22":"tag-latviesuvaloda","23":"tag-latvija","24":"tag-latvijas-valsts-celi","25":"tag-ledus","26":"tag-lv","27":"tag-news","28":"tag-popularakas-zinas","29":"tag-popularakaszinas","30":"tag-top-stories","31":"tag-topstories","32":"tag-tvnet-latvija","33":"tag-valsts-policija","34":"tag-zinas"},"share_on_mastodon":{"url":"https:\/\/pubeurope.com\/@lv\/115461992152262090","error":""},"_links":{"self":[{"href":"https:\/\/www.europesays.com\/lv\/wp-json\/wp\/v2\/posts\/34970","targetHints":{"allow":["GET"]}}],"collection":[{"href":"https:\/\/www.europesays.com\/lv\/wp-json\/wp\/v2\/posts"}],"about":[{"href":"https:\/\/www.europesays.com\/lv\/wp-json\/wp\/v2\/types\/post"}],"author":[{"embeddable":true,"href":"https:\/\/www.europesays.com\/lv\/wp-json\/wp\/v2\/users\/2"}],"replies":[{"embeddable":true,"href":"https:\/\/www.europesays.com\/lv\/wp-json\/wp\/v2\/comments?post=34970"}],"version-history":[{"count":0,"href":"https:\/\/www.europesays.com\/lv\/wp-json\/wp\/v2\/posts\/34970\/revisions"}],"wp:featuredmedia":[{"embeddable":true,"href":"https:\/\/www.europesays.com\/lv\/wp-json\/wp\/v2\/media\/34885"}],"wp:attachment":[{"href":"https:\/\/www.europesays.com\/lv\/wp-json\/wp\/v2\/media?parent=34970"}],"wp:term":[{"taxonomy":"category","embeddable":true,"href":"https:\/\/www.europesays.com\/lv\/wp-json\/wp\/v2\/categories?post=34970"},{"taxonomy":"post_tag","embeddable":true,"href":"https:\/\/www.europesays.com\/lv\/wp-json\/wp\/v2\/tags?post=34970"}],"curies":[{"name":"wp","href":"https:\/\/api.w.org\/{rel}","templated":true}]}}