{"id":350,"date":"2025-09-21T10:38:13","date_gmt":"2025-09-21T10:38:13","guid":{"rendered":"https:\/\/www.europesays.com\/lv\/350\/"},"modified":"2025-09-21T10:38:13","modified_gmt":"2025-09-21T10:38:13","slug":"kad-apsestiba-klust-navejosa-bjorkas-stalkera-skebinosa-dienasgramata","status":"publish","type":"post","link":"https:\/\/www.europesays.com\/lv\/350\/","title":{"rendered":"Kad aps\u0113st\u012bba k\u013c\u016bst n\u0101v\u0113jo\u0161a: Bjorkas stalkera \u0161\u0137ebino\u0161\u0101 dienasgr\u0101mata"},"content":{"rendered":"<p>St\u0101sts par Rikardo Lopesu ir bied\u0113jo\u0161s, neomul\u012bgs, tom\u0113r sav\u0101 zi\u0146\u0101 \u0101rk\u0101rt\u012bgi tra\u0123isks un skumj\u0161. Neskatoties pat uz to, ka vi\u0146\u0161 cent\u0101s at\u0146emt dz\u012bv\u012bbu nevain\u012bgam cilv\u0113kam. 21 gadu vecs v\u012brietis \u2013 vientu\u013c\u0161, neapmierin\u0101ts ar savu izskatu, bai\u013cu no sieviet\u0113m moc\u012bts un depresijas m\u0101kts, bez naudas un cer\u012bb\u0101m pie t\u0101s tikt.<\/p>\n<p>\u0160is v\u012brietis, gl\u0101bjoties no t\u0101 visa, iebarik\u0101d\u0113jas fant\u0101ziju pasaul\u0113 un beigu beig\u0101s k\u013c\u016bst aps\u0113sts ar tolaik vienu no slaven\u0101kaj\u0101m un medijos aprun\u0101t\u0101kaj\u0101m popzvaigzn\u0113m \u2013 islandie\u0161u dzied\u0101t\u0101ju Bjorku. Vi\u0146\u0161 vi\u0146\u0101 iem\u012blas un cer ietekm\u0113t vi\u0146as dz\u012bvi. Nek\u0101 seksu\u0101la \u2013 t\u012bra m\u012blest\u012bba, aps\u0113st\u012bba un fiks\u0101cija. Vi\u0146\u0161 raksta vi\u0146ai neskait\u0101mas v\u0113stules, fantaz\u0113 par vi\u0146u sav\u0101 dienasgr\u0101mat\u0101, st\u0101sta par vi\u0146u savai \u0123imenei un nedaudzajiem draugiem. Vi\u0146\u0161 ir p\u0101rliecin\u0101ts, ka <a href=\"https:\/\/www.tvnet.lv\/term\/556318\/bjorka\" class=\"topicLink\" target=\"_blank\" rel=\"nofollow noopener\">Bjorka<\/a> ir vi\u0146a m\u016bza un likten\u012bg\u0101 sieviete. Tom\u0113r Bjorka neatbild, vi\u0146ai nav ne jausmas par t\u0101da Rikardo eksistenci. Tad medijos par\u0101d\u0101s v\u0113sts, ka Bjorka s\u0101kusi attiec\u012bbas ar k\u0101du meln\u0101dainu m\u0101kslinieku. Rikardo sirds ir salauzta, un vi\u0146\u0161 nolemj m\u012b\u013coto nogalin\u0101t&#8230;<\/p>\n","protected":false},"excerpt":{"rendered":"St\u0101sts par Rikardo Lopesu ir bied\u0113jo\u0161s, neomul\u012bgs, tom\u0113r sav\u0101 zi\u0146\u0101 \u0101rk\u0101rt\u012bgi tra\u0123isks un skumj\u0161. Neskatoties pat uz to,&hellip;\n","protected":false},"author":2,"featured_media":351,"comment_status":"","ping_status":"","sticky":false,"template":"","format":"standard","meta":{"footnotes":""},"categories":[19],"tags":[292,294,89,90,35,39,38,36,37,34,40,296,295,297,293],"class_list":{"0":"post-350","1":"post","2":"type-post","3":"status-publish","4":"format-standard","5":"has-post-thumbnail","7":"category-izklaide","8":"tag-asv","9":"tag-bjorka","10":"tag-entertainment","11":"tag-izklaide","12":"tag-latvia","13":"tag-latvian","14":"tag-latviesu","15":"tag-latviesu-valoda","16":"tag-latviesuvaloda","17":"tag-latvija","18":"tag-lv","19":"tag-nave","20":"tag-noziegums","21":"tag-tvnet-planeta","22":"tag-vesture"},"share_on_mastodon":{"url":"","error":""},"_links":{"self":[{"href":"https:\/\/www.europesays.com\/lv\/wp-json\/wp\/v2\/posts\/350","targetHints":{"allow":["GET"]}}],"collection":[{"href":"https:\/\/www.europesays.com\/lv\/wp-json\/wp\/v2\/posts"}],"about":[{"href":"https:\/\/www.europesays.com\/lv\/wp-json\/wp\/v2\/types\/post"}],"author":[{"embeddable":true,"href":"https:\/\/www.europesays.com\/lv\/wp-json\/wp\/v2\/users\/2"}],"replies":[{"embeddable":true,"href":"https:\/\/www.europesays.com\/lv\/wp-json\/wp\/v2\/comments?post=350"}],"version-history":[{"count":0,"href":"https:\/\/www.europesays.com\/lv\/wp-json\/wp\/v2\/posts\/350\/revisions"}],"wp:featuredmedia":[{"embeddable":true,"href":"https:\/\/www.europesays.com\/lv\/wp-json\/wp\/v2\/media\/351"}],"wp:attachment":[{"href":"https:\/\/www.europesays.com\/lv\/wp-json\/wp\/v2\/media?parent=350"}],"wp:term":[{"taxonomy":"category","embeddable":true,"href":"https:\/\/www.europesays.com\/lv\/wp-json\/wp\/v2\/categories?post=350"},{"taxonomy":"post_tag","embeddable":true,"href":"https:\/\/www.europesays.com\/lv\/wp-json\/wp\/v2\/tags?post=350"}],"curies":[{"name":"wp","href":"https:\/\/api.w.org\/{rel}","templated":true}]}}