{"id":35022,"date":"2025-10-30T08:28:08","date_gmt":"2025-10-30T08:28:08","guid":{"rendered":"https:\/\/www.europesays.com\/lv\/35022\/"},"modified":"2025-10-30T08:28:08","modified_gmt":"2025-10-30T08:28:08","slug":"suvajevs-jaunajai-vienotibai-naksies-izveleties-koalicija-ar-zzs-vai-progresivajiem-jauns-lv","status":"publish","type":"post","link":"https:\/\/www.europesays.com\/lv\/35022\/","title":{"rendered":"\u0160uvajevs: &quot;Jaunajai vienot\u012bbai&quot; n\u0101ksies izv\u0113l\u0113ties &#8211; koal\u012bcija ar ZZS vai &quot;Progres\u012bvajiem&quot; &#8211; Jauns.lv"},"content":{"rendered":"<ol>\n<li><a href=\"https:\/\/news.google.com\/rss\/articles\/CBMivAFBVV95cUxNak5UUE1DUmQ3UjM0VkRFZ1hacUxmaFFabGUzOWM3NHFUVzJUX3VGNmx0ZDBFZUF1aG1xVjBQdXBVeUo5dzhhcjFDWllPWTdpSllaVENrMGltWjE4YzF6TjhMdkF4ZWVzbU5JaTBjWHVZNEpEcDI2TWlzWDJzZ1VtTmxjUDdsZTBPZ2VlWVFzM04xUUdYY2FiRGF1RTBfaVRIRnV2NDE5TEg0R0NiamVITGdyYl9qVkp3YVhiNw?oc=5\" target=\"_blank\" rel=\"nofollow noopener\">\u0160uvajevs: &#8220;Jaunajai vienot\u012bbai&#8221; n\u0101ksies izv\u0113l\u0113ties &#8211; koal\u012bcija ar ZZS vai &#8220;Progres\u012bvajiem&#8221;<\/a>&nbsp;&nbsp;Jauns.lv<\/li>\n<li><a href=\"https:\/\/news.google.com\/rss\/articles\/CBMi_AFBVV95cUxNUFNfcHExblBCOE9VM2E3ejRiVW01TUpxVjUwRk1Hc25jYTFZRVVNOGNrcklVUm1KUWZqS1pNa19pd1ZncThDcF9na3IxQnVJaDhLMnNhRHJ5ak9WTU1SY256Qk5SVzFpTC1hZEUtZHE0NVJ2aFRyUGU0OFI1ZUxoVkNHTFhsMzIybEVaSmJvSHJRekItLUJfQ3A2REgzTHhCdTJBdDZ1dk9XbVNqN1IyemthRUMxN01LZExSa3BDQ3p5Y1BYUDFxMW9JU0txQ1FVLU5XVkNLcXJrOTRCWjNjaDJPdXVJNVd3SFJsYzk4ejRsUjBRaEYxV1RNVVM?oc=5\" target=\"_blank\" rel=\"nofollow noopener\">\u00abProgres\u012bvo\u00bb vad\u012bt\u0101js \u0160uvajevs mudina \u00abJauno Vienot\u012bbu\u00bb izlemt par vienu no diviem maz\u0101kuma vald\u012bbas scen\u0101rijiem<\/a>&nbsp;&nbsp;LSM<\/li>\n<li><a href=\"https:\/\/news.google.com\/rss\/articles\/CBMiugFBVV95cUxOZEJ1UXQwX0FkLVZSb21rY0dqaE9PZkJIS3k2UmlrWFZpVHZGREx3a0hRT0kya2EydTgyNmFjeW9DVHVzc2ZWVFkyaVhFQ0dBdFgtSHFBYlYyeENPcUU4Nno0UnNfcVZjU1FMYWM4Mlg0dEZKdkNFcmFDeWVPTWtwM0FpVlNIeGFNekUxQlpuTFY3aWRYRVBObmtpbVdQSkQ5MjE4SXp0ZFVrUjZTbmxZTUlHcURwU3JkZ1E?oc=5\" target=\"_blank\" rel=\"nofollow noopener\">Vai pragmatisko politisko laul\u012bbu \u201cidillisk\u0101 \u0123imene\u201d paklups uz Stambulas sliek\u0161\u0146a?<\/a>&nbsp;&nbsp;NRA<\/li>\n<li><a href=\"https:\/\/news.google.com\/rss\/articles\/CBMingFBVV95cUxOZGdpekcxZWFiUGVUVDItWWNXX1U3UEZpT1c1SXhyX1J3UGRBeUo5c1h3N24yQkMzX2w3QlZzUmgxcGxsX2dWSFVsSy1FLVZpVlBBdERNUUZyQlU1Qk01WHgwYU9oMDNISUY5eUl2LUxrRUpCUVRqamxnU0Q3cFZtN1lVNkJRblVqejNoU2U5MV94UVdlSFVvNW5ZQmc0Zw?oc=5\" target=\"_blank\" rel=\"nofollow noopener\">\u0160uvajevs ir p\u0101rliecin\u0101ts, ka maz\u0101kuma vald\u012bba sp\u0113tu turpin\u0101t str\u0101d\u0101t<\/a>&nbsp;&nbsp;Apollo.lv<\/li>\n<li><a href=\"https:\/\/news.google.com\/rss\/articles\/CBMiswFBVV95cUxQX3UtaVRaZVA3YTJSLWtQQi1mOVE2d0huTm1ReXhIcTJKVmFaX3RoTnBCaTFGTzdxclpkVjN6NlR5QnZtSHlDV1N5WXYxaG1TdzJ6ZjNMeXNwdFNLNnpEOEprb1hLbzdESHAyX3VKS3lIdGxndVdTTG1PUEkwYk5lZ2xRYXlBdmRmdFYyd3lpX0t6d1dRajNhWXJXSVVWUktET2FEYlBaMk9mVG5FSUlxakloRQ?oc=5\" target=\"_blank\" rel=\"nofollow noopener\">\u201cProgres\u012bvo\u201d p\u0101rst\u0101vis prognoz\u0113 vald\u012bbas sast\u0101va rok\u0101des tuv\u0101k\u0101 m\u0113ne\u0161a laik\u0101<\/a>&nbsp;&nbsp;tv3.lv<\/li>\n<\/ol>\n","protected":false},"excerpt":{"rendered":"\u0160uvajevs: &#8220;Jaunajai vienot\u012bbai&#8221; n\u0101ksies izv\u0113l\u0113ties &#8211; koal\u012bcija ar ZZS vai &#8220;Progres\u012bvajiem&#8221;&nbsp;&nbsp;Jauns.lv \u00abProgres\u012bvo\u00bb vad\u012bt\u0101js \u0160uvajevs mudina \u00abJauno Vienot\u012bbu\u00bb izlemt&hellip;\n","protected":false},"author":2,"featured_media":35023,"comment_status":"","ping_status":"","sticky":false,"template":"","format":"standard","meta":{"footnotes":""},"categories":[12],"tags":[23,28,29,32,33,22,30,31,35,39,38,36,37,34,40,20,26,27,24,25,21],"class_list":{"0":"post-35022","1":"post","2":"type-post","3":"status-publish","4":"format-standard","5":"has-post-thumbnail","7":"category-latvija","8":"tag-aktualitates","9":"tag-breaking-news","10":"tag-breakingnews","11":"tag-featured-news","12":"tag-featurednews","13":"tag-headlines","14":"tag-latest-news","15":"tag-latestnews","16":"tag-latvia","17":"tag-latvian","18":"tag-latviesu","19":"tag-latviesu-valoda","20":"tag-latviesuvaloda","21":"tag-latvija","22":"tag-lv","23":"tag-news","24":"tag-popularakas-zinas","25":"tag-popularakaszinas","26":"tag-top-stories","27":"tag-topstories","28":"tag-zinas"},"share_on_mastodon":{"url":"https:\/\/pubeurope.com\/@lv\/115462176973330372","error":""},"_links":{"self":[{"href":"https:\/\/www.europesays.com\/lv\/wp-json\/wp\/v2\/posts\/35022","targetHints":{"allow":["GET"]}}],"collection":[{"href":"https:\/\/www.europesays.com\/lv\/wp-json\/wp\/v2\/posts"}],"about":[{"href":"https:\/\/www.europesays.com\/lv\/wp-json\/wp\/v2\/types\/post"}],"author":[{"embeddable":true,"href":"https:\/\/www.europesays.com\/lv\/wp-json\/wp\/v2\/users\/2"}],"replies":[{"embeddable":true,"href":"https:\/\/www.europesays.com\/lv\/wp-json\/wp\/v2\/comments?post=35022"}],"version-history":[{"count":0,"href":"https:\/\/www.europesays.com\/lv\/wp-json\/wp\/v2\/posts\/35022\/revisions"}],"wp:featuredmedia":[{"embeddable":true,"href":"https:\/\/www.europesays.com\/lv\/wp-json\/wp\/v2\/media\/35023"}],"wp:attachment":[{"href":"https:\/\/www.europesays.com\/lv\/wp-json\/wp\/v2\/media?parent=35022"}],"wp:term":[{"taxonomy":"category","embeddable":true,"href":"https:\/\/www.europesays.com\/lv\/wp-json\/wp\/v2\/categories?post=35022"},{"taxonomy":"post_tag","embeddable":true,"href":"https:\/\/www.europesays.com\/lv\/wp-json\/wp\/v2\/tags?post=35022"}],"curies":[{"name":"wp","href":"https:\/\/api.w.org\/{rel}","templated":true}]}}