{"id":35029,"date":"2025-10-30T08:46:07","date_gmt":"2025-10-30T08:46:07","guid":{"rendered":"https:\/\/www.europesays.com\/lv\/35029\/"},"modified":"2025-10-30T08:46:07","modified_gmt":"2025-10-30T08:46:07","slug":"patriotu-menesa-ieskana-aicina-piedalities-pieminas-pasakuma-sudrabkalnina","status":"publish","type":"post","link":"https:\/\/www.europesays.com\/lv\/35029\/","title":{"rendered":"Patriotu m\u0113ne\u0161a ieska\u0146\u0101 aicina piedal\u012bties piemi\u0146as pas\u0101kum\u0101 Sudrabkalni\u0146\u0101"},"content":{"rendered":"<p class=\"text-align-justify\">Aizs\u0101kot patriotu m\u0113nesi, piektdien, 31. oktobr\u012b, Aizsardz\u012bbas ministrijas parlament\u0101r\u0101 sekret\u0101re Liene G\u0101tere piedal\u012bsies 1919. gada Neatkar\u012bbas c\u012b\u0146u dal\u012bbnieku piemi\u0146as pas\u0101kum\u0101 Sudrabkalni\u0146\u0101, godinot varo\u0146us, kuri c\u012bn\u012bj\u0101s par Latvijas br\u012bv\u012bbu. \u0160ogad jau ceturto reizi notiks l\u0101pu g\u0101jiens un svin\u012bg\u0101 piemi\u0146as ceremonija, kas velt\u012bta pils\u0113tas aizst\u0101vjiem \u2013 6. R\u012bgas k\u0101jnieku pulka karav\u012briem.<\/p>\n<p class=\"text-align-justify\">Piemi\u0146as pas\u0101kums s\u0101ksies plkst. 16.45 ar l\u0101pu g\u0101jienu no Autotanku pulka pieminek\u013ca Pulka un Slokas ielas krustojum\u0101. Dal\u012bbnieki dosies nepilnus divarpus kilometrus gar\u0101 ce\u013c\u0101 uz Sudrabkalni\u0146u (Slokas iel\u0101 pie Kurzemes prospekta) \u2013 pa mar\u0161rutu, kas simboliski ataino karav\u012bru ce\u013cu no kazarm\u0101m uz kaujas vietu 1919. gada novembr\u012b. L\u0101pu g\u0101jienu pavad\u012bs muzik\u0101ls priek\u0161nesums ar l\u012bdzdzied\u0101\u0161anu.<\/p>\n<p class=\"text-align-justify\">Nosl\u0113gum\u0101, plkst. 17.45, pie pieminek\u013ca pils\u0113tas aizst\u0101vjiem Sudrabkalni\u0146\u0101 notiks svin\u012bg\u0101 piemi\u0146as ceremonija, kur\u0101 tiks godin\u0101ti varo\u0146i. Pas\u0101kumu kuplin\u0101s muzik\u0101li priek\u0161nesumi Nacion\u0101lo Bru\u0146oto sp\u0113ku or\u0137estra pavad\u012bb\u0101.<\/p>\n<p class=\"text-align-justify\">Aizsardz\u012bbas ministrija aicina ikvienu iedz\u012bvot\u0101ju piedal\u012bties piemi\u0146as pas\u0101kum\u0101 un godin\u0101t varo\u0146us, kuri c\u012bn\u012bj\u0101s par br\u012bvu un neatkar\u012bgu Latviju. Iedz\u012bvot\u0101ji aicin\u0101ti pie ap\u0123\u0113rba piespraust sarkanbaltsarkanu lent\u012bti \u2013 k\u0101 cie\u0146as un pieder\u012bbas simbolu.<\/p>\n<p class=\"text-align-justify\">Inform\u0101ciju sagatavoja:<br \/>AM Milit\u0101ri publisko attiec\u012bbu departamenta<br \/>Preses noda\u013ca<br \/>T\u0101lrunis: 67335129<br \/>E-pasts: <a href=\"https:\/\/www.mod.gov.lv\/lv\/zinas\/mailto:prese@mod.gov.lv\" rel=\"nofollow noopener\" target=\"_blank\">prese@mod.gov.lv<\/a><\/p>\n","protected":false},"excerpt":{"rendered":"Aizs\u0101kot patriotu m\u0113nesi, piektdien, 31. oktobr\u012b, Aizsardz\u012bbas ministrijas parlament\u0101r\u0101 sekret\u0101re Liene G\u0101tere piedal\u012bsies 1919. gada Neatkar\u012bbas c\u012b\u0146u dal\u012bbnieku&hellip;\n","protected":false},"author":2,"featured_media":1424,"comment_status":"","ping_status":"","sticky":false,"template":"","format":"standard","meta":{"footnotes":""},"categories":[12],"tags":[23,28,29,32,33,22,30,31,35,39,38,36,37,34,40,20,26,27,24,25,21],"class_list":{"0":"post-35029","1":"post","2":"type-post","3":"status-publish","4":"format-standard","5":"has-post-thumbnail","7":"category-latvija","8":"tag-aktualitates","9":"tag-breaking-news","10":"tag-breakingnews","11":"tag-featured-news","12":"tag-featurednews","13":"tag-headlines","14":"tag-latest-news","15":"tag-latestnews","16":"tag-latvia","17":"tag-latvian","18":"tag-latviesu","19":"tag-latviesu-valoda","20":"tag-latviesuvaloda","21":"tag-latvija","22":"tag-lv","23":"tag-news","24":"tag-popularakas-zinas","25":"tag-popularakaszinas","26":"tag-top-stories","27":"tag-topstories","28":"tag-zinas"},"share_on_mastodon":{"url":"https:\/\/pubeurope.com\/@lv\/115462247984096403","error":""},"_links":{"self":[{"href":"https:\/\/www.europesays.com\/lv\/wp-json\/wp\/v2\/posts\/35029","targetHints":{"allow":["GET"]}}],"collection":[{"href":"https:\/\/www.europesays.com\/lv\/wp-json\/wp\/v2\/posts"}],"about":[{"href":"https:\/\/www.europesays.com\/lv\/wp-json\/wp\/v2\/types\/post"}],"author":[{"embeddable":true,"href":"https:\/\/www.europesays.com\/lv\/wp-json\/wp\/v2\/users\/2"}],"replies":[{"embeddable":true,"href":"https:\/\/www.europesays.com\/lv\/wp-json\/wp\/v2\/comments?post=35029"}],"version-history":[{"count":0,"href":"https:\/\/www.europesays.com\/lv\/wp-json\/wp\/v2\/posts\/35029\/revisions"}],"wp:featuredmedia":[{"embeddable":true,"href":"https:\/\/www.europesays.com\/lv\/wp-json\/wp\/v2\/media\/1424"}],"wp:attachment":[{"href":"https:\/\/www.europesays.com\/lv\/wp-json\/wp\/v2\/media?parent=35029"}],"wp:term":[{"taxonomy":"category","embeddable":true,"href":"https:\/\/www.europesays.com\/lv\/wp-json\/wp\/v2\/categories?post=35029"},{"taxonomy":"post_tag","embeddable":true,"href":"https:\/\/www.europesays.com\/lv\/wp-json\/wp\/v2\/tags?post=35029"}],"curies":[{"name":"wp","href":"https:\/\/api.w.org\/{rel}","templated":true}]}}