{"id":35036,"date":"2025-10-30T08:53:18","date_gmt":"2025-10-30T08:53:18","guid":{"rendered":"https:\/\/www.europesays.com\/lv\/35036\/"},"modified":"2025-10-30T08:53:18","modified_gmt":"2025-10-30T08:53:18","slug":"farmaceita-padomi-imunitates-stiprinasanai-rudeni","status":"publish","type":"post","link":"https:\/\/www.europesays.com\/lv\/35036\/","title":{"rendered":"Farmaceita padomi imunit\u0101tes stiprin\u0101\u0161anai ruden\u012b"},"content":{"rendered":"<p>Rudens iez\u012bm\u0113jas ar main\u012bgiem&#13;<br \/>\nlaikapst\u0101k\u013ciem, liel\u0101ku nogurumu un bie\u017e\u0101k\u0101m saaukst\u0113\u0161an\u0101s epizod\u0113m, t\u0101d\u0113\u013c \u0161aj\u0101&#13;<br \/>\nlaik\u0101 \u012bpa\u0161i svar\u012bgi ir r\u016bp\u0113ties par stipru imunit\u0101ti. Organisma aizsargsp\u0113jas&#13;<br \/>\nietekm\u0113 gan uzturs un miegs, gan stress un fizisk\u0101s aktivit\u0101tes. Par to, k\u0101&#13;<br \/>\npal\u012bdz\u0113t organismam piel\u0101goties sezonas p\u0101rmai\u0146\u0101m un uztur\u0113t vesel\u012bbu visa&#13;<br \/>\nrudens garum\u0101, st\u0101sta BENU Aptiekas farmaceite Alise Galeja.<\/p>\n<p>Imunit\u0101te ir organisma sp\u0113ja pretoties&#13;<br \/>\nslim\u012bbu izraiso\u0161iem faktoriem, piem\u0113ram, bakt\u0113rij\u0101m, v\u012brusiem, s\u0113n\u012bt\u0113m.&#13;<br \/>\nS\u0101koties rudenim, m\u016bsu imunit\u0101te saskaras ar vair\u0101kiem izaicin\u0101jumiem. Ruden\u012b&#13;<br \/>\npieaug stress un nogurums, m\u0113dzam bie\u017e\u0101k neizgul\u0113ties. Vair\u0101k laika pavad\u0101m&#13;<br \/>\nsl\u0113gt\u0101s telp\u0101s, kuras var b\u016bt slikti v\u0113din\u0101tas, kas veicina infekciju&#13;<br \/>\nizplat\u012bbu. T\u0101pat ar\u012b m\u016bsu uztura paradumi ruden\u012b var main\u012bties \u2013 uzturs var&#13;<br \/>\nneb\u016bt tik da\u017e\u0101ds un sabalans\u0113ts k\u0101 vasar\u0101, kad to viegl\u0101k papildin\u0101t ar&#13;<br \/>\nza\u013cumiem, svaigiem d\u0101rze\u0146iem, aug\u013ciem un og\u0101m. Ar\u012b main\u012bgie laikapst\u0101k\u013ci var&#13;<br \/>\nveicin\u0101t saaukst\u0113\u0161anos un organisma aizsargsp\u0113ju samazin\u0101\u0161anos, saka farmaceite&#13;<br \/>\nAlise Galeja. Ko ies\u0101kt, lai \u0161aj\u0101 laik\u0101 pal\u012bdz\u0113tu stiprin\u0101t organismu?<\/p>\n<p>Dz\u012bvesveida padomi stiprai imunit\u0101tei<\/p>\n<p>Sabalans\u0113ts uzturs ir \u013coti b\u016btisks,&#13;<br \/>\nlai organisms sa\u0146emtu visu nepiecie\u0161amo ne vien ikdienai, bet ar\u012b c\u012b\u0146ai ar&#13;<br \/>\nv\u012brusiem. T\u0101d\u0113\u013c \u0113dienkart\u0113 j\u0101iek\u013cauj d\u0101rze\u0146i, aug\u013ci, pilngraudu produkti,&#13;<br \/>\nolbaltumvielas un labie tauki (piem\u0113ram, avokado, mandeles, zivis, ol\u012bve\u013c\u013ca). Farmaceite&#13;<br \/>\nAlise Galeja uzsver, ka b\u016btiski ir ar\u012b regul\u0101ri kust\u0113ties \u2013 j\u0101veic m\u0113renas&#13;<br \/>\nfiziskas aktivit\u0101tes, piem\u0113ram, pastaigas svaig\u0101 gais\u0101, kas pal\u012bdz stiprin\u0101t&#13;<br \/>\norganismu un uzlabot pa\u0161saj\u016btu.<\/p>\n<p>Stress var b\u016btiski ietekm\u0113t ne vien&#13;<br \/>\nemocion\u0101lo labsaj\u016btu, bet ar\u012b organisma imunit\u0101ti, t\u0101d\u0113\u013c j\u0101cen\u0161as rast veidi,&#13;<br \/>\nk\u0101 to mazin\u0101t. K\u0101 ar\u012b vienm\u0113r r\u016bp\u0113jieties par pietiekamu izgul\u0113\u0161anos \u2013 mums ir&#13;<br \/>\nnepiecie\u0161amas 7-9 stundas kvalitat\u012bva miega. Atcerieties, ka kait\u012bgie ieradumi&#13;<br \/>\nir j\u0101ierobe\u017eo un j\u0101cen\u0161as atmest \u2013 sm\u0113\u0137\u0113\u0161ana un alkohola lieto\u0161ana negat\u012bvi&#13;<br \/>\nietekm\u0113 imunit\u0101ti,  no t\u0101m b\u016btu&#13;<br \/>\nj\u0101atsak\u0101s. Protams, nedr\u012bkst aizmirst par telpu v\u0113din\u0101\u0161anu, kas uzlabos pa\u0161saj\u016btu&#13;<br \/>\nun samazin\u0101s iesp\u0113ju saslimt ar rudens v\u012brusiem. <\/p>\n<p>Kad noder\u0113s uztura bag\u0101tin\u0101t\u0101ji?<\/p>\n<p>Uztura bag\u0101tin\u0101t\u0101ji <a target=\"_blank\" href=\"https:\/\/www.benu.lv\/e-aptieka\/uztura-bagatinataji\/saaukstesanas-un-imunitatei\/imunitatei\" rel=\"nofollow noopener\">imunit\u0101tes atbalstam<\/a> var b\u016bt noder\u012bgi profilaksei, ta\u010du&#13;<br \/>\n\u012bpa\u0161i aktu\u0101li tie b\u016bs gad\u012bjum\u0101, ja cilv\u0113ks bie\u017ei slimo, k\u0101 ar\u012b slimo\u0161anas un&#13;<br \/>\natlab\u0161anas laik\u0101. Farmaceite Alise Galeja skaidro, ka pieaugu\u0161am cilv\u0113kam par&#13;<br \/>\nnorm\u0101lu slimo\u0161anas bie\u017eumu ar v\u012brusiem uzskat\u0101mas 2\u20134 reizes gad\u0101, savuk\u0101rt&#13;<br \/>\nb\u0113rniem, \u012bpa\u0161i jaun\u0101kiem, \u0161is skaits var b\u016bt liel\u0101ks \u2013 6\u201312 reizes gad\u0101,&#13;<br \/>\nieskaitot ar\u012b zarnu infekcijas gad\u012bjumus vasar\u0101.<\/p>\n<p>\u012apa\u0161i aktu\u0101li ruden\u012b b\u016bs:<\/p>\n<p><a target=\"_blank\" href=\"https:\/\/www.benu.lv\/e-aptieka\/uztura-bagatinataji\/vitamini-un-mineralvielas\/vitamins-d\" rel=\"nofollow noopener\">D vitam\u012bns<\/a> m\u016bsu klimata josl\u0101 ir \u013coti aktu\u0101ls,&#13;<br \/>\n\u012bpa\u0161i ruden\u012b un ziem\u0101, kad m\u016bsu \u0101da ar sauli dabiski saskar\u0101s krietni maz\u0101k.&#13;<br \/>\nVeiciet asins anal\u012bzes, lai noskaidrotu D vitam\u012bna l\u012bmeni un prec\u012bz\u0101k noteiktu&#13;<br \/>\njums piem\u0113rot\u0101ko devu. <\/p>\n<p>Ar\u012b <a target=\"_blank\" href=\"https:\/\/www.benu.lv\/e-aptieka\/uztura-bagatinataji\/vitamini-un-mineralvielas\/kompleksie-vitamini\" rel=\"nofollow noopener\">vitam\u012bnu kompleksi<\/a> ruden\u012b k\u013c\u016bst v\u0113l aktu\u0101l\u0101ki. Iemesls tam&#13;<br \/>\nir vienveid\u012bgs uzturs. Ruden\u012b b\u016bs piem\u0113roti da\u017e\u0101di vitam\u012bnu, mikroelementu un&#13;<br \/>\naugu kompleksi imunit\u0101tes stiprin\u0101\u0161anai. Optim\u0101lais to lieto\u0161anas kurss ir tr\u012bs&#13;<br \/>\nm\u0113ne\u0161i. <\/p>\n<p>Imunit\u0101ti stiprin\u0101t pal\u012bdz\u0113s <a target=\"_blank\" href=\"https:\/\/www.benu.lv\/e-aptieka\/uztura-bagatinataji\/vitamini-un-mineralvielas\/vitamins-c\" rel=\"nofollow noopener\">C vitam\u012bns<\/a>, <a target=\"_blank\" href=\"https:\/\/www.benu.lv\/e-aptieka\/uztura-bagatinataji\/vitamini-un-mineralvielas\/cinks\" rel=\"nofollow noopener\">cinks<\/a>, <a target=\"_blank\" href=\"https:\/\/www.benu.lv\/e-aptieka\/uztura-bagatinataji\/vitamini-un-mineralvielas\/vitamins-d\" rel=\"nofollow noopener\">D vitam\u012bns<\/a>, k\u0101 ar\u012b \u013coti noder\u012bgi \u0161aj\u0101 laik\u0101 var&#13;<br \/>\nb\u016bt da\u017e\u0101di augi, kas stiprina imunit\u0101ti, piem\u0113ram, ehin\u0101cija, \u0137iploks, melnais&#13;<br \/>\npl\u016b\u0161koks. Tie ir popul\u0101ra sast\u0101vda\u013ca da\u017e\u0101dos produktos imunit\u0101tes&#13;<br \/>\nstiprin\u0101\u0161anai.<\/p>\n<p><a target=\"_blank\" href=\"https:\/\/www.benu.lv\/e-aptieka\/uztura-bagatinataji\/vitamini-un-mineralvielas\/cinks\" rel=\"nofollow noopener\">Cinks<\/a> ar\u012b ir viens no imunit\u0101tes sargiem. P\u0113t\u012bjumi r\u0101da, ka cinka lieto\u0161ana&#13;<br \/>\nb\u0113rniem vair\u0101ku m\u0113ne\u0161u garum\u0101 atst\u0101j pozit\u012bvu ietekmi uz saslim\u0161anas gad\u012bjumu&#13;<br \/>\nskaita samazin\u0101\u0161anu gada laik\u0101. <\/p>\n<p><a target=\"_blank\" href=\"https:\/\/www.benu.lv\/e-aptieka\/uztura-bagatinataji\/gremosanas-sistema\/probiotiki\" rel=\"nofollow noopener\">Lab\u0101s bakt\u0113rijas jeb probiotikas<\/a> ar\u012b sp\u0113l\u0113 noz\u012bm\u012bgu lomu labas&#13;<br \/>\nimunit\u0101tes nodro\u0161in\u0101\u0161an\u0101. T\u0101s ne\u013cauj ku\u0146\u0123a un zarnu trakt\u0101 savairoties&#13;<br \/>\nsliktaj\u0101m bakt\u0113rij\u0101m, l\u012bdz ar to paaugstina organisma sp\u0113ju pretoties da\u017e\u0101d\u0101m&#13;<br \/>\ninfekcij\u0101m. Tie\u0161i t\u0101p\u0113c p\u0113c antibiotiku kursa iesaka lietot probiotikas.<\/p>\n<p>Katram vajadz\u012bbas var b\u016bt individu\u0101las&#13;<br \/>\n\u2013 par jums nepiecie\u0161amajiem vitam\u012bniem un miner\u0101lviel\u0101m, k\u0101 ar\u012b piem\u0113rot\u0101ko&#13;<br \/>\nizv\u0113li konsult\u0113jieties ar \u0101rstu vai farmaceitu. BENU Aptiekas farmaceite&#13;<br \/>\nAlise Galeja ar\u012b atg\u0101dina, ka uztura bag\u0101tin\u0101t\u0101ji neaizst\u0101j pilnv\u0113rt\u012bgu un&#13;<br \/>\nsabalans\u0113tu uzturu!<\/p>\n","protected":false},"excerpt":{"rendered":"Rudens iez\u012bm\u0113jas ar main\u012bgiem&#13; laikapst\u0101k\u013ciem, liel\u0101ku nogurumu un bie\u017e\u0101k\u0101m saaukst\u0113\u0161an\u0101s epizod\u0113m, t\u0101d\u0113\u013c \u0161aj\u0101&#13; laik\u0101 \u012bpa\u0161i svar\u012bgi ir r\u016bp\u0113ties&hellip;\n","protected":false},"author":2,"featured_media":35037,"comment_status":"","ping_status":"","sticky":false,"template":"","format":"standard","meta":{"footnotes":""},"categories":[5],"tags":[129,10301,10304,23,28,29,32,33,22,30,31,35,39,38,36,37,34,40,20,26,27,10305,10302,10306,10303,24,25,21],"class_list":{"0":"post-35036","1":"post","2":"type-post","3":"status-publish","4":"format-standard","5":"has-post-thumbnail","7":"category-aktualitates","8":"tag-__typenameadvicekeyword","9":"tag-id104","10":"tag-id163","11":"tag-aktualitates","12":"tag-breaking-news","13":"tag-breakingnews","14":"tag-featured-news","15":"tag-featurednews","16":"tag-headlines","17":"tag-latest-news","18":"tag-latestnews","19":"tag-latvia","20":"tag-latvian","21":"tag-latviesu","22":"tag-latviesu-valoda","23":"tag-latviesuvaloda","24":"tag-latvija","25":"tag-lv","26":"tag-news","27":"tag-popularakas-zinas","28":"tag-popularakaszinas","29":"tag-slugimunitate","30":"tag-slugvitamini","31":"tag-titleimunitate","32":"tag-titlevitamini","33":"tag-top-stories","34":"tag-topstories","35":"tag-zinas"},"share_on_mastodon":{"url":"https:\/\/pubeurope.com\/@lv\/115462275290936218","error":""},"_links":{"self":[{"href":"https:\/\/www.europesays.com\/lv\/wp-json\/wp\/v2\/posts\/35036","targetHints":{"allow":["GET"]}}],"collection":[{"href":"https:\/\/www.europesays.com\/lv\/wp-json\/wp\/v2\/posts"}],"about":[{"href":"https:\/\/www.europesays.com\/lv\/wp-json\/wp\/v2\/types\/post"}],"author":[{"embeddable":true,"href":"https:\/\/www.europesays.com\/lv\/wp-json\/wp\/v2\/users\/2"}],"replies":[{"embeddable":true,"href":"https:\/\/www.europesays.com\/lv\/wp-json\/wp\/v2\/comments?post=35036"}],"version-history":[{"count":0,"href":"https:\/\/www.europesays.com\/lv\/wp-json\/wp\/v2\/posts\/35036\/revisions"}],"wp:featuredmedia":[{"embeddable":true,"href":"https:\/\/www.europesays.com\/lv\/wp-json\/wp\/v2\/media\/35037"}],"wp:attachment":[{"href":"https:\/\/www.europesays.com\/lv\/wp-json\/wp\/v2\/media?parent=35036"}],"wp:term":[{"taxonomy":"category","embeddable":true,"href":"https:\/\/www.europesays.com\/lv\/wp-json\/wp\/v2\/categories?post=35036"},{"taxonomy":"post_tag","embeddable":true,"href":"https:\/\/www.europesays.com\/lv\/wp-json\/wp\/v2\/tags?post=35036"}],"curies":[{"name":"wp","href":"https:\/\/api.w.org\/{rel}","templated":true}]}}