{"id":35040,"date":"2025-10-30T08:58:08","date_gmt":"2025-10-30T08:58:08","guid":{"rendered":"https:\/\/www.europesays.com\/lv\/35040\/"},"modified":"2025-10-30T08:58:08","modified_gmt":"2025-10-30T08:58:08","slug":"vike-freiberga-aicina-sievietes-nebaidities-no-krusu-veselibas-parbaudem","status":"publish","type":"post","link":"https:\/\/www.europesays.com\/lv\/35040\/","title":{"rendered":"V\u012b\u0137e-Freiberga aicina sievietes nebaid\u012bties no kr\u016b\u0161u vesel\u012bbas p\u0101rbaud\u0113m"},"content":{"rendered":"<p>Jau v\u0113st\u012bts, ka &#8220;Pupkult\u016bras&#8221; kampa\u0146\u0101 &#8220;Roz\u0101 zv\u0113rests&#8221; sabiedr\u012bb\u0101 paz\u012bstamas person\u012bbas aicin\u0101ja Latvijas sievietes pirmaj\u0101 viet\u0101 likt kr\u016b\u0161u vesel\u012bbu.<\/p>\n<p>P\u0113t\u012bjumi r\u0101da, ka 15% sievie\u0161u tic, ka v\u0113zis vi\u0146as neskars, 49% uzskata, ka ar vi\u0146\u0101m viss ir k\u0101rt\u012bb\u0101, jo nav s\u016bdz\u012bbu un vi\u0146as j\u016btas veselas, 10% atz\u012bst, ka ir p\u0101r\u0101k aiz\u0146emtas, 11% baid\u0101s no p\u0101rbaudes un t\u0101s rezult\u0101tiem, bet 12% aptauj\u0101to nor\u0101da, ka vi\u0146as attur p\u0101r\u0101k gar\u0101s rindas uz p\u0101rbaud\u0113m.<\/p>\n<p>T\u0101p\u0113c kust\u012bba &#8220;Pupkult\u016bra&#8221; \u012bstenoja akciju, kur\u0101 \u012bpa\u0161\u0101 video tika apsp\u0113l\u0113ts Hipokrata zv\u0113rests un tika apg\u0101zti popul\u0101r\u0101kie iemesli, k\u0101p\u0113c sievietes neveic kr\u016b\u0161u skr\u012bningu.<\/p>\n<p>Labdar\u012bbas fonds &#8220;Roz\u0101 vilciens&#8221; kop\u0161 dibin\u0101\u0161anas 2014. gad\u0101 ir sniedzis atbalstu vair\u0101k nek\u0101 1200 sieviet\u0113m, kuras c\u012bn\u012bju\u0161\u0101s ar kr\u016bts v\u0113zi. Ar\u012b \u0161ogad fonds turpina nodro\u0161in\u0101t pal\u012bdz\u012bbu, pied\u0101v\u0101jot individu\u0101las psihologa konsult\u0101cijas, k\u0101 ar\u012b fizioterapijas nodarb\u012bbas, kas atvieglo \u0101rst\u0113\u0161an\u0101s procesu.<\/p>\n<p>Soci\u0101lajos t\u012bklos &#8220;Roz\u0101 zv\u0113restam&#8221; pievienoju\u0161\u0101s ar\u012b daudzas sabiedr\u012bb\u0101 paz\u012bstamas sievietes &#8211; \u0101rlietu ministre Baiba Bra\u017ee (JV), raid\u012bjumu vad\u012bt\u0101ja Baiba Sipeniece, laika zi\u0146u vad\u012bt\u0101ja R\u016bta Dvinska, volejboliste Anastasija Samoilova, komi\u0137e Sanda Dejus un citas.<\/p>\n","protected":false},"excerpt":{"rendered":"Jau v\u0113st\u012bts, ka &#8220;Pupkult\u016bras&#8221; kampa\u0146\u0101 &#8220;Roz\u0101 zv\u0113rests&#8221; sabiedr\u012bb\u0101 paz\u012bstamas person\u012bbas aicin\u0101ja Latvijas sievietes pirmaj\u0101 viet\u0101 likt kr\u016b\u0161u vesel\u012bbu.&hellip;\n","protected":false},"author":2,"featured_media":35041,"comment_status":"","ping_status":"","sticky":false,"template":"","format":"standard","meta":{"footnotes":""},"categories":[12],"tags":[23,28,29,32,33,22,8543,3971,30,31,35,39,38,36,37,34,40,20,26,27,10309,24,25,10308,21],"class_list":{"0":"post-35040","1":"post","2":"type-post","3":"status-publish","4":"format-standard","5":"has-post-thumbnail","7":"category-latvija","8":"tag-aktualitates","9":"tag-breaking-news","10":"tag-breakingnews","11":"tag-featured-news","12":"tag-featurednews","13":"tag-headlines","14":"tag-kampana","15":"tag-kruts-vezis","16":"tag-latest-news","17":"tag-latestnews","18":"tag-latvia","19":"tag-latvian","20":"tag-latviesu","21":"tag-latviesu-valoda","22":"tag-latviesuvaloda","23":"tag-latvija","24":"tag-lv","25":"tag-news","26":"tag-popularakas-zinas","27":"tag-popularakaszinas","28":"tag-pupkultura","29":"tag-top-stories","30":"tag-topstories","31":"tag-vaira-vike-freiberga","32":"tag-zinas"},"share_on_mastodon":{"url":"https:\/\/pubeurope.com\/@lv\/115462294990880851","error":""},"_links":{"self":[{"href":"https:\/\/www.europesays.com\/lv\/wp-json\/wp\/v2\/posts\/35040","targetHints":{"allow":["GET"]}}],"collection":[{"href":"https:\/\/www.europesays.com\/lv\/wp-json\/wp\/v2\/posts"}],"about":[{"href":"https:\/\/www.europesays.com\/lv\/wp-json\/wp\/v2\/types\/post"}],"author":[{"embeddable":true,"href":"https:\/\/www.europesays.com\/lv\/wp-json\/wp\/v2\/users\/2"}],"replies":[{"embeddable":true,"href":"https:\/\/www.europesays.com\/lv\/wp-json\/wp\/v2\/comments?post=35040"}],"version-history":[{"count":0,"href":"https:\/\/www.europesays.com\/lv\/wp-json\/wp\/v2\/posts\/35040\/revisions"}],"wp:featuredmedia":[{"embeddable":true,"href":"https:\/\/www.europesays.com\/lv\/wp-json\/wp\/v2\/media\/35041"}],"wp:attachment":[{"href":"https:\/\/www.europesays.com\/lv\/wp-json\/wp\/v2\/media?parent=35040"}],"wp:term":[{"taxonomy":"category","embeddable":true,"href":"https:\/\/www.europesays.com\/lv\/wp-json\/wp\/v2\/categories?post=35040"},{"taxonomy":"post_tag","embeddable":true,"href":"https:\/\/www.europesays.com\/lv\/wp-json\/wp\/v2\/tags?post=35040"}],"curies":[{"name":"wp","href":"https:\/\/api.w.org\/{rel}","templated":true}]}}