{"id":35046,"date":"2025-10-30T09:05:08","date_gmt":"2025-10-30T09:05:08","guid":{"rendered":"https:\/\/www.europesays.com\/lv\/35046\/"},"modified":"2025-10-30T09:05:08","modified_gmt":"2025-10-30T09:05:08","slug":"vaira-vike-freiberga-aicina-nebaidities-no-krusu-parbaudem","status":"publish","type":"post","link":"https:\/\/www.europesays.com\/lv\/35046\/","title":{"rendered":"Vaira V\u012b\u0137e-Freiberga aicina nebaid\u012bties no kr\u016b\u0161u p\u0101rbaud\u0113m"},"content":{"rendered":"<p>                \u00abPupkult\u016bras\u00bb kust\u012bbai pievienojusies ar\u012b bijus\u012b Valsts prezidente Vaira V\u012b\u0137e-Freiberga, kurai kr\u016bts v\u0113\u017ea t\u0113ma ir personiski un emocion\u0101li noz\u012bm\u012bga. Vi\u0146a atkl\u0101j, ka bailes dz\u012bves laik\u0101 attur\u0113ja no savlaic\u012bgas r\u012bc\u012bbas ar\u012b vi\u0146ai tuvu cilv\u0113ku. T\u0101p\u0113c eksprezidente aicina sievietes nevilcin\u0101ties un r\u012bkoties laikus \u2014 pievienoties \u00abRoz\u0101 zv\u0113restam\u00bb un p\u0101rbaud\u012bt kr\u016btis.<\/p>\n<p>\u00abJa jums ir bailes no slikt\u0101m zi\u0146\u0101m, tad saprotiet, ka medic\u012bnas sp\u0113ki \u0161odien jums var \u0161\u012bs bailes at\u0146emt un j\u016bs iz\u0101rst\u0113t,\u00bb iedro\u0161ina Vaira V\u012b\u0137e-Freiberga.<\/p>\n<p>Katru gadu Latvij\u0101 kr\u016bts v\u0113zis prasa simtiem dz\u012bv\u012bbu. 2024.\u00a0gad\u0101 no \u0161\u012bs diagnozes mira 359 sievietes. Statistika liecina, ka vienai no asto\u0146\u0101m sieviet\u0113m dz\u012bves laik\u0101 tiks diagnostic\u0113ts kr\u016bts v\u0113zis, un bie\u017ei tas tiek atkl\u0101ts jau nov\u0113loti, III vai IV stadij\u0101. \u0100rsti uzsver: kr\u016bts v\u0113zis ir iz\u0101rst\u0113jams, ja tas tiek atkl\u0101ts laikus. Tom\u0113r daudzas sievietes joproj\u0101m izvair\u0101s no regul\u0101r\u0101m kr\u016b\u0161u vesel\u012bbas p\u0101rbaud\u0113m bai\u013cu, aiz\u0146emt\u012bbas vai aizspriedumu d\u0113\u013c.<\/p>\n<p>\u00abKop\u0161 2019. gad\u0101 aizs\u0101k\u0101m \u00abpupkult\u016bras\u00bb kust\u012bbu iez\u012bm\u0113jas pozit\u012bva tendence \u2014 mirst\u012bba Latvij\u0101 no kr\u016bts v\u0113\u017ea ir samazin\u0101jusies un agr\u012bn\u0101 stad\u012bj\u0101 atkl\u0101to gad\u012bjumu \u012bpatsvars pieaug, ta\u010du esam v\u0113l \u013coti t\u0101lu no ES vid\u0113jiem r\u0101d\u012bt\u0101jiem. Diem\u017e\u0113l m\u016bsu kampa\u0146as ar\u012b izgaismo tr\u016bkumus vesel\u012bbas sist\u0113m\u0101, \u012bpa\u0161i saist\u012bb\u0101 ar pakalpojumu pieejam\u012bbu. No vienas puses aicin\u0101m sievietes b\u016bt atbild\u012bg\u0101m un regul\u0101ri p\u0101rbaud\u012bties, bet vi\u0146as savuk\u0101rt atkl\u0101j, ka nevar to izdar\u012bt garo rindu d\u0113\u013c\u00bb, saka fonda \u00abRoz\u0101 vilciens\u00bb dibin\u0101t\u0101ja Zinta Uskale.<\/p>\n<p>Soci\u0101lajos t\u012bklos \u00abRoz\u0101 zv\u0113restam\u00bb pievienoju\u0161\u0101s ar\u012b daudzas sabiedr\u012bb\u0101 paz\u012bstamas sievietes \u2014 \u0101rlietu ministre Baiba Bra\u017ee, raid\u012bjumu vad\u012bt\u0101ja Baiba Sipeniece, laika zi\u0146u vad\u012bt\u0101ja R\u016bta Dvinska, volejboliste Anastasija Samoilova, komi\u0137e Sanda Dejus un citas.<\/p>\n<p>Labdar\u012bbas fonds \u00abRoz\u0101 vilciens\u00bb kop\u0161 2014. gada sniedz atbalstu sieviet\u0113m, kuras sk\u0101ris kr\u016bts v\u0113zi. Desmit gadu laik\u0101 pal\u012bdz\u012bba nodro\u0161in\u0101ta vair\u0101k nek\u0101 1200 pacient\u0113m, un ar\u012b \u0161ogad fonds turpina savu darbu, pied\u0101v\u0101jot individu\u0101las psihologa konsult\u0101cijas un fizioterapijas nodarb\u012bbas, kas atvieglo \u0101rst\u0113\u0161an\u0101s procesu un uzlabo emocion\u0101lo st\u0101vokli.<\/p>\n<p>Uzzini vair\u0101k par kampa\u0146u un iesp\u0113j\u0101m atbalst\u012bt sievietes, kuras sk\u0101ris kr\u016bts v\u0113zis <a href=\"https:\/\/pupkultura.lv\/\" target=\"_blank\" rel=\"noopener nofollow\">www.pupkultura.lv<\/a><\/p>\n<p>\u0160eit var noskat\u012bties video:\u00a0<a href=\"https:\/\/www.youtube.com\/shorts\/pFhOx_cxBY8\" target=\"_blank\" rel=\"noopener noreferrer nofollow\">https:\/\/www.youtube.com\/shorts\/pFhOx_cxBY8<\/a><\/p>\n<p>\/Foto: publicit\u0101tes foto\/<\/p>\n","protected":false},"excerpt":{"rendered":"\u00abPupkult\u016bras\u00bb kust\u012bbai pievienojusies ar\u012b bijus\u012b Valsts prezidente Vaira V\u012b\u0137e-Freiberga, kurai kr\u016bts v\u0113\u017ea t\u0113ma ir personiski un emocion\u0101li noz\u012bm\u012bga.&hellip;\n","protected":false},"author":2,"featured_media":35047,"comment_status":"","ping_status":"","sticky":false,"template":"","format":"standard","meta":{"footnotes":""},"categories":[5],"tags":[23,28,29,32,33,22,30,31,35,39,38,36,37,34,40,20,26,27,24,25,21],"class_list":{"0":"post-35046","1":"post","2":"type-post","3":"status-publish","4":"format-standard","5":"has-post-thumbnail","7":"category-aktualitates","8":"tag-aktualitates","9":"tag-breaking-news","10":"tag-breakingnews","11":"tag-featured-news","12":"tag-featurednews","13":"tag-headlines","14":"tag-latest-news","15":"tag-latestnews","16":"tag-latvia","17":"tag-latvian","18":"tag-latviesu","19":"tag-latviesu-valoda","20":"tag-latviesuvaloda","21":"tag-latvija","22":"tag-lv","23":"tag-news","24":"tag-popularakas-zinas","25":"tag-popularakaszinas","26":"tag-top-stories","27":"tag-topstories","28":"tag-zinas"},"share_on_mastodon":{"url":"https:\/\/pubeurope.com\/@lv\/115462322492920936","error":""},"_links":{"self":[{"href":"https:\/\/www.europesays.com\/lv\/wp-json\/wp\/v2\/posts\/35046","targetHints":{"allow":["GET"]}}],"collection":[{"href":"https:\/\/www.europesays.com\/lv\/wp-json\/wp\/v2\/posts"}],"about":[{"href":"https:\/\/www.europesays.com\/lv\/wp-json\/wp\/v2\/types\/post"}],"author":[{"embeddable":true,"href":"https:\/\/www.europesays.com\/lv\/wp-json\/wp\/v2\/users\/2"}],"replies":[{"embeddable":true,"href":"https:\/\/www.europesays.com\/lv\/wp-json\/wp\/v2\/comments?post=35046"}],"version-history":[{"count":0,"href":"https:\/\/www.europesays.com\/lv\/wp-json\/wp\/v2\/posts\/35046\/revisions"}],"wp:featuredmedia":[{"embeddable":true,"href":"https:\/\/www.europesays.com\/lv\/wp-json\/wp\/v2\/media\/35047"}],"wp:attachment":[{"href":"https:\/\/www.europesays.com\/lv\/wp-json\/wp\/v2\/media?parent=35046"}],"wp:term":[{"taxonomy":"category","embeddable":true,"href":"https:\/\/www.europesays.com\/lv\/wp-json\/wp\/v2\/categories?post=35046"},{"taxonomy":"post_tag","embeddable":true,"href":"https:\/\/www.europesays.com\/lv\/wp-json\/wp\/v2\/tags?post=35046"}],"curies":[{"name":"wp","href":"https:\/\/api.w.org\/{rel}","templated":true}]}}