{"id":35052,"date":"2025-10-30T09:11:11","date_gmt":"2025-10-30T09:11:11","guid":{"rendered":"https:\/\/www.europesays.com\/lv\/35052\/"},"modified":"2025-10-30T09:11:11","modified_gmt":"2025-10-30T09:11:11","slug":"nepienema-jo-neparvalda-krievu-valodu-latvijas-darba-likums-to-aizliedz-tacu-realitate-cilveki-joprojam-saskaras-ar-diskriminaciju","status":"publish","type":"post","link":"https:\/\/www.europesays.com\/lv\/35052\/","title":{"rendered":"\u201cNepie\u0146\u0113ma, jo nep\u0101rvalda krievu valodu\u2026\u201d Latvijas Darba likums to aizliedz, ta\u010du realit\u0101t\u0113 cilv\u0113ki joproj\u0101m saskaras ar diskrimin\u0101ciju"},"content":{"rendered":"<p>    <img decoding=\"async\" src=\"https:\/\/www.europesays.com\/lv\/wp-content\/uploads\/2025\/10\/darbs-1024x765.jpg\" alt=\"&#10;\"\/><\/p>\n<p>FOTO: LA.LV kol\u0101\u017ea\n<\/p>\n<p>Latvij\u0101 ir likums, kas nosaka, ka darba dev\u0113js nedr\u012bkst piepras\u012bt sve\u0161valodu zin\u0101\u0161anas, ja t\u0101s nav objekt\u012bvi nepiecie\u0161amas konkr\u0113to darba pien\u0101kumu veik\u0161anai. \u0160\u012b pras\u012bba ir nostiprin\u0101ta Latvijas Darba likuma groz\u012bjumos, kas st\u0101j\u0101s sp\u0113k\u0101 2024. gada 22. oktobr\u012b, tom\u0113r sabiedr\u012bb\u0101 joproj\u0101m izskan pieredzes st\u0101sti par cilv\u0113kiem, kuriem darba pied\u0101v\u0101jums atteikts tie\u0161i sve\u0161valodu zin\u0101\u0161anu tr\u016bkuma d\u0113\u013c.<\/p>\n<p>        Las\u012bt\u0101kie<br \/>\n        <a data-imagesrc=\"{&quot;300&quot;:&quot;https:\\\/\\\/lastatic.ams3.cdn.digitaloceanspaces.com\\\/2021\\\/02\\\/LET_15280184-1-300x205.jpg&quot;,&quot;768&quot;:&quot;https:\\\/\\\/lastatic.ams3.cdn.digitaloceanspaces.com\\\/2021\\\/02\\\/LET_15280184-1-768x524.jpg&quot;,&quot;200&quot;:&quot;https:\\\/\\\/lastatic.ams3.cdn.digitaloceanspaces.com\\\/2021\\\/02\\\/LET_15280184-1-200x136.jpg&quot;,&quot;400&quot;:&quot;https:\\\/\\\/lastatic.ams3.cdn.digitaloceanspaces.com\\\/2021\\\/02\\\/LET_15280184-1-400x273.jpg&quot;,&quot;500&quot;:&quot;https:\\\/\\\/lastatic.ams3.cdn.digitaloceanspaces.com\\\/2021\\\/02\\\/LET_15280184-1-500x341.jpg&quot;,&quot;800&quot;:&quot;https:\\\/\\\/lastatic.ams3.cdn.digitaloceanspaces.com\\\/2021\\\/02\\\/LET_15280184-1-800x546.jpg&quot;,&quot;1000&quot;:&quot;https:\\\/\\\/lastatic.ams3.cdn.digitaloceanspaces.com\\\/2021\\\/02\\\/LET_15280184-1.jpg&quot;}\" data-focuspoint=\"&quot;&quot;\" data-p=\"2457509\" href=\"https:\/\/www.la.lv\/ka-var-nozombet-cilvekus-veidemane-izsakas-par-vienu-no-lielakajiem-pedejo-gadu-protestiem-riga\" class=\"content-item lazy-load\" wp_automatic_readability=\"26.5\" rel=\"nofollow noopener\" target=\"_blank\"><\/p>\n<p>                                <img decoding=\"async\" src=\"\" alt=\"\" style=\"\" data-imageid=\"\"\/><\/p>\n<p>                                            \u201cK\u0101 var nozomb\u0113t cilv\u0113kus!\u201d Veidemane izsak\u0101s par vienu no liel\u0101kajiem p\u0113d\u0113jo gadu protestiem R\u012bg\u0101\n                            <\/p>\n<p><\/a><a data-imagesrc=\"{&quot;300&quot;:&quot;https:\\\/\\\/lastatic.ams3.cdn.digitaloceanspaces.com\\\/2022\\\/11\\\/0A0A5710-300x200.jpg&quot;,&quot;1024&quot;:&quot;https:\\\/\\\/lastatic.ams3.cdn.digitaloceanspaces.com\\\/2022\\\/11\\\/0A0A5710-1024x683.jpg&quot;,&quot;768&quot;:&quot;https:\\\/\\\/lastatic.ams3.cdn.digitaloceanspaces.com\\\/2022\\\/11\\\/0A0A5710-768x512.jpg&quot;,&quot;200&quot;:&quot;https:\\\/\\\/lastatic.ams3.cdn.digitaloceanspaces.com\\\/2022\\\/11\\\/0A0A5710-200x133.jpg&quot;,&quot;400&quot;:&quot;https:\\\/\\\/lastatic.ams3.cdn.digitaloceanspaces.com\\\/2022\\\/11\\\/0A0A5710-400x267.jpg&quot;,&quot;500&quot;:&quot;https:\\\/\\\/lastatic.ams3.cdn.digitaloceanspaces.com\\\/2022\\\/11\\\/0A0A5710-500x333.jpg&quot;,&quot;800&quot;:&quot;https:\\\/\\\/lastatic.ams3.cdn.digitaloceanspaces.com\\\/2022\\\/11\\\/0A0A5710-800x533.jpg&quot;,&quot;1000&quot;:&quot;https:\\\/\\\/lastatic.ams3.cdn.digitaloceanspaces.com\\\/2022\\\/11\\\/0A0A5710-1000x667.jpg&quot;,&quot;1200&quot;:&quot;https:\\\/\\\/lastatic.ams3.cdn.digitaloceanspaces.com\\\/2022\\\/11\\\/0A0A5710.jpg&quot;}\" data-focuspoint=\"&quot;&quot;\" data-p=\"2457169\" href=\"https:\/\/www.la.lv\/vispar-vajadzetu-aizliegt-donu-un-vina-jauno-dziesmu-muzika-jaunakais-veikums-izraisa-negaiditu-sabiedribas-reakciju\" class=\"content-item lazy-load\" wp_automatic_readability=\"26.5\" rel=\"nofollow noopener\" target=\"_blank\"><\/p>\n<p>                                <img decoding=\"async\" src=\"\" alt=\"\" style=\"\" data-imageid=\"\"\/><\/p>\n<p>                                Kokteilis<\/p>\n<p>                                            \u201cVisp\u0101r vajadz\u0113tu aizliegt Donu un vi\u0146a jauno dziesmu\u2026\u201d M\u016bzi\u0137a jaun\u0101kais veikums izraisa negaid\u012btu sabiedr\u012bbas reakciju<\/p>\n<p><\/a><a data-imagesrc=\"{&quot;300&quot;:&quot;https:\\\/\\\/lastatic.ams3.cdn.digitaloceanspaces.com\\\/2025\\\/10\\\/LET_367862-300x226.jpg&quot;,&quot;1024&quot;:&quot;https:\\\/\\\/lastatic.ams3.cdn.digitaloceanspaces.com\\\/2025\\\/10\\\/LET_367862-1024x772.jpg&quot;,&quot;1536&quot;:&quot;https:\\\/\\\/lastatic.ams3.cdn.digitaloceanspaces.com\\\/2025\\\/10\\\/LET_367862-1536x1159.jpg&quot;,&quot;500&quot;:&quot;https:\\\/\\\/lastatic.ams3.cdn.digitaloceanspaces.com\\\/2025\\\/10\\\/LET_367862-500x377.jpg&quot;,&quot;800&quot;:&quot;https:\\\/\\\/lastatic.ams3.cdn.digitaloceanspaces.com\\\/2025\\\/10\\\/LET_367862-800x603.jpg&quot;,&quot;2560&quot;:&quot;https:\\\/\\\/lastatic.ams3.cdn.digitaloceanspaces.com\\\/2025\\\/10\\\/LET_367862-scaled.jpg&quot;}\" data-focuspoint=\"&quot;&quot;\" data-p=\"2457516\" href=\"https:\/\/www.la.lv\/video-par-3-latiem-jelgavas-ledus-halle-22-gadus-vecs-prata-vetras-reklamas-video-liek-ieplest-acis\" class=\"content-item lazy-load\" wp_automatic_readability=\"26.5\" rel=\"nofollow noopener\" target=\"_blank\"><\/p>\n<p>                                <img decoding=\"async\" src=\"\" alt=\"\" style=\"\" data-imageid=\"\"\/><\/p>\n<p>                                            VIDEO. \u201cPar 3 latiem Jelgavas Ledus hall\u0113!\u201d 22 gadus vecs \u201cPr\u0101ta V\u0113tras\u201d rekl\u0101mas video liek ieplest acis<\/p>\n<p><\/a><br \/>\n        <a class=\"read-more\" href=\"https:\/\/www.la.lv\/top\" rel=\"nofollow noopener\" target=\"_blank\">Las\u012bt citas zi\u0146as<\/a><\/p>\n<p><a href=\"https:\/\/likumi.lv\/ta\/id\/26019-darba-likums\" rel=\"nofollow noopener\" target=\"_blank\">Darba likum\u0101 teikts<\/a> \u2013 darba sludin\u0101jum\u0101 aizliegts nor\u0101d\u012bt konkr\u0113tas sve\u0161valodas prasmi, iz\u0146emot gad\u012bjumu, kad t\u0101 pamatoti nepiecie\u0161ama darba pien\u0101kumu veik\u0161anai. Sve\u0161valodas prasme nav uzskat\u0101ma par pamatoti nepiecie\u0161amu darba pien\u0101kumu veik\u0161anai, ja darbs saist\u012bts ar pre\u010du ra\u017eo\u0161anu, pakalpojumu snieg\u0161anu vai cit\u0101m darb\u012bb\u0101m Latvijas iek\u0161\u0113j\u0101 tirg\u016b. \u0160o noteikumu var neattiecin\u0101t uz t\u0101diem darbiem Latvijas iek\u0161\u0113j\u0101 tirg\u016b, kur sve\u0161valodas prasme ir attiec\u012bg\u0101 darba veik\u0161anas vai attiec\u012bg\u0101s nodarbo\u0161an\u0101s objekt\u012bvs un pamatots priek\u0161noteikums, tai skait\u0101 ja darba izpilde ir saist\u012bta\u00a0ar\u00a0\u0101rvalst\u012bm.<\/p>\n<p>Lai ar\u012b likums nosaka, ka sve\u0161valodu pras\u012bbas dr\u012bkst piepras\u012bt tikai tad, ja t\u0101s ir objekt\u012bvi nepiecie\u0161amas, realit\u0101t\u0113 situ\u0101cija bie\u017ei vien at\u0161\u0137iras.<\/p>\n<p>    CITI \u0160OBR\u012aD LASA<\/p>\n<p>Lietot\u0101js ar segv\u0101rdu @taisnibaskalps soci\u0101lo mediju platform\u0101 \u201cX\u201d dal\u0101s pieredz\u0113, st\u0101stot, ka vi\u0146a m\u0101s\u012bcas meita bija pieteikusies darb\u0101 \u201cTele2 Latvija\u201d apkalpo\u0161anas centr\u0101, ta\u010du p\u0113c intervijas vi\u0146u darb\u0101 nepie\u0146\u0113ma, jo vi\u0146a nep\u0101rvalda krievu valodu.<\/p>\n<p>Lietot\u0101js Andris gan nor\u0101da, ka priv\u0101taj\u0101s strukt\u016br\u0101s, apkalpojo\u0161\u0101 sf\u0113r\u0101 priek\u0161roka vienm\u0113r b\u016bs tiem darbiniekiem, kuri prot potenci\u0101lo klientu valodas. M\u016bsu re\u0123ion\u0101 t\u0101s ir: latvie\u0161u oblig\u0101ti, ang\u013cu, krievu, v\u0101cu v\u0113lams.<\/p>\n<p>K\u0101rlis gan opon\u0113 Andra pausto viedokli un raksta: \u201cMu\u013c\u0137\u012bbas! Cik latvietim valodas j\u0101prot, lai str\u0101d\u0101tu sav\u0101 valst\u012b, sav\u0101 zem\u0113? Interesanti, vai po\u013ciem, \u010dehiem, slov\u0101kiem, ung\u0101riem, serbiem, franc\u016b\u017eiem, v\u0101cie\u0161iem, sp\u0101\u0146iem, u.c., sav\u0101s valst\u012bs k\u0101du citu valodu v\u0113l j\u0101prot, iz\u0146emot valsts valodu? N\u0113! Vi\u0146i iztiek vien ar savu valodu!\u201d<\/p>\n<p>Citi soci\u0101lo mediju lietot\u0101ji nor\u0101da, ka pietiek piezvan\u012bt jebkuram uz\u0146\u0113mumam un paklaus\u012bties, k\u0101du tausti\u0146u j\u0101nospie\u017e, lai izv\u0113l\u0113tos latvie\u0161u vai citas valodas, tad ar\u012b k\u013c\u016bst skaidrs, kuriem uz\u0146\u0113mumiem ir nepiecie\u0161ami darbinieki ar krievu valodas zin\u0101\u0161an\u0101m.<\/p>\n<p>Ar\u012b Tele2 p\u0101rst\u0101vji \u0161o publik\u0101ciju soci\u0101lo mediju platform\u0101 \u201cX\u201d ir paman\u012bju\u0161i un koment\u0101ru sada\u013c\u0101 pievienoju\u0161i savu koment\u0101ru: \u201cLabdien. N\u0113, \u0161\u0101da pras\u012bba nav.\u201d<\/p>\n<blockquote class=\"twitter-tweet\" wp_automatic_readability=\"12.085790884718\">\n<p lang=\"lv\" dir=\"ltr\">Labdien <a href=\"https:\/\/twitter.com\/Tele2Latvia?ref_src=twsrc%5Etfw\" rel=\"nofollow noopener\" target=\"_blank\">@Tele2Latvia<\/a> !<br \/>Vai t\u0101 ir taisn\u012bba, ka j\u016bs joproj\u0101m no potenci\u0101lajiem darbiniekiem prasat krievu valodas prasmes, lai var\u0113tu str\u0101d\u0101t j\u016bsu komp\u0101nij\u0101?<br \/>Neatkar\u012bgi kur\u0101 Latvijas nost\u016br\u012b atrodas j\u016bsu iest\u0101de, ta\u010du nevienam darbiniekam nav pien\u0101kums klientu apkalpot krieviski!!! <a href=\"https:\/\/t.co\/jyPO88cdpk\" rel=\"nofollow\">https:\/\/t.co\/jyPO88cdpk<\/a><\/p>\n<p>\u2014 K\u0101rlis Knauss (@karlisknauss) <a href=\"https:\/\/twitter.com\/karlisknauss\/status\/1983166005506674699?ref_src=twsrc%5Etfw\" rel=\"nofollow noopener\" target=\"_blank\">October 28, 2025<\/a><\/p>\n<\/blockquote>\n<blockquote class=\"twitter-tweet\" data-conversation=\"none\" wp_automatic_readability=\"6.7450980392157\">\n<p lang=\"lv\" dir=\"ltr\">Cilv\u0113ki vienm\u0113r mekl\u0113 attaisnojumus savam neveiksm\u0113m<\/p>\n<p>\u2014 Roland Dzenis (@sinezd_) <a href=\"https:\/\/twitter.com\/sinezd_\/status\/1983255823812862013?ref_src=twsrc%5Etfw\" rel=\"nofollow noopener\" target=\"_blank\">October 28, 2025<\/a><\/p>\n<\/blockquote>\n<p>    LA.LV Aptauja<br \/>\n    Vai, tavupr\u0101t, darba dev\u0113jiem vajadz\u0113tu piepras\u012bt sve\u0161valodu zin\u0101\u0161anas tikai tad, ja t\u0101s ir objekt\u012bvi nepiecie\u0161amas darbam?<\/p>\n<ul class=\"poll-options\" wp_automatic_readability=\"0\">\n<li class=\"poll-option\" data-id=\"cfcd208495d565ef66e7dff9f98764da\" wp_automatic_readability=\"0\">\n<p>J\u0101, tas ir taisn\u012bgi un nepiecie\u0161ami<\/p>\n<\/li>\n<li class=\"poll-option\" data-id=\"c4ca4238a0b923820dcc509a6f75849b\" wp_automatic_readability=\"0\">\n<p>N\u0113, da\u017ek\u0101rt sve\u0161valodu zin\u0101\u0161anas ir noder\u012bgas ar\u012b citos gad\u012bjumos<\/p>\n<\/li>\n<li class=\"poll-option\" data-id=\"c81e728d9d4c2f636f067f89cc14862c\">\n<p>Nezinu\/nav viedok\u013ca<\/p>\n<\/li>\n<\/ul>\n<p>T\u0113mas<\/p>\n<p>    SAIST\u012aTIE RAKSTI<\/p>\n<p>                            <script async src=\"https:\/\/platform.twitter.com\/widgets.js\" charset=\"utf-8\"><\/script><\/p>\n","protected":false},"excerpt":{"rendered":"FOTO: LA.LV kol\u0101\u017ea Latvij\u0101 ir likums, kas nosaka, ka darba dev\u0113js nedr\u012bkst piepras\u012bt sve\u0161valodu zin\u0101\u0161anas, ja t\u0101s nav&hellip;\n","protected":false},"author":2,"featured_media":35053,"comment_status":"","ping_status":"","sticky":false,"template":"","format":"standard","meta":{"footnotes":""},"categories":[5],"tags":[23,28,29,32,33,22,30,31,35,39,38,36,37,34,40,20,26,27,24,25,21],"class_list":{"0":"post-35052","1":"post","2":"type-post","3":"status-publish","4":"format-standard","5":"has-post-thumbnail","7":"category-aktualitates","8":"tag-aktualitates","9":"tag-breaking-news","10":"tag-breakingnews","11":"tag-featured-news","12":"tag-featurednews","13":"tag-headlines","14":"tag-latest-news","15":"tag-latestnews","16":"tag-latvia","17":"tag-latvian","18":"tag-latviesu","19":"tag-latviesu-valoda","20":"tag-latviesuvaloda","21":"tag-latvija","22":"tag-lv","23":"tag-news","24":"tag-popularakas-zinas","25":"tag-popularakaszinas","26":"tag-top-stories","27":"tag-topstories","28":"tag-zinas"},"share_on_mastodon":{"url":"https:\/\/pubeurope.com\/@lv\/115462346083392572","error":""},"_links":{"self":[{"href":"https:\/\/www.europesays.com\/lv\/wp-json\/wp\/v2\/posts\/35052","targetHints":{"allow":["GET"]}}],"collection":[{"href":"https:\/\/www.europesays.com\/lv\/wp-json\/wp\/v2\/posts"}],"about":[{"href":"https:\/\/www.europesays.com\/lv\/wp-json\/wp\/v2\/types\/post"}],"author":[{"embeddable":true,"href":"https:\/\/www.europesays.com\/lv\/wp-json\/wp\/v2\/users\/2"}],"replies":[{"embeddable":true,"href":"https:\/\/www.europesays.com\/lv\/wp-json\/wp\/v2\/comments?post=35052"}],"version-history":[{"count":0,"href":"https:\/\/www.europesays.com\/lv\/wp-json\/wp\/v2\/posts\/35052\/revisions"}],"wp:featuredmedia":[{"embeddable":true,"href":"https:\/\/www.europesays.com\/lv\/wp-json\/wp\/v2\/media\/35053"}],"wp:attachment":[{"href":"https:\/\/www.europesays.com\/lv\/wp-json\/wp\/v2\/media?parent=35052"}],"wp:term":[{"taxonomy":"category","embeddable":true,"href":"https:\/\/www.europesays.com\/lv\/wp-json\/wp\/v2\/categories?post=35052"},{"taxonomy":"post_tag","embeddable":true,"href":"https:\/\/www.europesays.com\/lv\/wp-json\/wp\/v2\/tags?post=35052"}],"curies":[{"name":"wp","href":"https:\/\/api.w.org\/{rel}","templated":true}]}}