{"id":35062,"date":"2025-10-30T09:34:06","date_gmt":"2025-10-30T09:34:06","guid":{"rendered":"https:\/\/www.europesays.com\/lv\/35062\/"},"modified":"2025-10-30T09:34:06","modified_gmt":"2025-10-30T09:34:06","slug":"vaira-vike-freiberga-dalas-ar-skaudru-stastu-un-uzruna-visas-latvijas-sievietes-santa","status":"publish","type":"post","link":"https:\/\/www.europesays.com\/lv\/35062\/","title":{"rendered":"Vaira V\u012b\u0137e-Freiberga dal\u0101s ar skaudru st\u0101stu un uzrun\u0101 visas Latvijas sievietes \u2014 Santa"},"content":{"rendered":"<p>Katru gadu Latvij\u0101 <a data-id=\"1431\" href=\"https:\/\/www.santa.lv\/tema\/1431\/kruts-vezis?utm_source=internal&amp;utm_medium=article&amp;utm_campaign=theme_link\" target=\"_blank\" rel=\"nofollow noopener\">kr\u016bts v\u0113zis<\/a> prasa simtiem dz\u012bv\u012bbu. 2024. gad\u0101 no \u0161\u012bs diagnozes mira 359 sievietes. Statistika liecina, ka vienai no asto\u0146\u0101m sieviet\u0113m dz\u012bves laik\u0101 tiks diagnostic\u0113ts kr\u016bts v\u0113zis, un bie\u017ei tas tiek atkl\u0101ts jau nov\u0113loti, III vai IV stadij\u0101. \u0100rsti uzsver: kr\u016bts v\u0113zis ir iz\u0101rst\u0113jams, ja tas tiek atkl\u0101ts laikus. Tom\u0113r daudzas sievietes joproj\u0101m izvair\u0101s no regul\u0101r\u0101m kr\u016b\u0161u vesel\u012bbas p\u0101rbaud\u0113m bai\u013cu, aiz\u0146emt\u012bbas vai aizspriedumu d\u0113\u013c.<\/p>\n<p>\u00abD\u0101rg\u0101s Latvijas sievietes, l\u016bdzu, ejiet uz p\u0101rbaud\u0113m! P\u0101rbaudiet pa\u0161as sevi un, l\u016bdzu, l\u016bdzu, ja jums ir bailes no slikt\u0101m zi\u0146\u0101m, tad saprotiet, ka medic\u012bnas sp\u0113ki \u0161odien jums var \u0161\u012bs bailes at\u0146emt un j\u016bs iz\u0101rst\u0113t,\u00bb saka eksprezidente Vaira V\u012b\u0137e-Freiberga. \u00abEs varu liecin\u0101t, ka mana nabaga m\u0101te tie\u0161i man atzin\u0101s, ka ir atradusi bumbuli kr\u016bt\u012bs, bet vi\u0146ai bija bailes iet pie \u0101rsta. T\u0101s slikt\u0101s zi\u0146as bija j\u0101dab\u016b t\u0101 vai t\u0101,\u00bb st\u0101st\u0101 dal\u0101s Freiberga.<\/p>\n<p>\u00abKop\u0161 2019. gad\u0101 aizs\u0101k\u0101m \u00abpupkult\u016bras\u00bb kust\u012bbu iez\u012bm\u0113jas pozit\u012bva tendence \u2013 mirst\u012bba Latvij\u0101 no kr\u016bts v\u0113\u017ea ir samazin\u0101jusies un agr\u012bn\u0101 stad\u012bj\u0101 atkl\u0101to gad\u012bjumu \u012bpatsvars pieaug, ta\u010du esam v\u0113l \u013coti t\u0101lu no ES vid\u0113jiem r\u0101d\u012bt\u0101jiem. Diem\u017e\u0113l m\u016bsu kampa\u0146as ar\u012b izgaismo tr\u016bkumus vesel\u012bbas sist\u0113m\u0101, \u012bpa\u0161i saist\u012bb\u0101 ar pakalpojumu pieejam\u012bbu. No vienas puses aicin\u0101m sievietes b\u016bt atbild\u012bg\u0101m un regul\u0101ri p\u0101rbaud\u012bties, bet vi\u0146as savuk\u0101rt atkl\u0101j, ka nevar to izdar\u012bt garo rindu d\u0113\u013c\u00bb, saka fonda Roz\u0101 vilciens dibin\u0101t\u0101ja Zinta Uskale.<\/p>\n<p>Soci\u0101lajos t\u012bklos Roz\u0101 zv\u0113restam\u00a0pievienoju\u0161\u0101s ar\u012b daudzas sabiedr\u012bb\u0101 paz\u012bstamas sievietes \u2013 \u0101rlietu ministre Baiba Bra\u017ee, raid\u012bjumu vad\u012bt\u0101ja Baiba Sipeniece, laika zi\u0146u vad\u012bt\u0101ja R\u016bta Dvinska, volejboliste Anastasija Samoilova, komi\u0137e Sanda Dejus un citas.<\/p>\n<p>\u00a0<\/p>\n","protected":false},"excerpt":{"rendered":"Katru gadu Latvij\u0101 kr\u016bts v\u0113zis prasa simtiem dz\u012bv\u012bbu. 2024. gad\u0101 no \u0161\u012bs diagnozes mira 359 sievietes. Statistika liecina,&hellip;\n","protected":false},"author":2,"featured_media":35063,"comment_status":"","ping_status":"","sticky":false,"template":"","format":"standard","meta":{"footnotes":""},"categories":[12],"tags":[23,28,29,32,33,22,30,31,35,39,38,36,37,34,40,20,26,27,24,25,21],"class_list":{"0":"post-35062","1":"post","2":"type-post","3":"status-publish","4":"format-standard","5":"has-post-thumbnail","7":"category-latvija","8":"tag-aktualitates","9":"tag-breaking-news","10":"tag-breakingnews","11":"tag-featured-news","12":"tag-featurednews","13":"tag-headlines","14":"tag-latest-news","15":"tag-latestnews","16":"tag-latvia","17":"tag-latvian","18":"tag-latviesu","19":"tag-latviesu-valoda","20":"tag-latviesuvaloda","21":"tag-latvija","22":"tag-lv","23":"tag-news","24":"tag-popularakas-zinas","25":"tag-popularakaszinas","26":"tag-top-stories","27":"tag-topstories","28":"tag-zinas"},"share_on_mastodon":{"url":"https:\/\/pubeurope.com\/@lv\/115462436486472732","error":""},"_links":{"self":[{"href":"https:\/\/www.europesays.com\/lv\/wp-json\/wp\/v2\/posts\/35062","targetHints":{"allow":["GET"]}}],"collection":[{"href":"https:\/\/www.europesays.com\/lv\/wp-json\/wp\/v2\/posts"}],"about":[{"href":"https:\/\/www.europesays.com\/lv\/wp-json\/wp\/v2\/types\/post"}],"author":[{"embeddable":true,"href":"https:\/\/www.europesays.com\/lv\/wp-json\/wp\/v2\/users\/2"}],"replies":[{"embeddable":true,"href":"https:\/\/www.europesays.com\/lv\/wp-json\/wp\/v2\/comments?post=35062"}],"version-history":[{"count":0,"href":"https:\/\/www.europesays.com\/lv\/wp-json\/wp\/v2\/posts\/35062\/revisions"}],"wp:featuredmedia":[{"embeddable":true,"href":"https:\/\/www.europesays.com\/lv\/wp-json\/wp\/v2\/media\/35063"}],"wp:attachment":[{"href":"https:\/\/www.europesays.com\/lv\/wp-json\/wp\/v2\/media?parent=35062"}],"wp:term":[{"taxonomy":"category","embeddable":true,"href":"https:\/\/www.europesays.com\/lv\/wp-json\/wp\/v2\/categories?post=35062"},{"taxonomy":"post_tag","embeddable":true,"href":"https:\/\/www.europesays.com\/lv\/wp-json\/wp\/v2\/tags?post=35062"}],"curies":[{"name":"wp","href":"https:\/\/api.w.org\/{rel}","templated":true}]}}