{"id":35068,"date":"2025-10-30T09:44:10","date_gmt":"2025-10-30T09:44:10","guid":{"rendered":"https:\/\/www.europesays.com\/lv\/35068\/"},"modified":"2025-10-30T09:44:10","modified_gmt":"2025-10-30T09:44:10","slug":"baltic-storage-platform-piesaista-856-miljonu-eiro-finansejumu-vienam-no-lielakajiem-akumulatoru-parkiem-kontinentalaja-eiropa-uzladets","status":"publish","type":"post","link":"https:\/\/www.europesays.com\/lv\/35068\/","title":{"rendered":"Baltic Storage Platform piesaista 85,6 miljonu eiro finans\u0113jumu vienam no liel\u0101kajiem akumulatoru parkiem kontinent\u0101laj\u0101 Eirop\u0101 \u2013 Uzl\u0101d\u0113ts"},"content":{"rendered":"<p>Baltic Storage Platform (BSP), kur\u0101 l\u012bdzdarbojas Francijas neatkar\u012bgais saules ener\u0123ijas ra\u017eot\u0101js Corsica Sole, Igaunijas vado\u0161ais atjaunojam\u0101s ener\u0123ijas uz\u0146\u0113mums Evecon un Mirova, kas specializ\u0113jas ilgtsp\u0113jas projektu finans\u0113\u0161an\u0101, saviem akumulatoru parku projektiem Hertz 1 un Hertz 2 ir nodro\u0161in\u0101jis Eiropas Rekonstrukcijas un att\u012bst\u012bbas bankas (EBRD), Edmond de Rothschild Asset Management un Zieme\u013cu invest\u012bciju bankas (NIB) finans\u0113jumu 85,6 miljonu eiro apm\u0113r\u0101.<\/p>\n<p>Pirmais \u0161\u0101da veida dar\u012bjums Baltijas re\u0123ion\u0101<\/p>\n<p>Baltijas valstu v\u0113stur\u0113 \u0161is ir pirmais dar\u012bjums, kura finans\u0113juma strukt\u016bra piln\u012bb\u0101 balst\u0101s uz ie\u0146\u0113mumiem, ko rada ener\u0123ijas uzglab\u0101\u0161anas akt\u012bvi. Tas ar\u012b uzskat\u0101mi par\u0101da priv\u0101t\u0101 sektora tie\u0161o invest\u012bciju noz\u012bmi strat\u0113\u0123iskaj\u0101 ener\u0123\u0113tikas infrastrukt\u016br\u0101, jo sniedz konkr\u0113tu risin\u0101jumu Baltijas re\u0123iona energoapg\u0101des dro\u0161\u012bbas un ener\u0123\u0113tisk\u0101s neatkar\u012bbas izaicin\u0101jumiem.<\/p>\n<p>Gan EBRD, gan NIB aizdevumus da\u013c\u0113ji nodro\u0161ina ES InvestEU programmas riska segums, kas paredz pirmo zaud\u0113jumu kompens\u0113\u0161anu.<\/p>\n<p><a href=\"https:\/\/uzladets.lv\/elektrumdrive251014kv\" target=\"_blank\" rel=\"nofollow noopener\"><img decoding=\"async\" src=\"https:\/\/www.europesays.com\/lv\/wp-content\/uploads\/2025\/10\/1761817448_751_Uzladets.lv_300x250px-8.png\" style=\"max-width: 300px; max-height:250px;\"\/><\/a><img loading=\"lazy\" decoding=\"async\" src=\"https:\/\/www.europesays.com\/lv\/wp-content\/uploads\/2025\/10\/1761054191_51_\" border=\"0\" width=\"1\" height=\"1\"\/><\/p>\n<blockquote class=\"wp-block-quote is-layout-flow wp-block-quote-is-layout-flow\">\n<p>Ener\u0123ijas uzglab\u0101\u0161anas pojekti palielina atjaunojam\u0101s ener\u0123ijas \u012bpatsvaru ener\u0123\u0113tikas bilanc\u0113. Tie ne tikai stiprina Baltijas valstu klimata un atjaunojam\u0101s ener\u0123ijas amb\u012bcijas, bet ar\u012b veicina re\u0123iona ener\u0123\u0113tisko dro\u0161\u012bbu. Esam gandar\u012bti, ka varam atbalst\u012bt \u0161os strat\u0113\u0123iskos ieguld\u012bjumus, un ar nepaciet\u012bbu gaid\u0101m iesp\u0113ju \u0161\u0101du projektu pievilc\u012bbu un dz\u012bvotsp\u0113ju pier\u0101d\u012bt ar\u012b citviet re\u0123ion\u0101.<\/p>\n<p> EBRD Eiropas ener\u0123\u0113tikas noda\u013cas vad\u012bt\u0101js Gregor\u017es Zieli\u0146skis (Grzegorz Zielinski)<\/p><\/blockquote>\n<p>Daudznacion\u0101lu instit\u016bciju un priv\u0101to investoru sadarb\u012bba ir sp\u0113c\u012bgs sign\u0101ls: liela m\u0113roga ener\u0123ijas uzglab\u0101\u0161anas projekti tagad tiek uzskat\u012bti par dz\u012bvotsp\u0113j\u012bgiem akt\u012bviem, kas var piesaist\u012bt priv\u0101to kapit\u0101lu Eiropas ener\u0123\u0113tikas p\u0101rejas atbalstam.<\/p>\n<p>Strat\u0113\u0123isks projekts Eiropas ener\u0123\u0113tiskajai neatkar\u012bbai<\/p>\n<p>Finans\u0113jumu sa\u0146ems divi projekti K\u012bs\u0101 un Arukil\u0101, aptuveni 25 kilometru att\u0101lum\u0101 no Tallinas. Projekti Hertz 1 un Hertz 2, kuru kop\u0113j\u0101 jauda ir 200 MW un uzglab\u0101\u0161anas kapacit\u0101te sasniedz 400 MWh, veidos vienu no liel\u0101kajiem akumulatoru kompleksiem kontinent\u0101laj\u0101 Eirop\u0101. \u0160iem akt\u012bviem b\u016bs b\u016btiska loma elektroener\u0123ijas sist\u0113mas stabiliz\u0113\u0161an\u0101 p\u0113c \u0161ogad \u012bstenot\u0101s Baltijas valstu sinhroniz\u0101cijas ar Eiropas t\u012bklu, k\u0101 ar\u012b pa\u0101trin\u0101s atteik\u0161anos no fosil\u0101 kurin\u0101m\u0101.<\/p>\n<blockquote class=\"wp-block-quote is-layout-flow wp-block-quote-is-layout-flow\">\n<p>Hertz 1 un Hertz 2 Igaunijai ir vair\u0101k nek\u0101 tikai projekti \u2013 tie ir strat\u0113\u0123iskas infrastrukt\u016bras objekti, un tie pier\u0101da, ka ener\u0123\u0113tikas p\u0101reja notiek \u0161eit un tagad. Dr\u012bzum\u0101 gaid\u0101m\u0101 Hertz 1 nodo\u0161ana ekspluat\u0101cij\u0101 par\u0101da, ka finans\u0113jumu sa\u0146em re\u0101ls projekts, kura b\u016bvniec\u012bba jau rit piln\u0101 spar\u0101.<\/p>\n<p>Evecon izpilddirektors Karls-Jonatans Kvells (Karl-Joonatan Kvell)<\/p><\/blockquote>\n<p>Projekt\u0101 Hertz 1 ieviests ar\u012b b\u016btisks tehnolo\u0123isks jaunin\u0101jums \u2013 piesl\u0113gumu 330 kV p\u0101rvades t\u012bklam nodro\u0161ina pazemes kabelis, kas ir pirmais \u0161\u0101da veida risin\u0101jums Igaunij\u0101. Tas uzlabo t\u012bkla notur\u012bbu un veicina atjaunojam\u0101s ener\u0123ijas integr\u0101ciju.<\/p>\n<blockquote class=\"wp-block-quote is-layout-flow wp-block-quote-is-layout-flow\">\n<p>Corsica Sole pieredzi ir uzkr\u0101jusi projektos Francijai piedero\u0161\u0101s sal\u0101s un Be\u013c\u0123ij\u0101. Ar projektiem Hertz 1 un Hertz 2 m\u0113s savas unik\u0101l\u0101s zin\u0101\u0161anas dodam t\u0101l\u0101k, lai veicin\u0101tu Eiropas t\u012bkla stabilit\u0101ti un Baltijas valstu ener\u0123\u0113tisko suverenit\u0101ti.<\/p>\n<p>Corsica Sole izpilddirektors Maikls Kudiz\u0113rs (Michael Coudyser)<\/p><\/blockquote>\n<p>Hertz 1 un Hertz 2 akumulatoru parku izveide ir ieg\u0101jusi nosl\u0113dzo\u0161aj\u0101 f\u0101z\u0113. Projekts Hertz 1, kas atrodas K\u012bs\u0101, tika piesl\u0113gts t\u012bklam 2025. gada 1. oktobr\u012b, un t\u0101 nodo\u0161ana ekspluat\u0101cij\u0101 paredz\u0113ta 2025. gada beig\u0101s. Savuk\u0101rt pilnu t\u012bkla pakalpojumu kl\u0101stu pl\u0101nots nodro\u0161in\u0101t jau 2026. gada pirmaj\u0101 ceturksn\u012b. Projekt\u0101 Hertz 2 \u0161obr\u012bd akt\u012bvi turpin\u0101s b\u016bvniec\u012bba, un pl\u0101nots, ka tas darbu s\u0101ks 2026. gada decembr\u012b.<\/p>\n<blockquote class=\"wp-block-quote is-layout-flow wp-block-quote-is-layout-flow\">\n<p>Mirova \u0161os projektus atbalsta kop\u0161 2024. gada un lepojas, ka ir da\u013ca no partner\u012bbas ar Corsica Sole un Evecon. Finan\u0161u dar\u012bjuma nosl\u0113g\u0161ana ar tik augstas klases aizdev\u0113jiem apliecina pla\u0161a m\u0113roga ener\u0123ijas uzglab\u0101\u0161anas projektu, tostarp Igaunijas Hertz 1 un Hertz 2 akumulatoru parku, dz\u012bvotsp\u0113ju un iez\u012bm\u0113 skaidru ce\u013cu jaun\u0101s paaudzes zemo oglek\u013ca izme\u0161u infrastrukt\u016brai.<\/p>\n<p>Mirova glob\u0101lo priv\u0101to akt\u012bvu vad\u012bt\u0101js Rafa\u0113ls Lanss (Rapha\u00ebl Lance)<\/p><\/blockquote>\n<p>Par Baltic Storage Platform<\/p>\n<p>Baltic Storage Platform O\u00dc ir kopuz\u0146\u0113mums, ko dibin\u0101ju\u0161as komp\u0101nijas Evecon, Corsica Sole un Mirova. Kopuz\u0146\u0113muma m\u0113r\u0137is ir izstr\u0101d\u0101t, b\u016bv\u0113t un ekspluat\u0113t divus liela m\u0113roga ener\u0123ijas uzglab\u0101\u0161anas parkus Igaunij\u0101.<\/p>\n<p><a href=\"https:\/\/mistape.com\" target=\"_blank\" rel=\"nofollow noopener\" class=\"mistape-link mistape-logo\"><\/a><\/p>\n<p>Ja rakst\u0101 paman\u012bji k\u013c\u016bdu, padod mums par to zi\u0146u, iez\u012bm\u0113jot a\u010dg\u0101rno tekstu un nospie\u017eot Ctrl+Enter. Paldies!<\/p>\n<p>&#13;<br \/>\n                    0&#13;<br \/>\n                    0&#13;<br \/>\n                    balsojumi<\/p>\n<p>Raksta nov\u0113rt\u0113jums<\/p>\n<p>\t\tPost navigation<\/p>\n","protected":false},"excerpt":{"rendered":"Baltic Storage Platform (BSP), kur\u0101 l\u012bdzdarbojas Francijas neatkar\u012bgais saules ener\u0123ijas ra\u017eot\u0101js Corsica Sole, Igaunijas vado\u0161ais atjaunojam\u0101s ener\u0123ijas uz\u0146\u0113mums&hellip;\n","protected":false},"author":2,"featured_media":35069,"comment_status":"","ping_status":"","sticky":false,"template":"","format":"standard","meta":{"footnotes":""},"categories":[16],"tags":[10314,10315,8585,77,76,73,10316,35,39,38,36,37,34,40,2794],"class_list":{"0":"post-35068","1":"post","2":"type-post","3":"status-publish","4":"format-standard","5":"has-post-thumbnail","7":"category-bizness","8":"tag-arukila","9":"tag-baltic-storage-platform","10":"tag-bess","11":"tag-bizness","12":"tag-business","13":"tag-igaunija","14":"tag-kisa","15":"tag-latvia","16":"tag-latvian","17":"tag-latviesu","18":"tag-latviesu-valoda","19":"tag-latviesuvaloda","20":"tag-latvija","21":"tag-lv","22":"tag-tallina"},"share_on_mastodon":{"url":"https:\/\/pubeurope.com\/@lv\/115462475853707228","error":""},"_links":{"self":[{"href":"https:\/\/www.europesays.com\/lv\/wp-json\/wp\/v2\/posts\/35068","targetHints":{"allow":["GET"]}}],"collection":[{"href":"https:\/\/www.europesays.com\/lv\/wp-json\/wp\/v2\/posts"}],"about":[{"href":"https:\/\/www.europesays.com\/lv\/wp-json\/wp\/v2\/types\/post"}],"author":[{"embeddable":true,"href":"https:\/\/www.europesays.com\/lv\/wp-json\/wp\/v2\/users\/2"}],"replies":[{"embeddable":true,"href":"https:\/\/www.europesays.com\/lv\/wp-json\/wp\/v2\/comments?post=35068"}],"version-history":[{"count":0,"href":"https:\/\/www.europesays.com\/lv\/wp-json\/wp\/v2\/posts\/35068\/revisions"}],"wp:featuredmedia":[{"embeddable":true,"href":"https:\/\/www.europesays.com\/lv\/wp-json\/wp\/v2\/media\/35069"}],"wp:attachment":[{"href":"https:\/\/www.europesays.com\/lv\/wp-json\/wp\/v2\/media?parent=35068"}],"wp:term":[{"taxonomy":"category","embeddable":true,"href":"https:\/\/www.europesays.com\/lv\/wp-json\/wp\/v2\/categories?post=35068"},{"taxonomy":"post_tag","embeddable":true,"href":"https:\/\/www.europesays.com\/lv\/wp-json\/wp\/v2\/tags?post=35068"}],"curies":[{"name":"wp","href":"https:\/\/api.w.org\/{rel}","templated":true}]}}