{"id":35078,"date":"2025-10-30T09:51:08","date_gmt":"2025-10-30T09:51:08","guid":{"rendered":"https:\/\/www.europesays.com\/lv\/35078\/"},"modified":"2025-10-30T09:51:08","modified_gmt":"2025-10-30T09:51:08","slug":"visi-speki-gatavi-tulitejai-reagesanai-polija-gaisa-pacelusi-reaktivos-iznicinatajus","status":"publish","type":"post","link":"https:\/\/www.europesays.com\/lv\/35078\/","title":{"rendered":"\u201cVisi sp\u0113ki gatavi t\u016bl\u012bt\u0113jai rea\u0123\u0113\u0161anai!\u201d Polija gais\u0101 pac\u0113lusi reakt\u012bvos izn\u012bcin\u0101t\u0101jus"},"content":{"rendered":"<p>    <img decoding=\"async\" src=\"https:\/\/www.europesays.com\/lv\/wp-content\/uploads\/2025\/10\/afp_32jq34x-1-1024x683.jpg\" alt=\"&#10;Reakt\u012bvie izn\u012bcin\u0101t\u0101ji F-16. Ilustrat\u012bvs att\u0113ls&#10;\"\/><\/p>\n<p>Reakt\u012bvie izn\u012bcin\u0101t\u0101ji F-16. Ilustrat\u012bvs att\u0113ls<\/p>\n<p>Foto: AFP\/SCANPIX\n<\/p>\n<p>Rea\u0123\u0113jot uz Krievijas mas\u012bvo uzbrukumu Ukrainai, Polija gais\u0101 pac\u0113lusi reakt\u012bvos izn\u012bcin\u0101t\u0101jus, ceturtdien pav\u0113st\u012bja Polijas Bru\u0146oto sp\u0113ku Operat\u012bv\u0101 pav\u0113lniec\u012bba.<\/p>\n<p>        Las\u012bt\u0101kie<br \/>\n        <a data-imagesrc=\"{&quot;300&quot;:&quot;https:\\\/\\\/lastatic.ams3.cdn.digitaloceanspaces.com\\\/2021\\\/02\\\/LET_15280184-1-300x205.jpg&quot;,&quot;768&quot;:&quot;https:\\\/\\\/lastatic.ams3.cdn.digitaloceanspaces.com\\\/2021\\\/02\\\/LET_15280184-1-768x524.jpg&quot;,&quot;200&quot;:&quot;https:\\\/\\\/lastatic.ams3.cdn.digitaloceanspaces.com\\\/2021\\\/02\\\/LET_15280184-1-200x136.jpg&quot;,&quot;400&quot;:&quot;https:\\\/\\\/lastatic.ams3.cdn.digitaloceanspaces.com\\\/2021\\\/02\\\/LET_15280184-1-400x273.jpg&quot;,&quot;500&quot;:&quot;https:\\\/\\\/lastatic.ams3.cdn.digitaloceanspaces.com\\\/2021\\\/02\\\/LET_15280184-1-500x341.jpg&quot;,&quot;800&quot;:&quot;https:\\\/\\\/lastatic.ams3.cdn.digitaloceanspaces.com\\\/2021\\\/02\\\/LET_15280184-1-800x546.jpg&quot;,&quot;1000&quot;:&quot;https:\\\/\\\/lastatic.ams3.cdn.digitaloceanspaces.com\\\/2021\\\/02\\\/LET_15280184-1.jpg&quot;}\" data-focuspoint=\"&quot;&quot;\" data-p=\"2457509\" href=\"https:\/\/www.la.lv\/ka-var-nozombet-cilvekus-veidemane-izsakas-par-vienu-no-lielakajiem-pedejo-gadu-protestiem-riga\" class=\"content-item lazy-load\" wp_automatic_readability=\"26.5\" rel=\"nofollow noopener\" target=\"_blank\"><\/p>\n<p>                                <img decoding=\"async\" src=\"\" alt=\"\" style=\"\" data-imageid=\"\"\/><\/p>\n<p>                                            \u201cK\u0101 var nozomb\u0113t cilv\u0113kus!\u201d Veidemane izsak\u0101s par vienu no liel\u0101kajiem p\u0113d\u0113jo gadu protestiem R\u012bg\u0101\n                            <\/p>\n<p><\/a><a data-imagesrc=\"{&quot;300&quot;:&quot;https:\\\/\\\/lastatic.ams3.cdn.digitaloceanspaces.com\\\/2022\\\/11\\\/0A0A5710-300x200.jpg&quot;,&quot;1024&quot;:&quot;https:\\\/\\\/lastatic.ams3.cdn.digitaloceanspaces.com\\\/2022\\\/11\\\/0A0A5710-1024x683.jpg&quot;,&quot;768&quot;:&quot;https:\\\/\\\/lastatic.ams3.cdn.digitaloceanspaces.com\\\/2022\\\/11\\\/0A0A5710-768x512.jpg&quot;,&quot;200&quot;:&quot;https:\\\/\\\/lastatic.ams3.cdn.digitaloceanspaces.com\\\/2022\\\/11\\\/0A0A5710-200x133.jpg&quot;,&quot;400&quot;:&quot;https:\\\/\\\/lastatic.ams3.cdn.digitaloceanspaces.com\\\/2022\\\/11\\\/0A0A5710-400x267.jpg&quot;,&quot;500&quot;:&quot;https:\\\/\\\/lastatic.ams3.cdn.digitaloceanspaces.com\\\/2022\\\/11\\\/0A0A5710-500x333.jpg&quot;,&quot;800&quot;:&quot;https:\\\/\\\/lastatic.ams3.cdn.digitaloceanspaces.com\\\/2022\\\/11\\\/0A0A5710-800x533.jpg&quot;,&quot;1000&quot;:&quot;https:\\\/\\\/lastatic.ams3.cdn.digitaloceanspaces.com\\\/2022\\\/11\\\/0A0A5710-1000x667.jpg&quot;,&quot;1200&quot;:&quot;https:\\\/\\\/lastatic.ams3.cdn.digitaloceanspaces.com\\\/2022\\\/11\\\/0A0A5710.jpg&quot;}\" data-focuspoint=\"&quot;&quot;\" data-p=\"2457169\" href=\"https:\/\/www.la.lv\/vispar-vajadzetu-aizliegt-donu-un-vina-jauno-dziesmu-muzika-jaunakais-veikums-izraisa-negaiditu-sabiedribas-reakciju\" class=\"content-item lazy-load\" wp_automatic_readability=\"26.5\" rel=\"nofollow noopener\" target=\"_blank\"><\/p>\n<p>                                <img decoding=\"async\" src=\"\" alt=\"\" style=\"\" data-imageid=\"\"\/><\/p>\n<p>                                Kokteilis<\/p>\n<p>                                            \u201cVisp\u0101r vajadz\u0113tu aizliegt Donu un vi\u0146a jauno dziesmu\u2026\u201d M\u016bzi\u0137a jaun\u0101kais veikums izraisa negaid\u012btu sabiedr\u012bbas reakciju<\/p>\n<p><\/a><a data-imagesrc=\"{&quot;300&quot;:&quot;https:\\\/\\\/lastatic.ams3.cdn.digitaloceanspaces.com\\\/2025\\\/10\\\/LET_367862-300x226.jpg&quot;,&quot;1024&quot;:&quot;https:\\\/\\\/lastatic.ams3.cdn.digitaloceanspaces.com\\\/2025\\\/10\\\/LET_367862-1024x772.jpg&quot;,&quot;1536&quot;:&quot;https:\\\/\\\/lastatic.ams3.cdn.digitaloceanspaces.com\\\/2025\\\/10\\\/LET_367862-1536x1159.jpg&quot;,&quot;500&quot;:&quot;https:\\\/\\\/lastatic.ams3.cdn.digitaloceanspaces.com\\\/2025\\\/10\\\/LET_367862-500x377.jpg&quot;,&quot;800&quot;:&quot;https:\\\/\\\/lastatic.ams3.cdn.digitaloceanspaces.com\\\/2025\\\/10\\\/LET_367862-800x603.jpg&quot;,&quot;2560&quot;:&quot;https:\\\/\\\/lastatic.ams3.cdn.digitaloceanspaces.com\\\/2025\\\/10\\\/LET_367862-scaled.jpg&quot;}\" data-focuspoint=\"&quot;&quot;\" data-p=\"2457516\" href=\"https:\/\/www.la.lv\/video-par-3-latiem-jelgavas-ledus-halle-22-gadus-vecs-prata-vetras-reklamas-video-liek-ieplest-acis\" class=\"content-item lazy-load\" wp_automatic_readability=\"26.5\" rel=\"nofollow noopener\" target=\"_blank\"><\/p>\n<p>                                <img decoding=\"async\" src=\"\" alt=\"\" style=\"\" data-imageid=\"\"\/><\/p>\n<p>                                            VIDEO. \u201cPar 3 latiem Jelgavas Ledus hall\u0113!\u201d 22 gadus vecs \u201cPr\u0101ta V\u0113tras\u201d rekl\u0101mas video liek ieplest acis<\/p>\n<p><\/a><br \/>\n        <a class=\"read-more\" href=\"https:\/\/www.la.lv\/top\" rel=\"nofollow noopener\" target=\"_blank\">Las\u012bt citas zi\u0146as<\/a><\/p>\n<p>\u201cSakar\u0101 ar Krievijas uzbrukumu m\u0113r\u0137iem, kas atrodas Ukrainas teritorij\u0101, Polijas un sabiedroto gaisa sp\u0113ki s\u0101ka oper\u0101cijas m\u016bsu gaisa telp\u0101,\u201d teikts pazi\u0146ojum\u0101.<\/p>\n<p>\u201cAtbilsto\u0161i sp\u0113k\u0101 eso\u0161aj\u0101m proced\u016br\u0101m Polijas Bru\u0146oto sp\u0113ku operat\u012bvais komandieris aktiviz\u0113ja visus vi\u0146a r\u012bc\u012bb\u0101 eso\u0161os sp\u0113kus un resursus\u201d.<\/p>\n<p>    CITI \u0160OBR\u012aD LASA<\/p>\n<p>Gais\u0101 ir pacelti de\u017e\u016br\u0113jo\u0161o izn\u012bcin\u0101t\u0101ju p\u0101ri un radiolok\u0101cijas agr\u012bn\u0101s paman\u012b\u0161anas lidma\u0161\u012bnas, k\u0101 ar\u012b augst\u0101kaj\u0101 gatav\u012bbas pak\u0101p\u0113 ir nost\u0101d\u012btas pretgaisa aizsardz\u012bbas un radiolok\u0101cijas sist\u0113mas, nor\u0101d\u012bja pav\u0113lniec\u012bba.<\/p>\n<p>\u201c\u0160\u012bm oper\u0101cij\u0101m ir prevent\u012bvs raksturs, un to m\u0113r\u0137is ir nodro\u0161in\u0101t gaisa telpas dro\u0161\u012bbu un aizsardz\u012bbu, jo \u012bpa\u0161i teritorij\u0101s, kas robe\u017eojas ar apdraud\u0113taj\u0101m teritorij\u0101m\u201d.<\/p>\n<p>\u201cPolijas Bru\u0146oto sp\u0113ku Operat\u012bv\u0101 pav\u0113lniec\u012bba uzrauga patlaban\u0113jo situ\u0101ciju, un tai pak\u013cautie sp\u0113ki un resursi joproj\u0101m ir gatavi t\u016bl\u012bt\u0113jai rea\u0123\u0113\u0161anai,\u201d teikts pazi\u0146ojum\u0101.<\/p>\n<p>Polija akt\u012bv\u0101k s\u0101kusi rea\u0123\u0113t uz krievu dronu un ra\u0137e\u0161u tuvo\u0161anos t\u0101s robe\u017e\u0101m kop\u0161 10. septembra, kad t\u0101s teritorij\u0101 ielidoja vismaz 19 krievu droni. Vair\u0101ki no tiem tika notriekti.<\/p>\n<p>Kop\u0161 t\u0101 laika ar\u012b NATO aktiviz\u0113jusi centienus austrumu flanga dal\u012bbvalstu gaisa telpas aizsardz\u012bbai.<\/p>\n<p>T\u0113mas<\/p>\n<p>    SAIST\u012aTIE RAKSTI<\/p>\n","protected":false},"excerpt":{"rendered":"Reakt\u012bvie izn\u012bcin\u0101t\u0101ji F-16. Ilustrat\u012bvs att\u0113ls Foto: AFP\/SCANPIX Rea\u0123\u0113jot uz Krievijas mas\u012bvo uzbrukumu Ukrainai, Polija gais\u0101 pac\u0113lusi reakt\u012bvos izn\u012bcin\u0101t\u0101jus,&hellip;\n","protected":false},"author":2,"featured_media":35079,"comment_status":"","ping_status":"","sticky":false,"template":"","format":"standard","meta":{"footnotes":""},"categories":[14],"tags":[23,57,28,29,32,33,22,30,31,35,39,38,36,37,34,40,20,26,27,24,25,54,55,56,21,58],"class_list":{"0":"post-35078","1":"post","2":"type-post","3":"status-publish","4":"format-standard","5":"has-post-thumbnail","7":"category-zinas-no-arvalstim","8":"tag-aktualitates","9":"tag-arvalstim","10":"tag-breaking-news","11":"tag-breakingnews","12":"tag-featured-news","13":"tag-featurednews","14":"tag-headlines","15":"tag-latest-news","16":"tag-latestnews","17":"tag-latvia","18":"tag-latvian","19":"tag-latviesu","20":"tag-latviesu-valoda","21":"tag-latviesuvaloda","22":"tag-latvija","23":"tag-lv","24":"tag-news","25":"tag-popularakas-zinas","26":"tag-popularakaszinas","27":"tag-top-stories","28":"tag-topstories","29":"tag-world","30":"tag-world-news","31":"tag-worldnews","32":"tag-zinas","33":"tag-zinas-no-arvalstim"},"share_on_mastodon":{"url":"https:\/\/pubeurope.com\/@lv\/115462503457790637","error":""},"_links":{"self":[{"href":"https:\/\/www.europesays.com\/lv\/wp-json\/wp\/v2\/posts\/35078","targetHints":{"allow":["GET"]}}],"collection":[{"href":"https:\/\/www.europesays.com\/lv\/wp-json\/wp\/v2\/posts"}],"about":[{"href":"https:\/\/www.europesays.com\/lv\/wp-json\/wp\/v2\/types\/post"}],"author":[{"embeddable":true,"href":"https:\/\/www.europesays.com\/lv\/wp-json\/wp\/v2\/users\/2"}],"replies":[{"embeddable":true,"href":"https:\/\/www.europesays.com\/lv\/wp-json\/wp\/v2\/comments?post=35078"}],"version-history":[{"count":0,"href":"https:\/\/www.europesays.com\/lv\/wp-json\/wp\/v2\/posts\/35078\/revisions"}],"wp:featuredmedia":[{"embeddable":true,"href":"https:\/\/www.europesays.com\/lv\/wp-json\/wp\/v2\/media\/35079"}],"wp:attachment":[{"href":"https:\/\/www.europesays.com\/lv\/wp-json\/wp\/v2\/media?parent=35078"}],"wp:term":[{"taxonomy":"category","embeddable":true,"href":"https:\/\/www.europesays.com\/lv\/wp-json\/wp\/v2\/categories?post=35078"},{"taxonomy":"post_tag","embeddable":true,"href":"https:\/\/www.europesays.com\/lv\/wp-json\/wp\/v2\/tags?post=35078"}],"curies":[{"name":"wp","href":"https:\/\/api.w.org\/{rel}","templated":true}]}}