{"id":35099,"date":"2025-10-30T10:04:08","date_gmt":"2025-10-30T10:04:08","guid":{"rendered":"https:\/\/www.europesays.com\/lv\/35099\/"},"modified":"2025-10-30T10:04:08","modified_gmt":"2025-10-30T10:04:08","slug":"apgabaltiesa-sodien-pasludina-nolemumu-justines-slepkavibas-lieta","status":"publish","type":"post","link":"https:\/\/www.europesays.com\/lv\/35099\/","title":{"rendered":"Apgabaltiesa \u0161odien pasludina nol\u0113mumu Just\u012bnes slepkav\u012bbas liet\u0101"},"content":{"rendered":"<p>Latgales apgabaltiesa \u0161odien plkst. 13 pasludin\u0101s nol\u0113mumu septi\u0146us gadus vec\u0101s Just\u012bnes Reinikovas slepkav\u012bbas liet\u0101, kur\u0101 aps\u016bdz vi\u0146as t\u0113vu un pam\u0101ti, a\u0123ent\u016bra LETA noskaidroja ties\u0101.<\/p>\n<p>Apgabaltiesa lietu apel\u0101cijas k\u0101rt\u012bb\u0101 izskat\u012bja tre\u0161dien, 29. oktobr\u012b.<\/p>\n<p>Jau v\u0113st\u012bts, ka Latgales tiesas apgabala prokurat\u016bras prokurore bija iesniegusi protestu par Latgales rajona tiesas spriedumu, ar kuru par vain\u012bgiem septi\u0146us gadus vec\u0101s Reinikovas slepkav\u012bb\u0101 atzinusi vi\u0146as t\u0113vu un pam\u0101ti, piesprie\u017eot vi\u0146iem cietumsodus attiec\u012bgi uz 20 un 17 gadiem.<\/p>\n<p>Par slepkav\u012bbu aps\u016bdz\u0113ts Just\u012bnes t\u0113vs Vladimirs Reinikovs un pam\u0101te Sandra Reinikova.<\/p>\n<p>Pirm\u0101s instances tiesas debat\u0113s prokurors l\u016bdza tiesu par diviem patst\u0101v\u012bgiem noziedz\u012bgajiem nodar\u012bjumiem pam\u0101ti sod\u012bt ar br\u012bv\u012bbas at\u0146em\u0161anu uz 21 gadu un ar prob\u0101cijas uzraudz\u012bbu uz tr\u012bs gadiem, savuk\u0101rt t\u0113vu par trim patst\u0101v\u012bgiem noziedz\u012bgajiem nodar\u012bjumiem &#8211; ar m\u016b\u017ea ieslodz\u012bjumu un ar prob\u0101cijas uzraudz\u012bbu uz tr\u012bs gadiem.<\/p>\n<p>Abi aps\u016bdz\u0113tie atz\u012bti par vain\u012bgiem cietsird\u012bg\u0101 un vardarb\u012bg\u0101 iztur\u0113\u0161an\u0101s pret mazgad\u012bgo Just\u012bni, k\u0101 ar\u012b atz\u012bti par vain\u012bgiem meiten\u012btes slepkav\u012bb\u0101, kas izdar\u012bta personu grup\u0101, apzinoties, ka mazgad\u012bgais b\u0113rns atrodas bezpal\u012bdz\u012bbas st\u0101vokl\u012b un, ka vi\u0146u vardarb\u012bgo darb\u012bbu rezult\u0101t\u0101, var iest\u0101ties meiten\u012btes n\u0101ve, k\u0101 ar\u012b apzin\u0101ti pie\u013c\u0101va vienaldz\u012bgu attieksmi pret Just\u012bnes n\u0101ves iest\u0101\u0161anos. P\u0113c tam nol\u016bk\u0101 sl\u0113pt izdar\u012bt\u0101 noziedz\u012bg\u0101 nodar\u012bjuma p\u0113das, meitenes l\u012b\u0137is nosl\u0113pts un par vi\u0146as pazu\u0161anu maldin\u0101ta policija.<\/p>\n<p>Personas tiek aps\u016bdz\u0113tas slepkav\u012bb\u0101, kas izdar\u012bta personu grup\u0101, apzinoties, ka b\u0113rns atrodas bezpal\u012bdz\u012bbas st\u0101vokl\u012b, k\u0101 ar\u012b par cietsird\u012bgu un vardarb\u012bgu iztur\u0113\u0161anos pret mazgad\u012bgo, k\u0101 d\u0113\u013c b\u0113rnam nodar\u012btas fiziskas un psihiskas cie\u0161anas.<\/p>\n<p>Prokurat\u016bra inform\u0113ja, ka saska\u0146\u0101 ar aps\u016bdz\u012bbu abas personas &#8211; Just\u012bnes t\u0113vs un pam\u0101te &#8211; sav\u0101 dz\u012bvesviet\u0101 R\u0113zeknes novad\u0101, b\u016bdamas alkohola ietekm\u0113, s\u0101ku\u0161as savstarp\u0113ju konfliktu par sadz\u012bviska rakstura pretenzij\u0101m pret mazo Just\u012bni, jo vi\u0146i nevar\u0113ju\u0161i tikt gal\u0101 ar meitenes audzin\u0101\u0161anu un apr\u016bpi.<\/p>\n<p>Aps\u016bdz\u0113tie, apzinoties, ka taj\u0101 br\u012bd\u012b kop\u0101 ar vi\u0146iem atrodas ar\u012b Just\u012bne, kura ir mazgad\u012bga un nevar fiziski pretoties pret vi\u0146u v\u0113rstaj\u0101m vardarb\u012bg\u0101m darb\u012bb\u0101m, s\u0101ka uz meiteni kliegt un t\u012b\u0161i sist pa vi\u0146as \u0137ermeni un galvu, nodarot meitenei smagus miesas boj\u0101jumus, kuru rezult\u0101t\u0101 iest\u0101j\u0101s Just\u012bnes n\u0101ve.<\/p>\n<p>Meitenes l\u012b\u0137is tika nosl\u0113pts pamestas m\u0101jas pagrab\u0101 un gan Valsts policija, gan sabiedr\u012bba tika maldin\u0101ta par Just\u012bnes pazu\u0161anu.<\/p>\n<p>Par meitenes pazu\u0161anu R\u0113zeknes novada Nautr\u0113nu pagasta Rogovk\u0101 tika zi\u0146ots 2023. gada 5. maij\u0101. Pusotra m\u0113ne\u0161a laik\u0101 tika veikti da\u017e\u0101di mekl\u0113\u0161anas pas\u0101kumi, iesaistot pla\u0161us sp\u0113kus.<\/p>\n<p>Jau kop\u0161 pirmaj\u0101m meitenes pazu\u0161anas dien\u0101m likumsargi str\u0101d\u0101ja ar vair\u0101k\u0101m versij\u0101m, tostarp, ka pret vi\u0146u, iesp\u0113jams, veikts noziedz\u012bgs nodar\u012bjums.<\/p>\n<p>V\u0113l\u0101k policija aizdom\u0101s par iesp\u0113jamu noziedz\u012bgu nodar\u012bjumu pret meiteni aiztur\u0113ja vi\u0146as t\u0113vu un pam\u0101ti. Savuk\u0101rt meitenes \u0137ermenis ar ac\u012bmredzamiem miesas boj\u0101jumiem tika atrasts aprakts pamestas m\u0101jas pagrab\u0101 me\u017ea vid\u016b vair\u0101kus desmitus kilometru no meitenes dz\u012bvesvietas &#8211; viet\u0101, kur savulaik dz\u012bvojis Just\u012bnes t\u0113vs.<\/p>\n","protected":false},"excerpt":{"rendered":"Latgales apgabaltiesa \u0161odien plkst. 13 pasludin\u0101s nol\u0113mumu septi\u0146us gadus vec\u0101s Just\u012bnes Reinikovas slepkav\u012bbas liet\u0101, kur\u0101 aps\u016bdz vi\u0146as t\u0113vu&hellip;\n","protected":false},"author":2,"featured_media":35100,"comment_status":"","ping_status":"","sticky":false,"template":"","format":"standard","meta":{"footnotes":""},"categories":[12],"tags":[129,776,23,28,29,32,33,22,30,31,35,39,38,36,37,34,40,20,26,27,777,778,24,25,21],"class_list":{"0":"post-35099","1":"post","2":"type-post","3":"status-publish","4":"format-standard","5":"has-post-thumbnail","7":"category-latvija","8":"tag-__typenameadvicekeyword","9":"tag-id607","10":"tag-aktualitates","11":"tag-breaking-news","12":"tag-breakingnews","13":"tag-featured-news","14":"tag-featurednews","15":"tag-headlines","16":"tag-latest-news","17":"tag-latestnews","18":"tag-latvia","19":"tag-latvian","20":"tag-latviesu","21":"tag-latviesu-valoda","22":"tag-latviesuvaloda","23":"tag-latvija","24":"tag-lv","25":"tag-news","26":"tag-popularakas-zinas","27":"tag-popularakaszinas","28":"tag-slugkriminalzinas","29":"tag-titlekriminalzinas","30":"tag-top-stories","31":"tag-topstories","32":"tag-zinas"},"share_on_mastodon":{"url":"https:\/\/pubeurope.com\/@lv\/115462554444481112","error":""},"_links":{"self":[{"href":"https:\/\/www.europesays.com\/lv\/wp-json\/wp\/v2\/posts\/35099","targetHints":{"allow":["GET"]}}],"collection":[{"href":"https:\/\/www.europesays.com\/lv\/wp-json\/wp\/v2\/posts"}],"about":[{"href":"https:\/\/www.europesays.com\/lv\/wp-json\/wp\/v2\/types\/post"}],"author":[{"embeddable":true,"href":"https:\/\/www.europesays.com\/lv\/wp-json\/wp\/v2\/users\/2"}],"replies":[{"embeddable":true,"href":"https:\/\/www.europesays.com\/lv\/wp-json\/wp\/v2\/comments?post=35099"}],"version-history":[{"count":0,"href":"https:\/\/www.europesays.com\/lv\/wp-json\/wp\/v2\/posts\/35099\/revisions"}],"wp:featuredmedia":[{"embeddable":true,"href":"https:\/\/www.europesays.com\/lv\/wp-json\/wp\/v2\/media\/35100"}],"wp:attachment":[{"href":"https:\/\/www.europesays.com\/lv\/wp-json\/wp\/v2\/media?parent=35099"}],"wp:term":[{"taxonomy":"category","embeddable":true,"href":"https:\/\/www.europesays.com\/lv\/wp-json\/wp\/v2\/categories?post=35099"},{"taxonomy":"post_tag","embeddable":true,"href":"https:\/\/www.europesays.com\/lv\/wp-json\/wp\/v2\/tags?post=35099"}],"curies":[{"name":"wp","href":"https:\/\/api.w.org\/{rel}","templated":true}]}}