{"id":35122,"date":"2025-10-30T10:18:06","date_gmt":"2025-10-30T10:18:06","guid":{"rendered":"https:\/\/www.europesays.com\/lv\/35122\/"},"modified":"2025-10-30T10:18:06","modified_gmt":"2025-10-30T10:18:06","slug":"liepajas-simfoniskais-orkestris-valdzina-ar-klasikas-sedevriem-lente-lv","status":"publish","type":"post","link":"https:\/\/www.europesays.com\/lv\/35122\/","title":{"rendered":"Liep\u0101jas Simfoniskais or\u0137estris valdzina ar klasikas \u0161edevriem\u00a0\u2014\u00a0Lente.lv"},"content":{"rendered":"<p>Svin\u012bga atmosf\u0113ra un virtuozas izpild\u012bjums<\/p>\n<p>Pag\u0101ju\u0161\u0101s ned\u0113\u013cas nogal\u0113, 25. oktobr\u012b, Rund\u0101les pils majest\u0101tisk\u0101s sienas atdz\u012bvoj\u0101s fran\u010du m\u016bzikas elegantaj\u0101s ska\u0146\u0101s. Liep\u0101jas Simfoniskais or\u0137estris diri\u0123enta Gunta Kuzmas vad\u012bb\u0101 sniedza neaizmirstamu koncertu, atska\u0146ojot fran\u010du klasikas \u0161edevrus, kas aizrauj ar savu izsmalcin\u0101t\u012bbu un dzi\u013cumu. Pas\u0101kums, kas norisin\u0101j\u0101s or\u0137estra koncertu s\u0113rij\u0101 \u201cLiep\u0101jas ska\u0146as Rund\u0101les pil\u012b\u201d, pulc\u0113ja klaus\u012bt\u0101jus, kuri alkst p\u0113c augstv\u0113rt\u012bga muzik\u0101l\u0101 baud\u012bjuma grezn\u0101 v\u0113sturisk\u0101 vid\u0113.<\/p>\n<p>Atspogu\u013cojot fran\u010du muzik\u0101l\u0101s domas daudzveid\u012bbu<\/p>\n<p>Koncerta programma bija r\u016bp\u012bgi veidota, lai atkl\u0101tu fran\u010du m\u016bzikas bag\u0101t\u012bbu un daudzpus\u012bbu. Skat\u012bt\u0101ji tika iepaz\u012bstin\u0101ti ar Gabriela For\u0113 simfonisko sv\u012btu \u201cPeleass un Melizande\u201d, kas klaus\u012bt\u0101jus aizveda nosl\u0113pumain\u0101 romantisma ce\u013cojum\u0101. Darbs, kas s\u0101kotn\u0113ji tapis k\u0101 m\u016bzika Morisa M\u0101terlinka lugai, v\u0113l\u0101k ieguva ar\u012b savu koncertversiju, demonstr\u0113jot For\u0113 meistar\u012bbu ne tikai dramatiskaj\u0101, bet ar\u012b simfoniskaj\u0101 \u017eanr\u0101. Sv\u012btas da\u013ca, Sic\u012blie\u0161u deja, ir \u012bpa\u0161i izce\u013cama, jo t\u0101 pirms\u0101kumos n\u0101kusi no komponista nepabeigtas partit\u016bras citam darbam. For\u0113 sp\u0113ja rado\u0161i p\u0101rstr\u0101d\u0101t un integr\u0113t jau eso\u0161us muzik\u0101los mot\u012bvus savos jaunajos opusos, padarot vi\u0146a dai\u013cradi \u012bpa\u0161i interesantu un unik\u0101lu. Komponista dai\u013crad\u0113 bie\u017ei vien v\u0113rojama tendence izmantot m\u016bziku, kas rakst\u012bta nepabeigtajiem vai pat maz\u0101k veiksm\u012bgajiem projektiem, pie\u0161\u0137irot tiem jaunu dz\u012bv\u012bbu un noz\u012bmi. V\u0113l\u0101k For\u0113 m\u016bzika no \u201cPeleasa un Melizandes\u201d tika adapt\u0113ta dziesmu cikl\u0101 \u201cIevas dziesma\u201d, apliecinot vi\u0146a daudzpus\u012bbu un sp\u0113ju rad\u012bt skaistumu da\u017e\u0101dos form\u0101tos.<\/p>\n<p>\u012apa\u0161u saj\u016bsmu un saj\u016bsmu izrais\u012bja \u017daka Ib\u0113ra Flautas koncerts, kur\u0101 solistes lom\u0101 spo\u017ei sevi pieteica flautiste Egija Spro\u0123e. Vi\u0146as virtuozais sniegums un dzi\u013c\u0101 izj\u016bta pret Ib\u0113ra m\u016bziku piln\u012bb\u0101 atkl\u0101ja \u0161\u012b ska\u0146darba rota\u013c\u012bgo un kr\u0101saino raksturu. Ib\u0113ra Flautas koncerts, kas sarakst\u012bts 1934. gad\u0101, ir viens no iev\u0113rojam\u0101kajiem darbiem flautas koncertu literat\u016br\u0101, un tas ir zin\u0101ms ar savu dz\u012bvesprieku un tehnisko meistar\u012bbu. Koncerts ir iztur\u0113jis laika p\u0101rbaudi, k\u013c\u016bstot par stabilu da\u013cu no daudzu flautistu repertu\u0101ra, un to ir atska\u0146oju\u0161i t\u0101di izcili interpreti k\u0101 Emmanuel Pahud un Wolfgang Schulz. \u0160\u012b darba virtuozit\u0101te un izpild\u012bjuma prasmes padara to par patiesu izaicin\u0101jumu, bet vienlaikus ar\u012b par br\u012bni\u0161\u0137\u012bgu iesp\u0113ju demonstr\u0113t flautas k\u0101 solo instrumenta daudzveid\u012bbu un kr\u0101\u0161\u0146umu.<\/p>\n<p>Koncertu nosl\u0113dza \u017dor\u017ea Biz\u0113 jaun\u012bbas aizraut\u012bbas caurstr\u0101vot\u0101 simfonija, kas savaldzin\u0101ja ar savu dzirksto\u0161o vitalit\u0101ti un melodisko bag\u0101t\u012bbu. Biz\u0113 m\u016bzika, kas apvieno smalku melodismu, emocion\u0101lu dzi\u013cumu un dramatisk\u0101s izteiksmes sp\u0113ku, vienm\u0113r sp\u0113j aizraut klaus\u012bt\u0101ju sirdis. Lai gan Biz\u0113 dz\u012bv\u0113 bie\u017ei vien sask\u0101r\u0101s ar neveiksm\u0113m un neatsauc\u012bbu, vi\u0146a dai\u013crade, \u012bpa\u0161i opera \u201cKarmena\u201d, p\u0113c vi\u0146a n\u0101ves ieguva pla\u0161u atzin\u012bbu un popularit\u0101ti. \u0160\u012b simfonija ir apliecin\u0101jums Biz\u0113 spo\u017eajam talantam un vi\u0146a sp\u0113jai rad\u012bt m\u016bziku, kas piepild\u012bta ar dz\u012bvesprieku un kaisli.<\/p>\n<p>N\u0101kotnes muzik\u0101lie notikumi<\/p>\n<p>Liep\u0101jas Simfonisk\u0101 or\u0137estra koncertu s\u0113rija Rund\u0101les pil\u012b turpin\u0101sies. Jau 13. decembr\u012b klaus\u012bt\u0101ji var\u0113s baud\u012bt barok\u0101lu muzik\u0101lo baud\u012bjumu kop\u0101 ar sen\u0101s m\u016bzikas ansambli \u201cSonore antiqua\u201d un operdzied\u0101t\u0101ju Guntu Gelgoti. Savuk\u0101rt novembris sol\u0101s b\u016bt \u012bpa\u0161i bag\u0101ts ar muzik\u0101liem notikumiem. Jau 7. un 8. novembr\u012b Liep\u0101jas koncertz\u0101le \u201cLielais dzintars\u201d aicina uz Arnolda \u0160\u0113nberga monument\u0101lo oratoriju \u201cGurres dziesmas\u201d, kas apvienos vair\u0101k nek\u0101 250 profesion\u0101lu m\u016bzi\u0137u \u2013 solistus, lielu jaukto kori, tr\u012bs v\u012bru korus un grandiozu or\u0137estri. \u0160is pas\u0101kums ir desmitgades svin\u012bbu kulmin\u0101cija un vienu no or\u0137estra sen lolotajiem sap\u0146iem. 17. novembr\u012b or\u0137estris piedal\u012bsies Latvijas dzim\u0161anas dienas svin\u012bbu programm\u0101, atska\u0146ojot J\u0101\u0146a \u0160ipk\u0113vica un Rei\u0146a S\u0113j\u0101na veidoto projektu \u201cIeklausies dv\u0113se\u013cu puten\u012b\u201d, kas b\u016bs unik\u0101la iesp\u0113ja dzird\u0113t \u0161\u012bs taut\u0101 iem\u012b\u013cot\u0101s dziesmas dz\u012bvaj\u0101 izpild\u012bjum\u0101. Tas ir apliecin\u0101jums latvie\u0161u sirdij noz\u012bm\u012bg\u0101m dziesm\u0101m, kas cauri laikiem skan\u0113ju\u0161as teju katr\u0101 m\u0101j\u0101. V\u0113l\u0101k novembr\u012b or\u0137estris turpin\u0101s savu koncertt\u016bri ar aizraujo\u0161\u0101m programm\u0101m C\u0113s\u012bs (21.11.), R\u0113zekn\u0113 (22.11.) un Jelgav\u0101 (28.11.), pied\u0101v\u0101jot klaus\u012bt\u0101jiem baud\u012bt gan latvie\u0161u, gan pasaules klasikas ska\u0146darbus.<\/p>\n<p>Koncertu atbalsta Latvijas Republikas Kult\u016bras ministrija, Valsts Kult\u016brkapit\u0101la fonds, Liep\u0101jas pils\u0113ta un LSEZ SIA \u201cTerrabalt\u201d. Bi\u013cetes uz pas\u0101kumiem pieejamas \u201cBi\u013ce\u0161u parad\u012bzes\u201d tirdzniec\u012bbas viet\u0101s un tie\u0161saist\u0113.<\/p>\n","protected":false},"excerpt":{"rendered":"Svin\u012bga atmosf\u0113ra un virtuozas izpild\u012bjums Pag\u0101ju\u0161\u0101s ned\u0113\u013cas nogal\u0113, 25. oktobr\u012b, Rund\u0101les pils majest\u0101tisk\u0101s sienas atdz\u012bvoj\u0101s fran\u010du m\u016bzikas elegantaj\u0101s&hellip;\n","protected":false},"author":2,"featured_media":35123,"comment_status":"","ping_status":"","sticky":false,"template":"","format":"standard","meta":{"footnotes":""},"categories":[19],"tags":[10339,89,10338,5760,90,35,39,38,36,37,34,1392,40,10337],"class_list":{"0":"post-35122","1":"post","2":"type-post","3":"status-publish","4":"format-standard","5":"has-post-thumbnail","7":"category-izklaide","8":"tag-egija-sproge","9":"tag-entertainment","10":"tag-francu-muzika","11":"tag-guntis-kuzma","12":"tag-izklaide","13":"tag-latvia","14":"tag-latvian","15":"tag-latviesu","16":"tag-latviesu-valoda","17":"tag-latviesuvaloda","18":"tag-latvija","19":"tag-liepajas-simfoniskais-orkestris","20":"tag-lv","21":"tag-rundales-pils"},"share_on_mastodon":{"url":"https:\/\/pubeurope.com\/@lv\/115462609616587436","error":""},"_links":{"self":[{"href":"https:\/\/www.europesays.com\/lv\/wp-json\/wp\/v2\/posts\/35122","targetHints":{"allow":["GET"]}}],"collection":[{"href":"https:\/\/www.europesays.com\/lv\/wp-json\/wp\/v2\/posts"}],"about":[{"href":"https:\/\/www.europesays.com\/lv\/wp-json\/wp\/v2\/types\/post"}],"author":[{"embeddable":true,"href":"https:\/\/www.europesays.com\/lv\/wp-json\/wp\/v2\/users\/2"}],"replies":[{"embeddable":true,"href":"https:\/\/www.europesays.com\/lv\/wp-json\/wp\/v2\/comments?post=35122"}],"version-history":[{"count":0,"href":"https:\/\/www.europesays.com\/lv\/wp-json\/wp\/v2\/posts\/35122\/revisions"}],"wp:featuredmedia":[{"embeddable":true,"href":"https:\/\/www.europesays.com\/lv\/wp-json\/wp\/v2\/media\/35123"}],"wp:attachment":[{"href":"https:\/\/www.europesays.com\/lv\/wp-json\/wp\/v2\/media?parent=35122"}],"wp:term":[{"taxonomy":"category","embeddable":true,"href":"https:\/\/www.europesays.com\/lv\/wp-json\/wp\/v2\/categories?post=35122"},{"taxonomy":"post_tag","embeddable":true,"href":"https:\/\/www.europesays.com\/lv\/wp-json\/wp\/v2\/tags?post=35122"}],"curies":[{"name":"wp","href":"https:\/\/api.w.org\/{rel}","templated":true}]}}