{"id":35126,"date":"2025-10-30T10:21:11","date_gmt":"2025-10-30T10:21:11","guid":{"rendered":"https:\/\/www.europesays.com\/lv\/35126\/"},"modified":"2025-10-30T10:21:11","modified_gmt":"2025-10-30T10:21:11","slug":"latvija-visparejas-valdibas-parads-uz-vienu-iedzivotaju-ir-10-600-eiro","status":"publish","type":"post","link":"https:\/\/www.europesays.com\/lv\/35126\/","title":{"rendered":"Latvij\u0101 visp\u0101r\u0113j\u0101s vald\u012bbas par\u0101ds uz vienu iedz\u012bvot\u0101ju ir 10 600 eiro"},"content":{"rendered":"<p>P\u0101rr\u0113\u0137inot visp\u0101r\u0113j\u0101s vald\u012bbas par\u0101du uz vienu iedz\u012bvot\u0101ju, augst\u0101kais par\u0101da apm\u0113rs Eirop\u0101 bija Be\u013c\u0123ij\u0101 &#8211; 56 400 eiro, bet vismaz\u0101k par\u0101d\u0101 bija Bulg\u0101rijas un Igaunijas <a href=\"https:\/\/www.tvnet.lv\/term\/557206\/iedzivotaji\" class=\"topicLink\" target=\"_blank\" rel=\"nofollow noopener\">iedz\u012bvot\u0101ji<\/a> &#8211; attiec\u012bgi 4400 eiro un 6900 eiro, inform\u0113 FDP.<\/p>\n<p><a href=\"https:\/\/www.tvnet.lv\/term\/555432\/latvija\" class=\"topicLink\" target=\"_blank\" rel=\"nofollow noopener\">Latvija<\/a> joproj\u0101m atrodas starp valst\u012bm ar sal\u012bdzino\u0161i zemu visp\u0101r\u0113j\u0101s vald\u012bbas par\u0101da l\u012bmeni &#8211; 48% no iek\u0161zemes kopprodukta (IKP), un izpilda M\u0101strihtas krit\u0113riju &#8211; uztur\u0113t par\u0101du zem 60% no IKP, inform\u0113 FDP.<\/p>\n<p>Par\u0101ds 2025. gadam prognoz\u0113ts 49% no IKP, bet turpm\u0101kajos gados paredzams strauj\u0101ks t\u0101 pieaugums &#8211; 2026. gad\u0101 par\u0101ds var\u0113tu sasniegt 51% no IKP, savuk\u0101rt 2027. un 2028. gad\u0101 &#8211; 55% no IKP.<\/p>\n<p>FDP nor\u0101da, ka ar\u012b par\u0101da apkalpo\u0161anas izdevumu \u012bpatsvars pret IKP turpin\u0101s pieaugt. Procentu maks\u0101jumi 2025. gad\u0101 pl\u0101noti 519 miljoni eiro jeb 1,2% no IKP, 2026. gad\u0101 &#8211; 617 miljoni eiro jeb 1,4% no IKP.<\/p>\n<p>No 2027. l\u012bdz 2028. gadam visp\u0101r\u0113j\u0101s vald\u012bbas bud\u017eeta procentu izdevumi veidos 1,5% no IKP, tom\u0113r nomin\u0101li tie turpin\u0101s pieaugt, sasniedzot 700 miljonus eiro 2027. gad\u0101 un 736 miljonus eiro 2028. gad\u0101.<\/p>\n<p>Starp Eiropas valst\u012bm liel\u0101kais par\u0101ds attiec\u012bb\u0101 pret IKP bija Grie\u0137ij\u0101 (151,2%), bet maz\u0101kais &#8211; Igaunij\u0101 (23,2%).<\/p>\n<p>FDP skaidro, ka septi\u0146\u0101s no 15 valst\u012bm, kuru par\u0101ds ir zem 60% no IKP jeb t\u0101 sauktaj\u0101s zem\u0101 par\u0101da valst\u012bs par\u0101da apm\u0113rs procentpunktos samazin\u0101jies, sal\u012bdzinot ar 2024. gada otro ceturksni. Liel\u0101kais samazin\u0101jums bija \u012arij\u0101 &#8211; par 7,2 procentpunktiem un D\u0101nij\u0101 &#8211; par 3,4 procentpunktiem. Vid\u0113ji \u0161aj\u0101s septi\u0146\u0101s valst\u012bs par\u0101ds otraj\u0101 ceturksn\u012b samazin\u0101j\u0101s par 2,1 procentpunktu.<\/p>\n<p>Savuk\u0101rt p\u0101r\u0113j\u0101s asto\u0146\u0101s zem\u0101 par\u0101da valst\u012bs par\u0101ds pieauga &#8211; vid\u0113ji par 3,1 procentpunktu.<\/p>\n<p>Augst\u0101 par\u0101da valst\u012bs (kop\u0101 13) par\u0101da apm\u0113rs procentpunktos samazin\u0101j\u0101s piec\u0101s no t\u0101m vid\u0113ji par 3,9 procentpunktiem. Liel\u0101kais samazin\u0101jums bija Grie\u0137ij\u0101 &#8211; par 8,9 procentpunktiem un Kipr\u0101 &#8211; par 6,5 procentpunktiem.<\/p>\n<p>Tom\u0113r asto\u0146\u0101s augst\u0101 par\u0101da valst\u012bs par\u0101ds pieauga vid\u0113ji par 2,4 procentpunktiem, tostarp Somij\u0101 &#8211; par 7,8 procentpunktiem, Francij\u0101 &#8211; par 3,5 procentpunktiem, Slov\u0101kij\u0101 &#8211; par 2,7 procentpunktiem un It\u0101lij\u0101 &#8211; par 2,3 procentpunktiem.<\/p>\n","protected":false},"excerpt":{"rendered":"P\u0101rr\u0113\u0137inot visp\u0101r\u0113j\u0101s vald\u012bbas par\u0101du uz vienu iedz\u012bvot\u0101ju, augst\u0101kais par\u0101da apm\u0113rs Eirop\u0101 bija Be\u013c\u0123ij\u0101 &#8211; 56 400 eiro, bet&hellip;\n","protected":false},"author":2,"featured_media":35127,"comment_status":"","ping_status":"","sticky":false,"template":"","format":"standard","meta":{"footnotes":""},"categories":[14],"tags":[23,57,28,29,10342,32,33,22,2447,30,31,35,39,38,36,37,34,40,20,26,27,24,25,2826,54,55,56,21,58],"class_list":{"0":"post-35126","1":"post","2":"type-post","3":"status-publish","4":"format-standard","5":"has-post-thumbnail","7":"category-zinas-no-arvalstim","8":"tag-aktualitates","9":"tag-arvalstim","10":"tag-breaking-news","11":"tag-breakingnews","12":"tag-fdp","13":"tag-featured-news","14":"tag-featurednews","15":"tag-headlines","16":"tag-iedzivotaji","17":"tag-latest-news","18":"tag-latestnews","19":"tag-latvia","20":"tag-latvian","21":"tag-latviesu","22":"tag-latviesu-valoda","23":"tag-latviesuvaloda","24":"tag-latvija","25":"tag-lv","26":"tag-news","27":"tag-popularakas-zinas","28":"tag-popularakaszinas","29":"tag-top-stories","30":"tag-topstories","31":"tag-valsts-parads","32":"tag-world","33":"tag-world-news","34":"tag-worldnews","35":"tag-zinas","36":"tag-zinas-no-arvalstim"},"share_on_mastodon":{"url":"https:\/\/pubeurope.com\/@lv\/115462621304065149","error":""},"_links":{"self":[{"href":"https:\/\/www.europesays.com\/lv\/wp-json\/wp\/v2\/posts\/35126","targetHints":{"allow":["GET"]}}],"collection":[{"href":"https:\/\/www.europesays.com\/lv\/wp-json\/wp\/v2\/posts"}],"about":[{"href":"https:\/\/www.europesays.com\/lv\/wp-json\/wp\/v2\/types\/post"}],"author":[{"embeddable":true,"href":"https:\/\/www.europesays.com\/lv\/wp-json\/wp\/v2\/users\/2"}],"replies":[{"embeddable":true,"href":"https:\/\/www.europesays.com\/lv\/wp-json\/wp\/v2\/comments?post=35126"}],"version-history":[{"count":0,"href":"https:\/\/www.europesays.com\/lv\/wp-json\/wp\/v2\/posts\/35126\/revisions"}],"wp:featuredmedia":[{"embeddable":true,"href":"https:\/\/www.europesays.com\/lv\/wp-json\/wp\/v2\/media\/35127"}],"wp:attachment":[{"href":"https:\/\/www.europesays.com\/lv\/wp-json\/wp\/v2\/media?parent=35126"}],"wp:term":[{"taxonomy":"category","embeddable":true,"href":"https:\/\/www.europesays.com\/lv\/wp-json\/wp\/v2\/categories?post=35126"},{"taxonomy":"post_tag","embeddable":true,"href":"https:\/\/www.europesays.com\/lv\/wp-json\/wp\/v2\/tags?post=35126"}],"curies":[{"name":"wp","href":"https:\/\/api.w.org\/{rel}","templated":true}]}}