{"id":35132,"date":"2025-10-30T10:27:08","date_gmt":"2025-10-30T10:27:08","guid":{"rendered":"https:\/\/www.europesays.com\/lv\/35132\/"},"modified":"2025-10-30T10:27:08","modified_gmt":"2025-10-30T10:27:08","slug":"aizdomas-par-saistibu-ar-darglietu-zadzibu-no-luvras-aizturetas-vel-piecas-personas-raksts","status":"publish","type":"post","link":"https:\/\/www.europesays.com\/lv\/35132\/","title":{"rendered":"Aizdom\u0101s par saist\u012bbu ar d\u0101rglietu z\u0101dz\u012bbu no Luvras aiztur\u0113tas v\u0113l piecas personas \/ Raksts"},"content":{"rendered":"<p>\n                        \u0160odien, 10:09                    <\/p>\n<p>\n                            Papildin\u0101ts \u0161odien, 10:33                        <\/p>\n<p>                            <a target=\"_blank\" href=\"https:\/\/www.lsm.lv\/raksts\/zinas\/arzemes\/30.10.2025-aizdomas-par-saistibu-ar-darglietu-zadzibu-no-luvras-aizturetas-vel-piecas-personas.a620400\/javascript:;\" rel=\"nofollow noopener\"><img decoding=\"async\" src=\"https:\/\/www.europesays.com\/lv\/wp-content\/uploads\/2025\/10\/logo_593e5d8b93064.jpg\" alt=\"LETA\"\/><\/a>                        <\/p>\n<p>Francijas policija aiztur\u0113jusi v\u0113l piecus cilv\u0113kus, tostarp galveno aizdom\u0101s turamo, saist\u012bb\u0101 ar \u0161om\u0113nes notiku\u0161o juvelierizstr\u0101d\u0101jumu z\u0101dz\u012bbu no Luvras muzeja, ceturtdien pazi\u0146oja Par\u012bzes prokurore Laura Beko.\u00a0<\/p>\n<p>Pieci aizdom\u0101s turamie tika aiztur\u0113ti tre\u0161dienas vakar\u0101 Par\u012bz\u0113 un t\u0101s apkaim\u0113.\u00a0<\/p>\n<blockquote>\n<p>&#8220;Mums vi\u0146\u0161 bija redzeslok\u0101,&#8221; par galveno aizdom\u0101s turamo sac\u012bja Beko, piebilstot, ka nav atrasta neviena no nozagtaj\u0101m d\u0101rgliet\u0101m.\u00a0<\/p>\n<\/blockquote>\n<p>Beko pav\u0113st\u012bja, ka DNS pier\u0101d\u012bjumi saista galveno aizdom\u0101s turamo ar z\u0101dz\u012bbu, un nor\u0101d\u012bja, ka vi\u0146\u0161 bija viens no \u010detru cilv\u0113ku komandas, kas 19. oktobr\u012b veica laup\u012b\u0161anu.<\/p>\n<p>&#8220;Kas attiecas uz p\u0101r\u0113j\u0101m person\u0101m, kuras atrodas policijas apcietin\u0101jum\u0101, tie ir cilv\u0113ki, kuri var\u0113tu mums sniegt inform\u0101ciju par notikumu gaitu,&#8221; vi\u0146a sac\u012bja, piebilstot, ka ir p\u0101ragri sniegt papildu inform\u0101ciju par aizdom\u0101s tur\u0113tajiem.<\/p>\n<p>Sestdien Francijas mediji v\u0113st\u012bja, ka aiztur\u0113ti divi aizdom\u0101s turamie par z\u0101dz\u012bbu. Viens no vi\u0146iem tika aiztur\u0113ts Par\u012bzes \u0160arla de Golla lidost\u0101 pirms iek\u0101p\u0161anas lidma\u0161\u012bn\u0101, kas dev\u0101s uz Al\u017e\u012briju. Otrs tika aiztur\u0113ts S\u0113nas-Senden\u012b departament\u0101.\u00a0<\/p>\n<p>Beko tre\u0161dien pazi\u0146oja, ka divi pag\u0101ju\u0161\u0101 ned\u0113\u013c\u0101 aiztur\u0113tie &#8220;da\u013c\u0113ji atzina&#8221; savu vainu.\u00a0Tre\u0161dienas vakara pazi\u0146ojum\u0101 vi\u0146a teica, ka aiztur\u0113tie st\u0101sies tiesas priek\u0161\u0101, kur vi\u0146iem &#8220;tiks izvirz\u012btas aps\u016bdz\u012bbas par organiz\u0113tu z\u0101dz\u012bbu, par ko\u00a0paredz\u0113ts 15 gadu cietumsods, un noziedz\u012bgu sazv\u0113rest\u012bbu, par kuru draud\u00a0v\u0113l 10 gadu cietumsods&#8221;.<\/p>\n<p>Vi\u0146iem tika piem\u0113rots pirmstiesas apcietin\u0101jums.<\/p>\n<p>KONTEKSTS:<\/p>\n<p>Luvr\u0101 19. oktobr\u012b\u00a0notikusi\u00a0<a data-id=\"618933\" data-type=\"article\" href=\"https:\/\/www.lsm.lv\/raksts\/zinas\/arzemes\/19.10.2025-luvra-nozagtas-darglietas.a618933\/?utm_source=lsm&amp;utm_medium=article-body&amp;utm_campaign=admin\" class=\"lsm-link\" rel=\"nofollow noopener\" target=\"_blank\">v\u0113rien\u012bga d\u0101rglietu z\u0101dz\u012bba<\/a>. Vair\u0101ki noziedznieki sv\u0113tdien no r\u012bta, \u012bsi p\u0113c muzeja atv\u0113r\u0161anas,\u00a0ir ielauzu\u0161ies vien\u0101 no grezn\u0101kaj\u0101m\u00a0v\u0113sturiskaj\u0101m z\u0101l\u0113m un aiznesu\u0161i \u013coti v\u0113rt\u012bgas Napoleona d\u0101rglietas. Viena no t\u0101m v\u0113l\u0101k tika atrasta net\u0101lu no Luvras.<\/p>\n<p>Zag\u013ciem izdev\u0101s aizb\u0113gt ar asto\u0146iem priek\u0161metiem, kas dat\u0113ti ar 19. gadsimtu, tai skait\u0101 smaragdu un dimantu kaklarotu, ko Napoleons d\u0101vin\u0101ja savai otrajai sievai Marijai Lu\u012bzei. Tika nozagta ar\u012b diad\u0113ma, kas reiz pieder\u0113ja imperatorei Ei\u017eenijai un kas rot\u0101ta ar gandr\u012bz 2000 dimantu, un kaklarota, kas reiz pieder\u0113ja p\u0113d\u0113jai Francijas karalienei Marijai Am\u0101lijai. Kaklarota inkrust\u0113ta ar asto\u0146iem saf\u012briem un 631 dimantu, teikts Luvras t\u012bmek\u013ca vietn\u0113.<\/p>\n<p>Nozagto Francijas monarhu d\u0101rglietu v\u0113rt\u012bba tiek l\u0113sta 88 miljonu eiro apm\u0113r\u0101.<\/p>\n<p>                    Valodas k\u013c\u016bda rakst\u0101?<\/p>\n<p class=\"d-none d-md-block\">Iez\u012bm\u0113jiet tekstu un spiediet Ctrl+Enter, lai nos\u016bt\u012btu labojamo teksta fragmentu redaktoram! Par faktu k\u013c\u016bd\u0101m l\u016bdzam zi\u0146ot e-past\u0101 <a href=\"https:\/\/www.lsm.lv\/cdn-cgi\/l\/email-protection\" class=\"__cf_email__\" data-cfemail=\"1c6e79787d777f75767d5c706f7132706a\" rel=\"nofollow noopener\" target=\"_blank\">[email\u00a0protected]<\/a>.<\/p>\n<p class=\"d-md-none\">Iez\u012bm\u0113jiet tekstu un spiediet uz Zi\u0146ot par k\u013c\u016bdu pogas, lai nos\u016bt\u012btu labojamo teksta fragmentu redaktoram!<\/p>\n<p>\n                    Zi\u0146ot par k\u013c\u016bdu\n                <\/p>\n","protected":false},"excerpt":{"rendered":"\u0160odien, 10:09 Papildin\u0101ts \u0161odien, 10:33 Francijas policija aiztur\u0113jusi v\u0113l piecus cilv\u0113kus, tostarp galveno aizdom\u0101s turamo, saist\u012bb\u0101 ar \u0161om\u0113nes&hellip;\n","protected":false},"author":2,"featured_media":35133,"comment_status":"","ping_status":"","sticky":false,"template":"","format":"standard","meta":{"footnotes":""},"categories":[14],"tags":[23,57,28,29,32,33,22,30,31,35,39,38,36,37,34,40,20,26,27,24,25,54,55,56,21,58],"class_list":{"0":"post-35132","1":"post","2":"type-post","3":"status-publish","4":"format-standard","5":"has-post-thumbnail","7":"category-zinas-no-arvalstim","8":"tag-aktualitates","9":"tag-arvalstim","10":"tag-breaking-news","11":"tag-breakingnews","12":"tag-featured-news","13":"tag-featurednews","14":"tag-headlines","15":"tag-latest-news","16":"tag-latestnews","17":"tag-latvia","18":"tag-latvian","19":"tag-latviesu","20":"tag-latviesu-valoda","21":"tag-latviesuvaloda","22":"tag-latvija","23":"tag-lv","24":"tag-news","25":"tag-popularakas-zinas","26":"tag-popularakaszinas","27":"tag-top-stories","28":"tag-topstories","29":"tag-world","30":"tag-world-news","31":"tag-worldnews","32":"tag-zinas","33":"tag-zinas-no-arvalstim"},"share_on_mastodon":{"url":"https:\/\/pubeurope.com\/@lv\/115462644982124407","error":""},"_links":{"self":[{"href":"https:\/\/www.europesays.com\/lv\/wp-json\/wp\/v2\/posts\/35132","targetHints":{"allow":["GET"]}}],"collection":[{"href":"https:\/\/www.europesays.com\/lv\/wp-json\/wp\/v2\/posts"}],"about":[{"href":"https:\/\/www.europesays.com\/lv\/wp-json\/wp\/v2\/types\/post"}],"author":[{"embeddable":true,"href":"https:\/\/www.europesays.com\/lv\/wp-json\/wp\/v2\/users\/2"}],"replies":[{"embeddable":true,"href":"https:\/\/www.europesays.com\/lv\/wp-json\/wp\/v2\/comments?post=35132"}],"version-history":[{"count":0,"href":"https:\/\/www.europesays.com\/lv\/wp-json\/wp\/v2\/posts\/35132\/revisions"}],"wp:featuredmedia":[{"embeddable":true,"href":"https:\/\/www.europesays.com\/lv\/wp-json\/wp\/v2\/media\/35133"}],"wp:attachment":[{"href":"https:\/\/www.europesays.com\/lv\/wp-json\/wp\/v2\/media?parent=35132"}],"wp:term":[{"taxonomy":"category","embeddable":true,"href":"https:\/\/www.europesays.com\/lv\/wp-json\/wp\/v2\/categories?post=35132"},{"taxonomy":"post_tag","embeddable":true,"href":"https:\/\/www.europesays.com\/lv\/wp-json\/wp\/v2\/tags?post=35132"}],"curies":[{"name":"wp","href":"https:\/\/api.w.org\/{rel}","templated":true}]}}