{"id":35163,"date":"2025-10-30T10:53:17","date_gmt":"2025-10-30T10:53:17","guid":{"rendered":"https:\/\/www.europesays.com\/lv\/35163\/"},"modified":"2025-10-30T10:53:17","modified_gmt":"2025-10-30T10:53:17","slug":"finansu-ministrija-pieprasa-steidzamu-finansu-vadibas-uzlabosanu-valkas-novada-lente-lv","status":"publish","type":"post","link":"https:\/\/www.europesays.com\/lv\/35163\/","title":{"rendered":"Finan\u0161u ministrija pieprasa steidzamu finan\u0161u vad\u012bbas uzlabo\u0161anu Valkas novad\u0101\u00a0\u2014\u00a0Lente.lv"},"content":{"rendered":"<p>Finan\u0161u ministrijas br\u012bdin\u0101jums Valkas novadam<\/p>\n<p>Finan\u0161u ministrija (FM) ir nos\u016bt\u012bjusi stingru br\u012bdin\u0101jumu Valkas novada pa\u0161vald\u012bbai, aicinot nekav\u0113joties sak\u0101rtot finan\u0161u vad\u012bbu un radik\u0101li main\u012bt pieeju bud\u017eeta pl\u0101no\u0161anai. Galvenais iemesls \u0161ai steidz\u012bgajai r\u012bc\u012bbai ir pieaugo\u0161ie maks\u0101jumu kav\u0113jumi, nemaks\u0101tie nodok\u013cu par\u0101di un kop\u0113j\u0101 bud\u017eeta nel\u012bdzsvarot\u012bba, kas rada nopietnas ba\u017eas par pa\u0161vald\u012bbas finansi\u0101lo stabilit\u0101ti. FM ir l\u016bgusi Valsts kontroli veikt \u0101rk\u0101rtas rev\u012bziju, lai ieg\u016btu piln\u012bgu un skaidru priek\u0161statu par pa\u0161vald\u012bbas finan\u0161u situ\u0101ciju un l\u012bdzek\u013cu izlietojumu.<\/p>\n<p>S\u0101p\u012bg\u0101 realit\u0101te: par\u0101di un maks\u0101jumu kav\u0113jumi<\/p>\n<p>Situ\u0101cija Valkas novad\u0101 ir k\u013cuvusi satrauco\u0161a. Finan\u0161u ministrijas anal\u012bze liecina, ka kop\u0161 2025. gada j\u016bnija pa\u0161vald\u012bbai atk\u0101rtoti ir radu\u0161ies ilgsto\u0161i kav\u0113ti maks\u0101jumi, \u012bpa\u0161i par siltumener\u0123ijas pakalpojumiem. Saska\u0146\u0101 ar datiem uz \u0161\u012b gada septembra beig\u0101m, kop\u0113j\u0101 kav\u0113to maks\u0101jumu summa p\u0101rsniedza 530 000 eiro. No \u0161\u012bs summas vair\u0101k nek\u0101 325 000 eiro bija nodok\u013cu par\u0101ds, bet ap 150 000 eiro \u2013 par\u0101di par siltumapg\u0101di. Kop\u0113jie pa\u0161vald\u012bbas debitoru par\u0101di sasniedz pat vair\u0101k nek\u0101 vienu miljonu eiro, no kuriem iev\u0113rojama da\u013ca ir uzkr\u0101jumi \u0161aub\u012bgajiem debitoriem, radot papildu nenoteikt\u012bbu.<\/p>\n<p>Iemesli un sekas: mantot\u0101s probl\u0113mas un administrat\u012bvais slogs<\/p>\n<p>Valkas novada domes priek\u0161s\u0113d\u0113t\u0101js Vents Armands Krauklis atzinis, ka pa\u0161vald\u012bbas bud\u017eeta situ\u0101cija ir saspringta un probl\u0113mas ir mantotas no iepriek\u0161\u0113jiem gadiem. Vi\u0146\u0161 nor\u0101d\u012bjis uz administrat\u012bvi teritori\u0101l\u0101s reformas sek\u0101m un iepriek\u0161\u0113j\u0101s vad\u012bbas, k\u0101 ar\u012b iepirkumu politikas probl\u0113m\u0101m. Viena no specifisk\u0101m probl\u0113m\u0101m ir saist\u012bta ar pa\u0161vald\u012bbas kapit\u0101lsabiedr\u012bbas SIA \u201cValkas Namsaimnieks\u201d funkcij\u0101m. Lai gan \u0161\u0101da sabiedr\u012bba past\u0101v, pa\u0161vald\u012bba pati nodro\u0161ina siltumapg\u0101des pakalpojumu snieg\u0161anu iedz\u012bvot\u0101jiem, iekas\u0113jot maks\u0101jumus un nor\u0113\u0137inoties ar pakalpojuma sniedz\u0113ju. \u0160\u0101da pieeja rada papildu finansi\u0101lu slogu pa\u0161vald\u012bbas bud\u017eetam un palielina riskus t\u0101s maks\u0101tsp\u0113jai. T\u0101pat tiek min\u0113ts, ka vair\u0101k nek\u0101 1000 Igaunij\u0101 deklar\u0113ti Valkas novada iedz\u012bvot\u0101ji, kuri izmanto pakalpojumus Latvij\u0101, rada pa\u0161vald\u012bbai zaud\u0113jumus l\u012bdz pat pusmiljonam eiro gad\u0101. Novada vad\u012bba pau\u017e ba\u017eas, ka FM ier\u0113d\u0146u izpratne par finan\u0161u situ\u0101cijas ra\u0161an\u0101s iemesliem ir nepietiekama, un publiskaj\u0101 telp\u0101 izskan nepamatoti apgalvojumi.<\/p>\n<p>FM pras\u012bbas un turpm\u0101kie so\u013ci<\/p>\n<p>Finan\u0161u ministrija uzsver, ka pa\u0161vald\u012bbai ir b\u016btiski turpin\u0101t darbu pie izdevumu efektiviz\u0101cijas un nodro\u0161in\u0101t finan\u0161u stabilit\u0101ti ilgtermi\u0146\u0101. T\u0101pat nepiecie\u0161ams izv\u0113rt\u0113t groz\u012bjumus izdevumu samazin\u0101juma pl\u0101n\u0101, iek\u013caujot jaunus pas\u0101kumus, par ko FM r\u012bc\u012bb\u0101 inform\u0101cija nav. Ja pa\u0161vald\u012bba nesp\u0113s nor\u0113\u0137in\u0101ties ar kreditoriem un nerad\u012bs ilgtermi\u0146a risin\u0101jumus bud\u017eeta sabalans\u0113\u0161anai, FM aicina Valkas novada domi izv\u0113rt\u0113t situ\u0101ciju, kas var\u0113tu liecin\u0101t par finan\u0161u stabiliz\u0101cijas procesa nepiecie\u0161am\u012bbu atbilsto\u0161i likumam. Vienlaikus FM ir l\u016bgusi Vides aizsardz\u012bbas un re\u0123ion\u0101l\u0101s att\u012bst\u012bbas ministriju (VARAM) izv\u0113rt\u0113t, vai Valkas novada pa\u0161vald\u012bb\u0101 atbilsto\u0161i likumam tiek nodro\u0161in\u0101ti iedz\u012bvot\u0101jiem nepiecie\u0161amie siltumapg\u0101des un komun\u0101lie pakalpojumi. Ministrs Raimonds \u010cudars, koment\u0113jot situ\u0101ciju, ir nor\u0101d\u012bjis, ka gad\u012bjum\u0101, ja pa\u0161vald\u012bba ilgsto\u0161i nesp\u0113s tikt gal\u0101 ar bud\u017eetu, var\u0113tu apsv\u0113rt novada pievieno\u0161anu k\u0101dam blakus eso\u0161ajam novadam. Pa\u0161laik gan VARAM nav sa\u0146\u0113musi skaidrojumu no Valkas novada pa\u0161vald\u012bbas par situ\u0101cijas risin\u0101jumu.<\/p>\n<p>Novada vad\u012bbas atbilde un n\u0101kotnes perspekt\u012bvas<\/p>\n<p>Domes priek\u0161s\u0113d\u0113t\u0101js Vents Armands Krauklis apgalvo, ka Valkas novadam ir pl\u0101ns, k\u0101 l\u012bdz gada beig\u0101m tikt gal\u0101 ar kav\u0113tajiem maks\u0101jumiem, un tam papildu nauda netiek pras\u012bta. Vi\u0146\u0161 uzsver, ka probl\u0113mas ir mantotas un nav nov\u0113rstas iepriek\u0161\u0113jos gados. Tom\u0113r Krauklis atz\u012bst, ka n\u0101kamajam gadam nepiecie\u0161ams papildu finans\u0113jums, kas netiek paredz\u0113ts. Vi\u0146\u0161 pau\u017e ba\u017eas, ka bez papildu l\u012bdzek\u013ciem neb\u016bs iesp\u0113jams nodro\u0161in\u0101t pakalpojumu l\u012bmeni \u0161\u0101 gada l\u012bmen\u012b un izveidot n\u0101kam\u0101 gada bud\u017eetu. Lai gan par siltumapg\u0101des tarifiem iedz\u012bvot\u0101jiem nav j\u0101uztraucas, iesp\u0113jamas probl\u0113mas var rasties ce\u013cu uztur\u0113\u0161an\u0101. Valkas novada pa\u0161vald\u012bba uzsver, ka ilgtermi\u0146a finansi\u0101l\u0101 l\u012bdzsvara nodro\u0161in\u0101\u0161ana ir kop\u012bgs valsts un pa\u0161vald\u012bbu uzdevums, \u012bpa\u0161i re\u0123ionos ar demogr\u0101fijas un ien\u0101kumu b\u0101zes izaicin\u0101jumiem.<\/p>\n","protected":false},"excerpt":{"rendered":"Finan\u0161u ministrijas br\u012bdin\u0101jums Valkas novadam Finan\u0161u ministrija (FM) ir nos\u016bt\u012bjusi stingru br\u012bdin\u0101jumu Valkas novada pa\u0161vald\u012bbai, aicinot nekav\u0113joties sak\u0101rtot&hellip;\n","protected":false},"author":2,"featured_media":35164,"comment_status":"","ping_status":"","sticky":false,"template":"","format":"standard","meta":{"footnotes":""},"categories":[5],"tags":[23,28,29,10363,32,33,438,22,30,31,35,39,38,36,37,34,40,20,7041,2790,26,27,24,25,10362,21],"class_list":{"0":"post-35163","1":"post","2":"type-post","3":"status-publish","4":"format-standard","5":"has-post-thumbnail","7":"category-aktualitates","8":"tag-aktualitates","9":"tag-breaking-news","10":"tag-breakingnews","11":"tag-budzeta-vadiba","12":"tag-featured-news","13":"tag-featurednews","14":"tag-finansu-ministrija","15":"tag-headlines","16":"tag-latest-news","17":"tag-latestnews","18":"tag-latvia","19":"tag-latvian","20":"tag-latviesu","21":"tag-latviesu-valoda","22":"tag-latviesuvaloda","23":"tag-latvija","24":"tag-lv","25":"tag-news","26":"tag-paradi","27":"tag-pasvaldibu-finanses","28":"tag-popularakas-zinas","29":"tag-popularakaszinas","30":"tag-top-stories","31":"tag-topstories","32":"tag-valkas-novads","33":"tag-zinas"},"share_on_mastodon":{"url":"https:\/\/pubeurope.com\/@lv\/115462748050702398","error":""},"_links":{"self":[{"href":"https:\/\/www.europesays.com\/lv\/wp-json\/wp\/v2\/posts\/35163","targetHints":{"allow":["GET"]}}],"collection":[{"href":"https:\/\/www.europesays.com\/lv\/wp-json\/wp\/v2\/posts"}],"about":[{"href":"https:\/\/www.europesays.com\/lv\/wp-json\/wp\/v2\/types\/post"}],"author":[{"embeddable":true,"href":"https:\/\/www.europesays.com\/lv\/wp-json\/wp\/v2\/users\/2"}],"replies":[{"embeddable":true,"href":"https:\/\/www.europesays.com\/lv\/wp-json\/wp\/v2\/comments?post=35163"}],"version-history":[{"count":0,"href":"https:\/\/www.europesays.com\/lv\/wp-json\/wp\/v2\/posts\/35163\/revisions"}],"wp:featuredmedia":[{"embeddable":true,"href":"https:\/\/www.europesays.com\/lv\/wp-json\/wp\/v2\/media\/35164"}],"wp:attachment":[{"href":"https:\/\/www.europesays.com\/lv\/wp-json\/wp\/v2\/media?parent=35163"}],"wp:term":[{"taxonomy":"category","embeddable":true,"href":"https:\/\/www.europesays.com\/lv\/wp-json\/wp\/v2\/categories?post=35163"},{"taxonomy":"post_tag","embeddable":true,"href":"https:\/\/www.europesays.com\/lv\/wp-json\/wp\/v2\/tags?post=35163"}],"curies":[{"name":"wp","href":"https:\/\/api.w.org\/{rel}","templated":true}]}}