{"id":35167,"date":"2025-10-30T10:57:11","date_gmt":"2025-10-30T10:57:11","guid":{"rendered":"https:\/\/www.europesays.com\/lv\/35167\/"},"modified":"2025-10-30T10:57:11","modified_gmt":"2025-10-30T10:57:11","slug":"nav-bijusas-indikacijas-par-asv-gatavosanos-mazinat-karaviru-skaitu-latvija-2","status":"publish","type":"post","link":"https:\/\/www.europesays.com\/lv\/35167\/","title":{"rendered":"Nav biju\u0161as indik\u0101cijas par ASV gatavo\u0161anos mazin\u0101t karav\u012bru skaitu Latvij\u0101"},"content":{"rendered":"<p>L\u012bdz\u0161in\u0113j\u0101 komunik\u0101cij\u0101 ar ASV nav biju\u0161as indik\u0101cijas par gatavo\u0161anos samazin\u0101t Savienoto Valstu karav\u012bru skaitu Latvij\u0101, a\u0123ent\u016brai LETA ar Latvijas Aizsardz\u012bbas ministrijas Preses noda\u013cas starpniec\u012bbu pav\u0113st\u012bja aizsardz\u012bbas ministrs Andris Spr\u016bds (P).<\/p>\n<p>Vi\u0146\u0161 nor\u0101d\u012bja, ka Latvija augstu nov\u0113rt\u0113 ASV nep\u0101rtraukto iesaisti un atbalstu m\u016bsu valsts aizsardz\u012bbas sp\u0113ju stiprin\u0101\u0161an\u0101 un att\u012bst\u012bb\u0101, tostarp kop\u012bgas milit\u0101r\u0101s m\u0101c\u012bbas un milit\u0101r\u0101s pal\u012bdz\u012bbas finans\u0113jumu Baltijas valst\u012bm. ASV un Eiropa nemain\u012bgi ir cie\u0161i sabiedrotie. ASV administr\u0101cija ir atk\u0101rtoti apstiprin\u0101jusi stingru un nelok\u0101mu atbalstu NATO un akt\u012bvai ASV iesaistei alianses kolekt\u012bv\u0101s dro\u0161\u012bbas stiprin\u0101\u0161an\u0101.<\/p>\n<p>ASV administr\u0101cija ir bijusi cie\u0161\u0101 dialog\u0101 ar Latviju un p\u0101r\u0113jiem sabiedrotajiem par nepiecie\u0161am\u012bbu sal\u0101got ASV milit\u0101ro sp\u0113ju vajadz\u012bbas, \u0146emot v\u0113r\u0101 gan turpino\u0161os Krievijas agresiju, gan pieaugo\u0161os dro\u0161\u012bbas izaicin\u0101jumus \u0101rpus Eiropas kontinenta.<\/p>\n<p>&#8220;L\u012bdz\u0161in\u0113j\u0101 komunik\u0101cij\u0101 ar ASV nav biju\u0161as indik\u0101cijas par ASV gatavo\u0161anos samazin\u0101t ASV karav\u012bru skaitu Latvij\u0101. ASV karav\u012bri ar\u012b turpm\u0101k b\u016bs da\u013ca no NATO milit\u0101r\u0101s kl\u0101tb\u016btnes Latvij\u0101 un Baltij\u0101, tostarp piedal\u012bsies kop\u012bg\u0101s m\u0101c\u012bb\u0101s Eirop\u0101, ko uztveram k\u0101 nov\u0113rt\u0113jumu par Latvijas iev\u0113rojamo ieguld\u012bjumu savas un NATO dro\u0161\u012bbas stiprin\u0101\u0161an\u0101. Alianse \u0161odien ir sp\u0113c\u012bg\u0101ka un vienot\u0101ka nek\u0101 jebkad agr\u0101k,&#8221; uzsv\u0113ra ministrs.<\/p>\n<p>Jau zi\u0146ots, ka ASV inform\u0113ju\u0161as NATO sabiedrotos par ASV karav\u012bru skaita samazin\u0101\u0161anu Eiropas austrumu flang\u0101, tai skait\u0101 Rum\u0101nij\u0101, kur bija pl\u0101nota amerik\u0101\u0146u karav\u012bru izvieto\u0161ana Mihaila Kogelni\u010djanu gaisa sp\u0113ku b\u0101z\u0113, tre\u0161dien pazi\u0146oja Rum\u0101nijas Aizsardz\u012bbas ministrija.<\/p>\n<p>ASV prezidenta Donalda Trampa administr\u0101cija jau iepriek\u0161 br\u012bdin\u0101jusi Eiropas sabiedrotos, ka tiem j\u0101uz\u0146emas liel\u0101ka atbild\u012bba par savu dro\u0161\u012bbu, jo ASV tagad vair\u0101k koncentr\u0113jas uz sav\u0101m robe\u017e\u0101m un Indijas un Klus\u0101 oke\u0101na re\u0123ionu.<\/p>\n<p>Rum\u0101nijas aizsardz\u012bbas ministrs Jonuts Mostjanu pazi\u0146oja, ka neuzskata \u0161o ASV soli par sp\u0113ku atvilk\u0161anu. ASV nol\u0113musi aptur\u0113t t\u0101s brig\u0101des rot\u0101ciju Eirop\u0101, kurai bija elementi vair\u0101k\u0101s NATO valst\u012bs, tai skait\u0101 Bulg\u0101rij\u0101, Rum\u0101nij\u0101, Slov\u0101kij\u0101 un Ung\u0101rij\u0101, \u017eurn\u0101listiem skaidroja ministrs.<\/p>\n<p>K\u0101da NATO amatpersona zi\u0146u a\u0123ent\u016brai AFP apstiprin\u0101ja, ka ASV ir inform\u0113ju\u0161as aliansi par savu l\u0113mumu, bet noraid\u012bja \u0161\u012b so\u013ca noz\u012bm\u012bgumu. &#8220;Pat p\u0113c \u0161\u012bm izmai\u0146\u0101m ASV sp\u0113ku kontingents Eirop\u0101 joproj\u0101m ir liel\u0101ks nek\u0101 bijis daudzus iepriek\u0161\u0113jos gadus, un kontinent\u0101 ir daudz vair\u0101k ASV sp\u0113ku nek\u0101 pirms 2022. gada,&#8221; sac\u012bja amatpersona.<\/p>\n<p><img decoding=\"async\" src=\"https:\/\/www.europesays.com\/lv\/wp-content\/uploads\/2025\/10\/4c3f5b6c545cdaec961344146c6979f1.jpg\" title=\"Andris Spr\u016bds. Foto: Evija Trifanova\/LETA\" alt=\"Andris Spr\u016bds. Foto: Evija Trifanova\/LETA\"\/><\/p>\n<p class=\"article-img-desc\">Andris Spr\u016bds. Foto: Evija Trifanova\/LETA<\/p>\n","protected":false},"excerpt":{"rendered":"L\u012bdz\u0161in\u0113j\u0101 komunik\u0101cij\u0101 ar ASV nav biju\u0161as indik\u0101cijas par gatavo\u0161anos samazin\u0101t Savienoto Valstu karav\u012bru skaitu Latvij\u0101, a\u0123ent\u016brai LETA ar&hellip;\n","protected":false},"author":2,"featured_media":34808,"comment_status":"","ping_status":"","sticky":false,"template":"","format":"standard","meta":{"footnotes":""},"categories":[14],"tags":[129,1450,5196,23,57,28,29,32,33,22,30,31,35,39,38,36,37,34,40,20,26,27,1451,5197,1452,5198,24,25,54,55,56,21,58],"class_list":{"0":"post-35167","1":"post","2":"type-post","3":"status-publish","4":"format-standard","5":"has-post-thumbnail","7":"category-zinas-no-arvalstim","8":"tag-__typenameadvicekeyword","9":"tag-id1045","10":"tag-id577","11":"tag-aktualitates","12":"tag-arvalstim","13":"tag-breaking-news","14":"tag-breakingnews","15":"tag-featured-news","16":"tag-featurednews","17":"tag-headlines","18":"tag-latest-news","19":"tag-latestnews","20":"tag-latvia","21":"tag-latvian","22":"tag-latviesu","23":"tag-latviesu-valoda","24":"tag-latviesuvaloda","25":"tag-latvija","26":"tag-lv","27":"tag-news","28":"tag-popularakas-zinas","29":"tag-popularakaszinas","30":"tag-slugdrosiba","31":"tag-slugnato","32":"tag-titledrosiba","33":"tag-titlenato","34":"tag-top-stories","35":"tag-topstories","36":"tag-world","37":"tag-world-news","38":"tag-worldnews","39":"tag-zinas","40":"tag-zinas-no-arvalstim"},"share_on_mastodon":{"url":"","error":"Validation failed: Text character limit of 500 exceeded"},"_links":{"self":[{"href":"https:\/\/www.europesays.com\/lv\/wp-json\/wp\/v2\/posts\/35167","targetHints":{"allow":["GET"]}}],"collection":[{"href":"https:\/\/www.europesays.com\/lv\/wp-json\/wp\/v2\/posts"}],"about":[{"href":"https:\/\/www.europesays.com\/lv\/wp-json\/wp\/v2\/types\/post"}],"author":[{"embeddable":true,"href":"https:\/\/www.europesays.com\/lv\/wp-json\/wp\/v2\/users\/2"}],"replies":[{"embeddable":true,"href":"https:\/\/www.europesays.com\/lv\/wp-json\/wp\/v2\/comments?post=35167"}],"version-history":[{"count":0,"href":"https:\/\/www.europesays.com\/lv\/wp-json\/wp\/v2\/posts\/35167\/revisions"}],"wp:featuredmedia":[{"embeddable":true,"href":"https:\/\/www.europesays.com\/lv\/wp-json\/wp\/v2\/media\/34808"}],"wp:attachment":[{"href":"https:\/\/www.europesays.com\/lv\/wp-json\/wp\/v2\/media?parent=35167"}],"wp:term":[{"taxonomy":"category","embeddable":true,"href":"https:\/\/www.europesays.com\/lv\/wp-json\/wp\/v2\/categories?post=35167"},{"taxonomy":"post_tag","embeddable":true,"href":"https:\/\/www.europesays.com\/lv\/wp-json\/wp\/v2\/tags?post=35167"}],"curies":[{"name":"wp","href":"https:\/\/api.w.org\/{rel}","templated":true}]}}