{"id":35195,"date":"2025-10-30T11:31:11","date_gmt":"2025-10-30T11:31:11","guid":{"rendered":"https:\/\/www.europesays.com\/lv\/35195\/"},"modified":"2025-10-30T11:31:11","modified_gmt":"2025-10-30T11:31:11","slug":"ttt-riga-eirokausa-aizvadis-izbraukuma-speli-pret-grupas-lideri","status":"publish","type":"post","link":"https:\/\/www.europesays.com\/lv\/35195\/","title":{"rendered":"&#8220;TTT R\u012bga&#8221; Eirokaus\u0101 aizvad\u012bs izbraukuma sp\u0113li pret grupas l\u012bderi"},"content":{"rendered":"<p>                                <img decoding=\"async\" fetchpriority=\"high\" src=\"https:\/\/www.europesays.com\/lv\/wp-content\/uploads\/2025\/10\/ttt-riga-1-750x450.jpeg\"   alt=\"TTT R\u012bga\" class=\"post-featured-image\"\/><\/p>\n<p>&#8220;TTT R\u012bga&#8221; | Foto: FIBA<\/p>\n<p>Latvijas sievie\u0161u basketbola klubs \u201c<a href=\"https:\/\/www.sportazinas.com\/atsl%C4%93gv%C4%81rdi\/ttt-riga\/\" rel=\"nofollow noopener\" target=\"_blank\">TTT R\u012bga<\/a>\u201d \u0161odien FIBA Eirokausa grupas ceturtaj\u0101 ma\u010d\u0101 izbraukum\u0101 tiksies ar Belgradas \u201cCrvena zvezda\u201d komandu. E grupas ma\u010ds trenera Ranko \u017deravi\u010da v\u0101rd\u0101 nosauktaj\u0101 sporta z\u0101l\u0113 Belgrad\u0101 s\u0101ksies plkst. 19 p\u0113c Latvijas laika, tie\u0161raid\u0113 to p\u0101rraidot \u201cYouTube\u201d kan\u0101lam \u201cFIBA \u2013 The Basketball Channel\u201d.<\/p>\n<p>Pirmaj\u0101 sp\u0113l\u0113 r\u012bdzinieces sav\u0101 laukum\u0101 Belgradas \u201cCrvena zvezda\u201d komandai zaud\u0113ja ar 66:82, otraj\u0101 c\u012b\u0146\u0101 viesos ar 56:84 piek\u0101p\u0101s Stambulas \u201cEmlak Konut\u201d, bet tre\u0161aj\u0101 m\u0101j\u0101s ar 75:61 p\u0101rsp\u0113ja Mat\u012bsa Ro\u017elapas tren\u0113to un Lu\u012bzes Silas p\u0101rst\u0101v\u0113to V\u0101cijas vien\u012bbu Z\u0101rlu\u012b \u201cRoyals\u201d. Belgradas klubs p\u0113c uzvaras R\u012bg\u0101 ar 78:65 pieveica \u201cRoyals\u201d un izbraukum\u0101 ar 77:69 \u2013 \u201cEmlak Konut\u201d.<\/p>\n<p>P\u0113c trim k\u0101rt\u0101m tr\u012bs uzvaras ir izc\u012bn\u012bjusi \u201cCrvena zvezda\u201d, divas \u2013 \u201cEmlak Konut\u201d, vienu \u2013 \u201cTTT R\u012bga\u201d, bet bez uzvar\u0101m ir \u201cRoyals\u201d. R\u012bdzinieces v\u0113l grupas sp\u0113l\u0113s novembra s\u0101kum\u0101 sav\u0101 laukum\u0101 sp\u0113l\u0113s ar Stambulas vien\u012bbu, bet novembra beig\u0101s viesos \u2013 ar \u201cRoyals\u201d.<\/p>\n<p>Pamatturn\u012br\u0101 sacen\u0161as 48 klubi, kas saloz\u0113ti 12 grup\u0101s pa \u010detr\u0101m vien\u012bb\u0101m. Izsl\u0113g\u0161anas sp\u0113l\u0113m kvalific\u0113jas katras grupas divas lab\u0101k\u0101s komandas un \u010detras lab\u0101k\u0101s tre\u0161o vietu ieguv\u0113jas. \u0160\u012bm 28 komand\u0101m v\u0113l pievienosies \u010detras vien\u012bbas, kas b\u016bs izkritu\u0161as no Eirol\u012bgas turn\u012bra.<\/p>\n<p>Iepriek\u0161\u0113j\u0101 sezon\u0101 \u201cTTT R\u012bga\u201d grup\u0101 uzvar\u0113ja vien\u0101 sp\u0113l\u0113, ie\u0146emot p\u0113d\u0113jo vietu un nekvalific\u0113joties \u201cplay-off\u201d sp\u0113l\u0113m.<\/p>\n<p>Par uzvar\u0113t\u0101j\u0101m k\u013cuva Viln\u0113vas d\u2019Askas ESBVA basketbolistes, kuras fin\u0101l\u0101 divu ma\u010du summ\u0101 ar 162:145 p\u0101rsp\u0113ja Ferrolas \u201cBaxi\u201d no Sp\u0101nijas.<\/p>\n","protected":false},"excerpt":{"rendered":"&#8220;TTT R\u012bga&#8221; | Foto: FIBA Latvijas sievie\u0161u basketbola klubs \u201cTTT R\u012bga\u201d \u0161odien FIBA Eirokausa grupas ceturtaj\u0101 ma\u010d\u0101 izbraukum\u0101&hellip;\n","protected":false},"author":2,"featured_media":35196,"comment_status":"","ping_status":"","sticky":false,"template":"","format":"standard","meta":{"footnotes":""},"categories":[17],"tags":[35,39,38,36,37,34,40,67],"class_list":{"0":"post-35195","1":"post","2":"type-post","3":"status-publish","4":"format-standard","5":"has-post-thumbnail","7":"category-sports","8":"tag-latvia","9":"tag-latvian","10":"tag-latviesu","11":"tag-latviesu-valoda","12":"tag-latviesuvaloda","13":"tag-latvija","14":"tag-lv","15":"tag-sports"},"share_on_mastodon":{"url":"https:\/\/pubeurope.com\/@lv\/115462896572178769","error":""},"_links":{"self":[{"href":"https:\/\/www.europesays.com\/lv\/wp-json\/wp\/v2\/posts\/35195","targetHints":{"allow":["GET"]}}],"collection":[{"href":"https:\/\/www.europesays.com\/lv\/wp-json\/wp\/v2\/posts"}],"about":[{"href":"https:\/\/www.europesays.com\/lv\/wp-json\/wp\/v2\/types\/post"}],"author":[{"embeddable":true,"href":"https:\/\/www.europesays.com\/lv\/wp-json\/wp\/v2\/users\/2"}],"replies":[{"embeddable":true,"href":"https:\/\/www.europesays.com\/lv\/wp-json\/wp\/v2\/comments?post=35195"}],"version-history":[{"count":0,"href":"https:\/\/www.europesays.com\/lv\/wp-json\/wp\/v2\/posts\/35195\/revisions"}],"wp:featuredmedia":[{"embeddable":true,"href":"https:\/\/www.europesays.com\/lv\/wp-json\/wp\/v2\/media\/35196"}],"wp:attachment":[{"href":"https:\/\/www.europesays.com\/lv\/wp-json\/wp\/v2\/media?parent=35195"}],"wp:term":[{"taxonomy":"category","embeddable":true,"href":"https:\/\/www.europesays.com\/lv\/wp-json\/wp\/v2\/categories?post=35195"},{"taxonomy":"post_tag","embeddable":true,"href":"https:\/\/www.europesays.com\/lv\/wp-json\/wp\/v2\/tags?post=35195"}],"curies":[{"name":"wp","href":"https:\/\/api.w.org\/{rel}","templated":true}]}}