{"id":35204,"date":"2025-10-30T11:41:09","date_gmt":"2025-10-30T11:41:09","guid":{"rendered":"https:\/\/www.europesays.com\/lv\/35204\/"},"modified":"2025-10-30T11:41:09","modified_gmt":"2025-10-30T11:41:09","slug":"krievijas-ekonomikai-beidzot-plist-pedejas-viles-aktualie-dati-izskatas-sokejosi","status":"publish","type":"post","link":"https:\/\/www.europesays.com\/lv\/35204\/","title":{"rendered":"Krievijas ekonomikai beidzot pl\u012bst p\u0113d\u0113j\u0101s v\u012bles? Aktu\u0101lie dati \u201cizskat\u0101s \u0161ok\u0113jo\u0161i\u201d"},"content":{"rendered":"<p>    <img decoding=\"async\" src=\"https:\/\/lastatic.ams3.cdn.digitaloceanspaces.com\/2025\/10\/afp_32gl8d2-1024x683.jpg\" alt=\"&#10;\u201cArmija-2022\u201d starptautiskais milit\u0101ri tehniskais forums Patriotu park\u0101 Kubink\u0101, net\u0101lu no Maskavas. 2022. gada 16. august\u0101.&#10;\"\/><\/p>\n<p>\u201cArmija-2022\u201d starptautiskais milit\u0101ri tehniskais forums Patriotu park\u0101 Kubink\u0101, net\u0101lu no Maskavas. 2022. gada 16. august\u0101.<\/p>\n<p>Foto. Scanpix\/LETA\/NATALIA KOLESNIKOVA \/ AFP)\n<\/p>\n<p>Milit\u0101ri industri\u0101lais komplekss (MIK), kas, pateicoties triljoniem rub\u013cu lieliem valsts aizsardz\u012bbas pas\u016bt\u012bjumiem, k\u013cuva par Krievijas ekonomikas galveno dzin\u0113jsp\u0113ku, negaid\u012bti ir s\u0101cis buks\u0113t, par to pla\u0161\u0101k raksta <a href=\"https:\/\/www.moscowtimes.ru\/2025\/10\/24\/uekonomiki-lopnula-poslednyaya-skrepa-vrossii-nachalo-sokraschatsya-proizvodstvo-navoennih-zavodah-a178185\" rel=\"nofollow noopener\" target=\"_blank\">MoscowTimes<\/a>.<\/p>\n<p>        Las\u012bt\u0101kie<br \/>\n        <a data-imagesrc=\"{&quot;300&quot;:&quot;https:\\\/\\\/lastatic.ams3.cdn.digitaloceanspaces.com\\\/2021\\\/02\\\/LET_15280184-1-300x205.jpg&quot;,&quot;768&quot;:&quot;https:\\\/\\\/lastatic.ams3.cdn.digitaloceanspaces.com\\\/2021\\\/02\\\/LET_15280184-1-768x524.jpg&quot;,&quot;200&quot;:&quot;https:\\\/\\\/lastatic.ams3.cdn.digitaloceanspaces.com\\\/2021\\\/02\\\/LET_15280184-1-200x136.jpg&quot;,&quot;400&quot;:&quot;https:\\\/\\\/lastatic.ams3.cdn.digitaloceanspaces.com\\\/2021\\\/02\\\/LET_15280184-1-400x273.jpg&quot;,&quot;500&quot;:&quot;https:\\\/\\\/lastatic.ams3.cdn.digitaloceanspaces.com\\\/2021\\\/02\\\/LET_15280184-1-500x341.jpg&quot;,&quot;800&quot;:&quot;https:\\\/\\\/lastatic.ams3.cdn.digitaloceanspaces.com\\\/2021\\\/02\\\/LET_15280184-1-800x546.jpg&quot;,&quot;1000&quot;:&quot;https:\\\/\\\/lastatic.ams3.cdn.digitaloceanspaces.com\\\/2021\\\/02\\\/LET_15280184-1.jpg&quot;}\" data-focuspoint=\"&quot;&quot;\" data-p=\"2457509\" href=\"https:\/\/www.la.lv\/ka-var-nozombet-cilvekus-veidemane-izsakas-par-vienu-no-lielakajiem-pedejo-gadu-protestiem-riga\" class=\"content-item lazy-load\" wp_automatic_readability=\"26.5\" rel=\"nofollow noopener\" target=\"_blank\"><\/p>\n<p>                                <img decoding=\"async\" src=\"\" alt=\"\" style=\"\" data-imageid=\"\"\/><\/p>\n<p>                                            \u201cK\u0101 var nozomb\u0113t cilv\u0113kus!\u201d Veidemane izsak\u0101s par vienu no liel\u0101kajiem p\u0113d\u0113jo gadu protestiem R\u012bg\u0101\n                            <\/p>\n<p><\/a><a data-imagesrc=\"{&quot;300&quot;:&quot;https:\\\/\\\/lastatic.ams3.cdn.digitaloceanspaces.com\\\/2022\\\/11\\\/0A0A5710-300x200.jpg&quot;,&quot;1024&quot;:&quot;https:\\\/\\\/lastatic.ams3.cdn.digitaloceanspaces.com\\\/2022\\\/11\\\/0A0A5710-1024x683.jpg&quot;,&quot;768&quot;:&quot;https:\\\/\\\/lastatic.ams3.cdn.digitaloceanspaces.com\\\/2022\\\/11\\\/0A0A5710-768x512.jpg&quot;,&quot;200&quot;:&quot;https:\\\/\\\/lastatic.ams3.cdn.digitaloceanspaces.com\\\/2022\\\/11\\\/0A0A5710-200x133.jpg&quot;,&quot;400&quot;:&quot;https:\\\/\\\/lastatic.ams3.cdn.digitaloceanspaces.com\\\/2022\\\/11\\\/0A0A5710-400x267.jpg&quot;,&quot;500&quot;:&quot;https:\\\/\\\/lastatic.ams3.cdn.digitaloceanspaces.com\\\/2022\\\/11\\\/0A0A5710-500x333.jpg&quot;,&quot;800&quot;:&quot;https:\\\/\\\/lastatic.ams3.cdn.digitaloceanspaces.com\\\/2022\\\/11\\\/0A0A5710-800x533.jpg&quot;,&quot;1000&quot;:&quot;https:\\\/\\\/lastatic.ams3.cdn.digitaloceanspaces.com\\\/2022\\\/11\\\/0A0A5710-1000x667.jpg&quot;,&quot;1200&quot;:&quot;https:\\\/\\\/lastatic.ams3.cdn.digitaloceanspaces.com\\\/2022\\\/11\\\/0A0A5710.jpg&quot;}\" data-focuspoint=\"&quot;&quot;\" data-p=\"2457169\" href=\"https:\/\/www.la.lv\/vispar-vajadzetu-aizliegt-donu-un-vina-jauno-dziesmu-muzika-jaunakais-veikums-izraisa-negaiditu-sabiedribas-reakciju\" class=\"content-item lazy-load\" wp_automatic_readability=\"26.5\" rel=\"nofollow noopener\" target=\"_blank\"><\/p>\n<p>                                <img decoding=\"async\" src=\"\" alt=\"\" style=\"\" data-imageid=\"\"\/><\/p>\n<p>                                Kokteilis<\/p>\n<p>                                            \u201cVisp\u0101r vajadz\u0113tu aizliegt Donu un vi\u0146a jauno dziesmu\u2026\u201d M\u016bzi\u0137a jaun\u0101kais veikums izraisa negaid\u012btu sabiedr\u012bbas reakciju<\/p>\n<p><\/a><a data-imagesrc=\"{&quot;300&quot;:&quot;https:\\\/\\\/lastatic.ams3.cdn.digitaloceanspaces.com\\\/2025\\\/10\\\/LET_367862-300x226.jpg&quot;,&quot;1024&quot;:&quot;https:\\\/\\\/lastatic.ams3.cdn.digitaloceanspaces.com\\\/2025\\\/10\\\/LET_367862-1024x772.jpg&quot;,&quot;1536&quot;:&quot;https:\\\/\\\/lastatic.ams3.cdn.digitaloceanspaces.com\\\/2025\\\/10\\\/LET_367862-1536x1159.jpg&quot;,&quot;500&quot;:&quot;https:\\\/\\\/lastatic.ams3.cdn.digitaloceanspaces.com\\\/2025\\\/10\\\/LET_367862-500x377.jpg&quot;,&quot;800&quot;:&quot;https:\\\/\\\/lastatic.ams3.cdn.digitaloceanspaces.com\\\/2025\\\/10\\\/LET_367862-800x603.jpg&quot;,&quot;2560&quot;:&quot;https:\\\/\\\/lastatic.ams3.cdn.digitaloceanspaces.com\\\/2025\\\/10\\\/LET_367862-scaled.jpg&quot;}\" data-focuspoint=\"&quot;&quot;\" data-p=\"2457516\" href=\"https:\/\/www.la.lv\/video-par-3-latiem-jelgavas-ledus-halle-22-gadus-vecs-prata-vetras-reklamas-video-liek-ieplest-acis\" class=\"content-item lazy-load\" wp_automatic_readability=\"26.5\" rel=\"nofollow noopener\" target=\"_blank\"><\/p>\n<p>                                <img decoding=\"async\" src=\"\" alt=\"\" style=\"\" data-imageid=\"\"\/><\/p>\n<p>                                            VIDEO. \u201cPar 3 latiem Jelgavas Ledus hall\u0113!\u201d 22 gadus vecs \u201cPr\u0101ta V\u0113tras\u201d rekl\u0101mas video liek ieplest acis<\/p>\n<p><\/a><br \/>\n        <a class=\"read-more\" href=\"https:\/\/www.la.lv\/top\" rel=\"nofollow noopener\" target=\"_blank\">Las\u012bt citas zi\u0146as<\/a><\/p>\n<p>Saska\u0146\u0101 ar Rosstat datiem ar MIK saist\u012bt\u0101s nozares pirmo reizi kop\u0161 kara s\u0101kuma ir non\u0101ku\u0161as stagn\u0101cij\u0101 vai pat ra\u017eo\u0161anas kritum\u0101 p\u0113c gandr\u012bz tr\u012bs gadus ilgu\u0161a divciparu izaugsmes tempa.  \u201cGatavo met\u0101lizstr\u0101d\u0101jumu ra\u017eo\u0161ana\u201d, kas 2023. gad\u0101 pieauga par 26%, 2024. gad\u0101 \u2013 par 31 %, bet august\u0101 \u2013 par 21%, septembr\u012b negaid\u012bti piedz\u012bvoja kritumu par 1,6% sal\u012bdzin\u0101jum\u0101 ar iepriek\u0161\u0113jo gadu.  <\/p>\n<p>\u201cCitu transportl\u012bdzek\u013cu\u201d ra\u017eo\u0161ana, kas ietver tankus un bru\u0146uma\u0161\u012bnas, pal\u0113nin\u0101j\u0101s vair\u0101k nek\u0101 desmitk\u0101rt \u2013 septembr\u012b pieaugums bija tikai 6% pret 61% august\u0101. Sal\u012bdzin\u0101jumam, 2023. gad\u0101 \u0161aj\u0101 kategorij\u0101 ra\u017eo\u0161ana pieauga par 29%, bet 2024. gad\u0101 \u2013 par 34%.  <\/p>\n<p>    CITI \u0160OBR\u012aD LASA<\/p>\n<p> Dati par milit\u0101ro r\u016bpniec\u012bbu \u201cizskat\u0101s \u0161ok\u0113jo\u0161i\u201d, nor\u0101da anal\u012bti\u0137i. Nozares, kas iepriek\u0161 veicin\u0101ja ekonomikas izaugsmi, tagad vilku\u0161as p\u0101rstr\u0101des r\u016bpniec\u012bbas indeksu uz leju \u2013 septembr\u012b tas pieauga tikai par 0,4% gada izteiksm\u0113, kas ir asto\u0146as reizes maz\u0101k nek\u0101 august\u0101 (2,4%).  <\/p>\n<p>P\u0101rstr\u0101des r\u016bpniec\u012bba ir liel\u0101kais ekonomikas sektors, un t\u0101 izaugsme septembr\u012b bijusi zem\u0101k\u0101 kop\u0161 2023. gada s\u0101kuma, apstiprina PSB galvenais anal\u012bti\u0137is Deniss Popovs. Kopum\u0101 r\u016bpniec\u012bba, kas veido aptuveni 30% no Krievijas IKP, gandr\u012bz apst\u0101jusies, pieaugot tikai par 0,3% gada izteiksm\u0113 septembr\u012b pret 5,6% iepriek\u0161\u0113j\u0101 gad\u0101.  <\/p>\n<p>P\u0101rstr\u0101des sektor\u0101 recesija sk\u0101rusi 18 no 24 Rosstat uzraudz\u012btaj\u0101m nozar\u0113m, kas kop\u0101 nodro\u0161ina gandr\u012bz 80% no ekonomikas prec\u0113m. <\/p>\n<p>R\u016bpniec\u012bbas probl\u0113mas, visticam\u0101k, saist\u012btas ar bud\u017eeta ierobe\u017eojumiem, uzskata Alfa Bank galven\u0101 ekonomiste Nat\u0101lija Orlova. Lai iek\u013cautos bud\u017eeta pl\u0101n\u0101, kas sask\u0101ries ar izejvielu ien\u0101kumu samazin\u0101\u0161anos par 21% un defic\u012btu, kas piecas reizes p\u0101rsniedz s\u0101kotn\u0113j\u0101s prognozes, Finan\u0161u ministrijai nu b\u016bs j\u0101samazina izdevumi, kas savk\u0101rt rada riskus ekonomikas p\u0101rkar\u0161anai. <\/p>\n<p>Jaun\u0101s ASV sankcijas pret Rosneft  un Lukoil, kas apgr\u016btin\u0101s naftas eksportu uz Indiju, v\u0113l vair\u0101k iedrag\u0101s ekonomiku, l\u012bdz ar to Krievijas ekonomikas \u201cciet\u0101s nos\u0113\u0161an\u0101s\u201d risks arvien pieaug.  <\/p>\n<p>T\u0113mas<\/p>\n<p>    SAIST\u012aTIE RAKSTI<\/p>\n","protected":false},"excerpt":{"rendered":"\u201cArmija-2022\u201d starptautiskais milit\u0101ri tehniskais forums Patriotu park\u0101 Kubink\u0101, net\u0101lu no Maskavas. 2022. gada 16. august\u0101. Foto. Scanpix\/LETA\/NATALIA KOLESNIKOVA&hellip;\n","protected":false},"author":2,"featured_media":35205,"comment_status":"","ping_status":"","sticky":false,"template":"","format":"standard","meta":{"footnotes":""},"categories":[5],"tags":[23,28,29,32,33,22,30,31,35,39,38,36,37,34,40,20,26,27,24,25,21],"class_list":{"0":"post-35204","1":"post","2":"type-post","3":"status-publish","4":"format-standard","5":"has-post-thumbnail","7":"category-aktualitates","8":"tag-aktualitates","9":"tag-breaking-news","10":"tag-breakingnews","11":"tag-featured-news","12":"tag-featurednews","13":"tag-headlines","14":"tag-latest-news","15":"tag-latestnews","16":"tag-latvia","17":"tag-latvian","18":"tag-latviesu","19":"tag-latviesu-valoda","20":"tag-latviesuvaloda","21":"tag-latvija","22":"tag-lv","23":"tag-news","24":"tag-popularakas-zinas","25":"tag-popularakaszinas","26":"tag-top-stories","27":"tag-topstories","28":"tag-zinas"},"share_on_mastodon":{"url":"https:\/\/pubeurope.com\/@lv\/115462935927728724","error":""},"_links":{"self":[{"href":"https:\/\/www.europesays.com\/lv\/wp-json\/wp\/v2\/posts\/35204","targetHints":{"allow":["GET"]}}],"collection":[{"href":"https:\/\/www.europesays.com\/lv\/wp-json\/wp\/v2\/posts"}],"about":[{"href":"https:\/\/www.europesays.com\/lv\/wp-json\/wp\/v2\/types\/post"}],"author":[{"embeddable":true,"href":"https:\/\/www.europesays.com\/lv\/wp-json\/wp\/v2\/users\/2"}],"replies":[{"embeddable":true,"href":"https:\/\/www.europesays.com\/lv\/wp-json\/wp\/v2\/comments?post=35204"}],"version-history":[{"count":0,"href":"https:\/\/www.europesays.com\/lv\/wp-json\/wp\/v2\/posts\/35204\/revisions"}],"wp:featuredmedia":[{"embeddable":true,"href":"https:\/\/www.europesays.com\/lv\/wp-json\/wp\/v2\/media\/35205"}],"wp:attachment":[{"href":"https:\/\/www.europesays.com\/lv\/wp-json\/wp\/v2\/media?parent=35204"}],"wp:term":[{"taxonomy":"category","embeddable":true,"href":"https:\/\/www.europesays.com\/lv\/wp-json\/wp\/v2\/categories?post=35204"},{"taxonomy":"post_tag","embeddable":true,"href":"https:\/\/www.europesays.com\/lv\/wp-json\/wp\/v2\/tags?post=35204"}],"curies":[{"name":"wp","href":"https:\/\/api.w.org\/{rel}","templated":true}]}}