{"id":35212,"date":"2025-10-30T11:53:13","date_gmt":"2025-10-30T11:53:13","guid":{"rendered":"https:\/\/www.europesays.com\/lv\/35212\/"},"modified":"2025-10-30T11:53:13","modified_gmt":"2025-10-30T11:53:13","slug":"miskastes-izvesanai-ar-pensijas-pielikumu-man-vajadzetu-pietikt-santa","status":"publish","type":"post","link":"https:\/\/www.europesays.com\/lv\/35212\/","title":{"rendered":"Miskastes izve\u0161anai ar pensijas pielikumu man vajadz\u0113tu pietikt! \u2014 Santa"},"content":{"rendered":"<p>Nelielais pensijas pielikums estr\u0101des dzied\u0101t\u0101ju dr\u012bz\u0101k skumdina, ne iepriecina, v\u0113sta \u017eurn\u0101ls Priv\u0101t\u0101 Dz\u012bve. Vi\u0146\u0161 neredz j\u0113gu pielikt 20 eiro pie 300 eiro pensijas, un sprie\u017e, ka tie\u0161i vi\u0146a dzim\u0161anas gada cilv\u0113ki ir tie, kuriem pensijas ir maz\u0101k\u0101s.<\/p>\n<p>Vi\u0146u un kundzi ba\u017e\u012bgu dara p\u0101rtikas cenu k\u0101pums, jo vienam grozi\u0146am, kur\u0101 turkl\u0101t nav nekas \u0101rk\u0101rt\u0113js, vajadz\u012bgi vismaz 40 eiro.<\/p>\n<blockquote><p>&#13;<\/p>\n<p>Agr\u0101k par 50 eiro <a data-id=\"129971\" href=\"https:\/\/www.santa.lv\/tema\/129971\/dziedatajs?utm_source=internal&amp;utm_medium=article&amp;utm_campaign=theme_link\" target=\"_blank\" rel=\"nofollow noopener\">dzied\u0101t\u0101js<\/a> no veikala m\u0101jup g\u0101jis ar diviem pilniem maisiem, tagad \u2013 vienu un patuk\u0161u.<\/p>\n<p>&#13;\n<\/p><\/blockquote>\n<p>Viktors sar\u0113\u0137in\u0101jis, ka pensijas pieaugums gada griezum\u0101 vi\u0146am pal\u012bdz\u0113s segt atkritumu konteinera izve\u0161anu. \u00abGad\u0101 man par to j\u0101maks\u0101 virs 140 eiro. Tam ar\u012b \u0161\u012b piemaksa aizies,\u00bb par pensijas indeks\u0101ciju teic Viktors Lap\u010denoks.<\/p>\n<p>K\u0101 citi sabiedr\u012bb\u0101 zin\u0101mi seniori t\u0113rp\u0113s pensijas pielikumu, uzziniet jaun\u0101kaj\u0101 \u017eurn\u0101la\u00a0Priv\u0101t\u0101 Dz\u012bve\u00a0numur\u0101!<\/p>\n<p>&#13;<\/p>\n<ul>&#13;<\/p>\n<li>R\u0113zija nosl\u0113gusi \u012bpa\u0161u vieno\u0161anos ar v\u012bru \u00a0 \u00a0\u00a0<\/li>\n<p>&#13;<\/p>\n<li>Pauls atgrie\u017eas uz skatuves\u00a0<\/li>\n<p>&#13;<\/p>\n<li>Dzelz\u012btis atmetis dzer\u0161anu<\/li>\n<p>&#13;<\/p>\n<li>Porzi\u0146\u0123a bijus\u012b m\u012b\u013cot\u0101 raksta gr\u0101matu<\/li>\n<p>&#13;<\/p>\n<li>Mistika ap Ilm\u0101ra Dze\u0146a n\u0101vi<\/li>\n<p>&#13;<\/p>\n<li>Deput\u0101ts Kulbergs atkal uz kru\u0137iem<\/li>\n<p>&#13;\n<\/ul>\n<p>Ieg\u0101d\u0101ties izdevumu<\/p>\n<p>\t&#13;<br \/>\n\t&#13;<br \/>\n\t\t<a href=\"https:\/\/www.manizurnali.lv\/izdevumi\/privata-dzive?utm_source=santa.lv&amp;utm_medium=admin&amp;utm_campaign=santa.lv-raksta-bloks\" target=\"_blank\" aria-label=\"Ieg\u0101d\u0101ties izdevumu\" rel=\"nofollow noopener\">\t\t<img decoding=\"async\" class=\"no-convert\" data-init=\"lazy-image\" src=\"https:\/\/www.europesays.com\/lv\/wp-content\/uploads\/2025\/10\/1761743139_57_176154993268ff1e6c27b60.jpg\" alt=\"Priv\u0101t\u0101 Dz\u012bve nr43\" style=\"margin-top: 15px;\"\/>&#13;<br \/>\n\t\t<\/a>\t&#13;<br \/>\n&#13;<\/p>\n","protected":false},"excerpt":{"rendered":"Nelielais pensijas pielikums estr\u0101des dzied\u0101t\u0101ju dr\u012bz\u0101k skumdina, ne iepriecina, v\u0113sta \u017eurn\u0101ls Priv\u0101t\u0101 Dz\u012bve. Vi\u0146\u0161 neredz j\u0113gu pielikt 20&hellip;\n","protected":false},"author":2,"featured_media":35213,"comment_status":"","ping_status":"","sticky":false,"template":"","format":"standard","meta":{"footnotes":""},"categories":[5],"tags":[23,28,29,32,33,22,30,31,35,39,38,36,37,34,40,20,26,27,24,25,21],"class_list":{"0":"post-35212","1":"post","2":"type-post","3":"status-publish","4":"format-standard","5":"has-post-thumbnail","7":"category-aktualitates","8":"tag-aktualitates","9":"tag-breaking-news","10":"tag-breakingnews","11":"tag-featured-news","12":"tag-featurednews","13":"tag-headlines","14":"tag-latest-news","15":"tag-latestnews","16":"tag-latvia","17":"tag-latvian","18":"tag-latviesu","19":"tag-latviesu-valoda","20":"tag-latviesuvaloda","21":"tag-latvija","22":"tag-lv","23":"tag-news","24":"tag-popularakas-zinas","25":"tag-popularakaszinas","26":"tag-top-stories","27":"tag-topstories","28":"tag-zinas"},"share_on_mastodon":{"url":"https:\/\/pubeurope.com\/@lv\/115462983083885875","error":""},"_links":{"self":[{"href":"https:\/\/www.europesays.com\/lv\/wp-json\/wp\/v2\/posts\/35212","targetHints":{"allow":["GET"]}}],"collection":[{"href":"https:\/\/www.europesays.com\/lv\/wp-json\/wp\/v2\/posts"}],"about":[{"href":"https:\/\/www.europesays.com\/lv\/wp-json\/wp\/v2\/types\/post"}],"author":[{"embeddable":true,"href":"https:\/\/www.europesays.com\/lv\/wp-json\/wp\/v2\/users\/2"}],"replies":[{"embeddable":true,"href":"https:\/\/www.europesays.com\/lv\/wp-json\/wp\/v2\/comments?post=35212"}],"version-history":[{"count":0,"href":"https:\/\/www.europesays.com\/lv\/wp-json\/wp\/v2\/posts\/35212\/revisions"}],"wp:featuredmedia":[{"embeddable":true,"href":"https:\/\/www.europesays.com\/lv\/wp-json\/wp\/v2\/media\/35213"}],"wp:attachment":[{"href":"https:\/\/www.europesays.com\/lv\/wp-json\/wp\/v2\/media?parent=35212"}],"wp:term":[{"taxonomy":"category","embeddable":true,"href":"https:\/\/www.europesays.com\/lv\/wp-json\/wp\/v2\/categories?post=35212"},{"taxonomy":"post_tag","embeddable":true,"href":"https:\/\/www.europesays.com\/lv\/wp-json\/wp\/v2\/tags?post=35212"}],"curies":[{"name":"wp","href":"https:\/\/api.w.org\/{rel}","templated":true}]}}