{"id":35230,"date":"2025-10-30T12:17:04","date_gmt":"2025-10-30T12:17:04","guid":{"rendered":"https:\/\/www.europesays.com\/lv\/35230\/"},"modified":"2025-10-30T12:17:04","modified_gmt":"2025-10-30T12:17:04","slug":"krievija-uz-ukrainu-raidijusi-705-dronus-un-raketes","status":"publish","type":"post","link":"https:\/\/www.europesays.com\/lv\/35230\/","title":{"rendered":"Krievija uz Ukrainu raid\u012bjusi 705 dronus un ra\u0137etes"},"content":{"rendered":"<p><a href=\"https:\/\/www.tvnet.lv\/term\/555452\/krievija\" class=\"topicLink\" target=\"_blank\" rel=\"nofollow noopener\">Krievija<\/a> uzbrukusi ar 52 ra\u0137et\u0113m, ar\u012b devi\u0146\u0101m ballistiskaj\u0101m, k\u0101 ar\u012b 653 da\u017e\u0101du tipu droniem.<\/p>\n<p>Dronu vid\u016b aptuveni 400 bija &#8220;Shahed&#8221; tipa droni.<\/p>\n<p>Fiks\u0113ti 16 ra\u0137e\u0161u un 63 trieciendronu tie\u0161i tr\u0101p\u012bjumi 20 lok\u0101cij\u0101s, k\u0101 ar\u012b atl\u016bzu nog\u0101\u0161an\u0101s 19 lok\u0101cij\u0101s da\u017e\u0101dos Ukrainas re\u0123ionos.<\/p>\n<p>Zapori\u017ej\u0101 nodar\u012bti post\u012bjumi dz\u012bvojam\u0101m m\u0101j\u0101m. Ir zin\u0101ms par vair\u0101kiem desmitiem trieciena upuru, ar\u012b pieciem b\u0113rniem.<\/p>\n<p>Krievu triecien\u0101 Zapori\u017ej\u0101 divi cilv\u0113ki nogalin\u0101ti.<\/p>\n<p>Vair\u0101kos Ukrainas re\u0123ionos krievi veiku\u0161i triecienu gan ener\u0123\u0113tikas objektiem, gan cit\u0101m civilaj\u0101m \u0113k\u0101m.<\/p>\n<p>Izsakoties par aizvad\u012bt\u0101s nakts un r\u012bta Krievijas mas\u012bvajiem triecieniem, Ukrainas prezidents <a href=\"https:\/\/www.tvnet.lv\/term\/584993\/volodimirs-zelenskis\" class=\"topicLink\" target=\"_blank\" rel=\"nofollow noopener\">Volodimirs Zelenskis<\/a> atg\u0101din\u0101ja starptautiskajiem partneriem par nepiecie\u0161am\u012bbu pastiprin\u0101t spiedienu uz Krieviju, v\u0113rst sankcijas pret naftas un g\u0101zes nozar\u0113m un finans\u0113m, k\u0101 ar\u012b noteikt sekund\u0101r\u0101s sankcijas tiem, kas sponsor\u0113 \u0161o karu.<\/p>\n","protected":false},"excerpt":{"rendered":"Krievija uzbrukusi ar 52 ra\u0137et\u0113m, ar\u012b devi\u0146\u0101m ballistiskaj\u0101m, k\u0101 ar\u012b 653 da\u017e\u0101du tipu droniem. Dronu vid\u016b aptuveni 400&hellip;\n","protected":false},"author":2,"featured_media":35231,"comment_status":"","ping_status":"","sticky":false,"template":"","format":"standard","meta":{"footnotes":""},"categories":[5],"tags":[23,3700,28,29,32,33,22,234,74,30,31,35,39,38,36,37,34,40,20,26,27,24,25,276,178,21],"class_list":{"0":"post-35230","1":"post","2":"type-post","3":"status-publish","4":"format-standard","5":"has-post-thumbnail","7":"category-aktualitates","8":"tag-aktualitates","9":"tag-autoritarisma-ena-par-eiropu","10":"tag-breaking-news","11":"tag-breakingnews","12":"tag-featured-news","13":"tag-featurednews","14":"tag-headlines","15":"tag-krievija","16":"tag-krievijas-iebrukums-ukraina","17":"tag-latest-news","18":"tag-latestnews","19":"tag-latvia","20":"tag-latvian","21":"tag-latviesu","22":"tag-latviesu-valoda","23":"tag-latviesuvaloda","24":"tag-latvija","25":"tag-lv","26":"tag-news","27":"tag-popularakas-zinas","28":"tag-popularakaszinas","29":"tag-top-stories","30":"tag-topstories","31":"tag-ukraina","32":"tag-volodimirs-zelenskis","33":"tag-zinas"},"share_on_mastodon":{"url":"https:\/\/pubeurope.com\/@lv\/115463077649139034","error":""},"_links":{"self":[{"href":"https:\/\/www.europesays.com\/lv\/wp-json\/wp\/v2\/posts\/35230","targetHints":{"allow":["GET"]}}],"collection":[{"href":"https:\/\/www.europesays.com\/lv\/wp-json\/wp\/v2\/posts"}],"about":[{"href":"https:\/\/www.europesays.com\/lv\/wp-json\/wp\/v2\/types\/post"}],"author":[{"embeddable":true,"href":"https:\/\/www.europesays.com\/lv\/wp-json\/wp\/v2\/users\/2"}],"replies":[{"embeddable":true,"href":"https:\/\/www.europesays.com\/lv\/wp-json\/wp\/v2\/comments?post=35230"}],"version-history":[{"count":0,"href":"https:\/\/www.europesays.com\/lv\/wp-json\/wp\/v2\/posts\/35230\/revisions"}],"wp:featuredmedia":[{"embeddable":true,"href":"https:\/\/www.europesays.com\/lv\/wp-json\/wp\/v2\/media\/35231"}],"wp:attachment":[{"href":"https:\/\/www.europesays.com\/lv\/wp-json\/wp\/v2\/media?parent=35230"}],"wp:term":[{"taxonomy":"category","embeddable":true,"href":"https:\/\/www.europesays.com\/lv\/wp-json\/wp\/v2\/categories?post=35230"},{"taxonomy":"post_tag","embeddable":true,"href":"https:\/\/www.europesays.com\/lv\/wp-json\/wp\/v2\/tags?post=35230"}],"curies":[{"name":"wp","href":"https:\/\/api.w.org\/{rel}","templated":true}]}}