{"id":35234,"date":"2025-10-30T12:19:09","date_gmt":"2025-10-30T12:19:09","guid":{"rendered":"https:\/\/www.europesays.com\/lv\/35234\/"},"modified":"2025-10-30T12:19:09","modified_gmt":"2025-10-30T12:19:09","slug":"lomazam-razigs-sniegums-uleb-eirokausa-maca-laksai-un-steinbergai-zaudejums-eiroliga-jauns-lv","status":"publish","type":"post","link":"https:\/\/www.europesays.com\/lv\/35234\/","title":{"rendered":"Loma\u017eam ra\u017e\u012bgs sniegums ULEB Eirokausa ma\u010d\u0101; Laksai un \u0160teinbergai zaud\u0113jums Eirol\u012bg\u0101 &#8211; Jauns.lv"},"content":{"rendered":"<ol>\n<li><a href=\"https:\/\/news.google.com\/rss\/articles\/CBMivwFBVV95cUxOOHhRcVVxTmVkbXRqT0N3d2NfQlZfS2oycjRYTVRMVTRFdkJXLXc4ek9TdEpSRlZXTkw0Z0xhR280QWNBZ1FyN0syNWtYUjVGbGtFZzRHN19KenAzSlRmNGZTSHliTnpqODE3ekJUREFjQkpkS1FLcWpSMloybnNhUDlxa3hod0RFNUNyNlVmWUNndnA0c1pvLTFQc0g5YkdsMjJnVmZJRzMtdVAtVWJZUnVnM2Vta1ZlY0hlU3l2UQ?oc=5\" target=\"_blank\" rel=\"nofollow noopener\">Loma\u017eam ra\u017e\u012bgs sniegums ULEB Eirokausa ma\u010d\u0101; Laksai un \u0160teinbergai zaud\u0113jums Eirol\u012bg\u0101<\/a>&nbsp;&nbsp;Jauns.lv<\/li>\n<li><a href=\"https:\/\/news.google.com\/rss\/articles\/CBMinAFBVV95cUxNcFhfLXA4TXc3c3RwVmoyQ0RIaTBXbzU1NURldnhsMVRHS2tHN1Y0Q1R4Tk8wc2s5WlVHelkyb2Z4SjZHLUl6X2xiQ0pBSWZWY2xYNFkyckNkT2t2LWp5OWdkTmtoT0VleVJ0OUtiRFlPVFVhNk1sWExoOFVZMUNJSGhEajh5RXdhRlA5QmMyanhRVGFGOC15ODBfSTM?oc=5\" target=\"_blank\" rel=\"nofollow noopener\">Loma\u017ea &#8220;ugu\u0146o\u0161ana&#8221; atnes Klaip\u0113dai uzvaru Eirokausa ma\u010d\u0101 \u2013 Basketbols<\/a>&nbsp;&nbsp;Sportacentrs.com<\/li>\n<li><a href=\"https:\/\/news.google.com\/rss\/articles\/CBMilgFBVV95cUxQbW1QWUFSZjM0N0ZzMzBKbS04Y3h3TEFoNUhoV1QtNWtVZG9ZMkwyTHd2bW9RLVNWVHR3Rl81ZlI4c1NGY0JqRkJoRlQ4aC1fNGNuaU82NU1pSlJmVC1pMkR2SEpIMVNKWU1jOUhFRzU3QTllTWUxLWhGSk8wSUp2aGVnMnVSbTFtcm9xelMxb0VHMmVUbXc?oc=5\" target=\"_blank\" rel=\"nofollow noopener\">Loma\u017eam supersp\u0113le ULEB Eirokaus\u0101<\/a>&nbsp;&nbsp;Delfi<\/li>\n<li><a href=\"https:\/\/news.google.com\/rss\/articles\/CBMihwFBVV95cUxPN1VzZ1E3ZldxUEpNcUpjRnNaQ1BtOVJRNkVUc0JRaTRGcnRHbG1jRWMwMEsxM091aUZQYnAtY0tCQ3lzZzlvckdrTXhZbm1KbC1aR0Y2N0tiOGEtWmVQcVlQOTBSUHVJblFkYWpIcEgtYTdPSFV2SF8ybzhuQjlsZjRuUndhX2M?oc=5\" target=\"_blank\" rel=\"nofollow noopener\">NOSKATIES \u27e9 Loma\u017es k\u013c\u016bst par sp\u0113les galveno varoni<\/a>&nbsp;&nbsp;TVNET Sports<\/li>\n<li><a href=\"https:\/\/news.google.com\/rss\/articles\/CBMiqgFBVV95cUxPWDNNSDZhZXh5ZDR4U0NNMHY2RFVWb29nZW1sTXhsYzFwV0VoZmRnajVudGdleGVYdV9wX2doRXZLRXgxOE04SDUwUEZsTHVTc3RRMmdKanhud1ptX0dudU81eGt3dTZfTkp0RDN1VFBfYlJrSER5UE1hUTRrcjQ0ZmJVOG5TdnpoQ0NuQ0Z5b0J6UjdBZVJGZTRZNDVqSi00TWhER0FUTVQ0UQ?oc=5\" target=\"_blank\" rel=\"nofollow noopener\">Loma\u017es par\u0101da l\u012bdera dot\u012bbas un aizved komandu l\u012bdz pan\u0101kumam Eirokausa sp\u0113l\u0113<\/a>&nbsp;&nbsp;Sportazinas.com<\/li>\n<\/ol>\n","protected":false},"excerpt":{"rendered":"Loma\u017eam ra\u017e\u012bgs sniegums ULEB Eirokausa ma\u010d\u0101; Laksai un \u0160teinbergai zaud\u0113jums Eirol\u012bg\u0101&nbsp;&nbsp;Jauns.lv Loma\u017ea &#8220;ugu\u0146o\u0161ana&#8221; atnes Klaip\u0113dai uzvaru Eirokausa ma\u010d\u0101&hellip;\n","protected":false},"author":2,"featured_media":35235,"comment_status":"","ping_status":"","sticky":false,"template":"","format":"standard","meta":{"footnotes":""},"categories":[17],"tags":[35,39,38,36,37,34,40,67],"class_list":{"0":"post-35234","1":"post","2":"type-post","3":"status-publish","4":"format-standard","5":"has-post-thumbnail","7":"category-sports","8":"tag-latvia","9":"tag-latvian","10":"tag-latviesu","11":"tag-latviesu-valoda","12":"tag-latviesuvaloda","13":"tag-latvija","14":"tag-lv","15":"tag-sports"},"share_on_mastodon":{"url":"https:\/\/pubeurope.com\/@lv\/115463085448149706","error":""},"_links":{"self":[{"href":"https:\/\/www.europesays.com\/lv\/wp-json\/wp\/v2\/posts\/35234","targetHints":{"allow":["GET"]}}],"collection":[{"href":"https:\/\/www.europesays.com\/lv\/wp-json\/wp\/v2\/posts"}],"about":[{"href":"https:\/\/www.europesays.com\/lv\/wp-json\/wp\/v2\/types\/post"}],"author":[{"embeddable":true,"href":"https:\/\/www.europesays.com\/lv\/wp-json\/wp\/v2\/users\/2"}],"replies":[{"embeddable":true,"href":"https:\/\/www.europesays.com\/lv\/wp-json\/wp\/v2\/comments?post=35234"}],"version-history":[{"count":0,"href":"https:\/\/www.europesays.com\/lv\/wp-json\/wp\/v2\/posts\/35234\/revisions"}],"wp:featuredmedia":[{"embeddable":true,"href":"https:\/\/www.europesays.com\/lv\/wp-json\/wp\/v2\/media\/35235"}],"wp:attachment":[{"href":"https:\/\/www.europesays.com\/lv\/wp-json\/wp\/v2\/media?parent=35234"}],"wp:term":[{"taxonomy":"category","embeddable":true,"href":"https:\/\/www.europesays.com\/lv\/wp-json\/wp\/v2\/categories?post=35234"},{"taxonomy":"post_tag","embeddable":true,"href":"https:\/\/www.europesays.com\/lv\/wp-json\/wp\/v2\/tags?post=35234"}],"curies":[{"name":"wp","href":"https:\/\/api.w.org\/{rel}","templated":true}]}}