{"id":35242,"date":"2025-10-30T12:23:07","date_gmt":"2025-10-30T12:23:07","guid":{"rendered":"https:\/\/www.europesays.com\/lv\/35242\/"},"modified":"2025-10-30T12:23:07","modified_gmt":"2025-10-30T12:23:07","slug":"nogalinatas-justines-tevam-un-pamatei-palielina-cietumsodus-lidz-23-un-20-gadiem-raksts","status":"publish","type":"post","link":"https:\/\/www.europesays.com\/lv\/35242\/","title":{"rendered":"Nogalin\u0101t\u0101s Just\u012bnes t\u0113vam un pam\u0101tei palielina cietumsodus l\u012bdz 23 un 20 gadiem \/ Raksts"},"content":{"rendered":"<p>Ceturtdien, 30. oktobr\u012b Apel\u0101cijas tiesa Latgales apgabalties\u0101 nol\u0113musi Valdimiram Reinikovam\u00a0un Sandrai Reinikovai palielin\u0101t pirmaj\u0101 instanc\u0113 noteikto soda apm\u0113ru septi\u0146gad\u012bg\u0101s <a href=\"https:\/\/www.lsm.lv\/raksts\/zinas\/latvija\/09.10.2025-prokuratura-pieprasa-bargakus-sodus-justines-slepkavibas-lieta.a617761\/\" rel=\"nofollow noopener\" target=\"_blank\">Just\u012bnes slepkav\u012bbas krimin\u0101lliet\u0101<\/a>. Just\u012bnes t\u0113vam Vladimiram cietumsods palielin\u0101ts no 20 l\u012bdz 23 gadiem, bet pam\u0101tei Sandrai Reinikovai sods palielin\u0101ts no 17 l\u012bdz 20 gadiem cietum\u0101. Abiem noteikti ar\u012b 3 gadi prob\u0101cijas uzraudz\u012bb\u0101.<\/p>\n<p>Abi krimin\u0101lliet\u0101 aps\u016bdz\u0113tie ceturtdien tiesas l\u0113mumu uzklaus\u012bja att\u0101lin\u0101ti no cietuma.\u00a0<\/p>\n<p>Latgales rajona tiesa Daugavpil\u012b \u0161\u012b gada s\u0101kum\u0101 abiem aps\u016bdz\u0113tajiem \u2013 Just\u012bnes t\u0113vam un pam\u0101tei \u2013 piesprieda cietumsodus attiec\u012bgi uz 20 un 17 gadiem. Prokurat\u016bra liet\u0101 iesniedza apel\u0101ciju, pieprasot barg\u0101kus sodus.\u00a0<\/p>\n<p>Iepriek\u0161 Latgales tiesas apgabala prokurat\u016bras prokurore tiesas debat\u0113s meitenes pam\u0101tei<a href=\"https:\/\/www.lsm.lv\/raksts\/zinas\/latvija\/09.10.2025-prokuratura-pieprasa-bargakus-sodus-justines-slepkavibas-lieta.a617761\/?utm_source=lsm&amp;utm_medium=article-body&amp;utm_campaign=admin\" class=\"lsm-link\" data-type=\"article\" data-id=\"617761\" rel=\"nofollow noopener\" target=\"_blank\"> l\u016bdza noteikt <\/a>br\u012bv\u012bbas at\u0146em\u0161anu uz 21 gadu, savuk\u0101rt nogalin\u0101t\u0101s Just\u012bnes t\u0113vam \u2013 m\u016b\u017ea ieslodz\u012bjumu.\u00a0<\/p>\n<p>Lai gan tiesa atzina meitenes t\u0113vu un pam\u0101ti par vain\u012bgiem noziegumu izdar\u012b\u0161an\u0101, prokurat\u016bra saskat\u012bja, ka pirm\u0101s instances tiesa ir pie\u013c\u0101vusi virkni faktisku un juridisku k\u013c\u016bdu. P\u0101rs\u016bdz\u012bba tika pras\u012bta tiesas sprieduma da\u013c\u0101 par aps\u016bdz\u0113t\u0101 darb\u012bbu p\u0101rkvalific\u0113\u0161anu un noziedz\u012bg\u0101 nodar\u012bjuma aprakstu, k\u0101 ar\u012b par aps\u016bdz\u0113tajiem noteikto sodu un gal\u012bg\u0101 soda ilgumu, prasot noteikt barg\u0101kus sodus.\u00a0<\/p>\n<p>KONTEKSTS:<\/p>\n<p>Septi\u0146us gadus vec\u0101s\u00a0Just\u012bnes Reinikovas t\u0113vs un pam\u0101te policiju inform\u0113ja, ka meitene 2023.\u00a0gada 5.\u00a0maij\u0101\u00a0<a data-id=\"507525\" data-type=\"article\" href=\"https:\/\/www.lsm.lv\/raksts\/zinas\/latvija\/06.05.2023-policija-mekle-rezeknes-novada-pazudusu-7-gadus-vecu-meiteni-aicina-paliga-brivpratigos.a507525\/\" class=\"lsm-link\" rel=\"nofollow noopener\" target=\"_blank\">ap plkst.\u00a019 esot izg\u0101jusi no savas dz\u012bvesvietas\u00a0<\/a>R\u0113zeknes novad\u0101, Nautr\u0113nu pagasta Rogovk\u0101, un nebija\u00a0atgriezusies. Meitenes\u00a0<a data-id=\"507525\" data-type=\"article\" href=\"https:\/\/www.lsm.lv\/raksts\/zinas\/latvija\/06.05.2023-policija-mekle-rezeknes-novada-pazudusu-7-gadus-vecu-meiteni-aicina-paliga-brivpratigos.a507525\/?utm_source=lsm&amp;utm_medium=theme&amp;utm_campaign=theme\" class=\"lsm-link\" rel=\"nofollow noopener\" target=\"_blank\">mekl\u0113\u0161ana\u00a0<\/a>nevainagoj\u0101s pan\u0101kumiem, bet 20.\u00a0j\u016bnij\u0101 policija pazi\u0146oja, ka Just\u012bne\u00a0<a data-id=\"507895\" data-type=\"article\" href=\"https:\/\/www.lsm.lv\/raksts\/zinas\/latvija\/20.06.2023-rogovka-pazudusi-septingadiga-justine-atrasta-mirusi-aizturets-meitenes-tevs-un-pamate.a507895\/?utm_source=lsm&amp;utm_medium=article-body&amp;utm_campaign=admin\" class=\"lsm-link\" rel=\"nofollow noopener\" target=\"_blank\">atrasta mirusi ar ac\u012bmredzamiem miesas boj\u0101jumiem<\/a>.\u00a0<\/p>\n<p>Meitenes mirst\u012bg\u0101s atliekas atrastas apraktas pamestas m\u0101jas pagrab\u0101\u00a0Dubu\u013cu ciem\u0101. Aizdom\u0101s par\u00a0slepkav\u012bbu aiztur\u0113ja Just\u012bnes t\u0113vu un pam\u0101ti, vi\u0146iem k\u0101 dro\u0161\u012bbas l\u012bdzekli\u00a0<a data-id=\"513771\" data-type=\"article\" href=\"https:\/\/www.lsm.lv\/raksts\/zinas\/latvija\/21.06.2023-aizdomas-par-septingadigas-justines-nonavesanu-aiztureto-tevu-un-pamati-patur-apcietinajuma.a513771\/\" class=\"lsm-link\" rel=\"nofollow noopener\" target=\"_blank\">piem\u0113roja apcietin\u0101jumu.<\/a>\u00a0V\u0113l\u0101k vi\u0146i\u00a0<a data-id=\"525595\" data-type=\"article\" href=\"https:\/\/www.lsm.lv\/article-preview\/zinas\/latvija\/27.09.2023-septingadigas-justines-tevs-un-pamate-daleji-atzinusi-vainu-meitenes-slepkaviba.a525595\/\" class=\"lsm-link\" rel=\"nofollow noopener\" target=\"_blank\">da\u013c\u0113ji atzinu\u0161i vainu<\/a>\u00a0meitenes slepkav\u012bb\u0101, neatz\u012bstot t\u012b\u0161u slepkav\u012bbu. Notikuma p\u0113das sl\u0113ptas \u013coti r\u016bp\u012bgi, un ir gr\u016bti noteikt meitenes n\u0101ves c\u0113loni.<\/p>\n<p>V\u0113l\u0101k\u00a0prokurat\u016br\u0101 pie\u0146emti l\u0113mumi par divu personu sauk\u0161anu pie krimin\u0101latbild\u012bbas.\u00a0<a data-id=\"533853\" data-type=\"article\" href=\"https:\/\/www.lsm.lv\/raksts\/zinas\/latvija\/01.12.2023-par-septingadigas-justines-slepkavibu-apsudz-vinas-tevu-un-pamati.a533853\/\" class=\"lsm-link\" rel=\"nofollow noopener\" target=\"_blank\">T\u0113vs un pam\u0101te aps\u016bdz\u0113ti\u00a0<\/a>par cietsird\u012bgu un vardarb\u012bgu apie\u0161anos ar mazgad\u012bgo, k\u0101 ar\u012b par slepkav\u012bbu pastiprino\u0161os apst\u0101k\u013cos, apzinoties, ka noslepkavotais ir bezpal\u012bdz\u012bbas st\u0101vokl\u012b.<\/p>\n<p>                    Valodas k\u013c\u016bda rakst\u0101?<\/p>\n<p class=\"d-none d-md-block\">Iez\u012bm\u0113jiet tekstu un spiediet Ctrl+Enter, lai nos\u016bt\u012btu labojamo teksta fragmentu redaktoram! Par faktu k\u013c\u016bd\u0101m l\u016bdzam zi\u0146ot e-past\u0101 <a href=\"https:\/\/www.lsm.lv\/cdn-cgi\/l\/email-protection\" class=\"__cf_email__\" data-cfemail=\"fb899e9f9a909892919abb978896d5978d\" rel=\"nofollow noopener\" target=\"_blank\">[email\u00a0protected]<\/a>.<\/p>\n<p class=\"d-md-none\">Iez\u012bm\u0113jiet tekstu un spiediet uz Zi\u0146ot par k\u013c\u016bdu pogas, lai nos\u016bt\u012btu labojamo teksta fragmentu redaktoram!<\/p>\n<p>\n                    Zi\u0146ot par k\u013c\u016bdu\n                <\/p>\n","protected":false},"excerpt":{"rendered":"Ceturtdien, 30. oktobr\u012b Apel\u0101cijas tiesa Latgales apgabalties\u0101 nol\u0113musi Valdimiram Reinikovam\u00a0un Sandrai Reinikovai palielin\u0101t pirmaj\u0101 instanc\u0113 noteikto soda apm\u0113ru&hellip;\n","protected":false},"author":2,"featured_media":35243,"comment_status":"","ping_status":"","sticky":false,"template":"","format":"standard","meta":{"footnotes":""},"categories":[5],"tags":[23,28,29,32,33,22,30,31,35,39,38,36,37,34,40,20,26,27,24,25,21],"class_list":{"0":"post-35242","1":"post","2":"type-post","3":"status-publish","4":"format-standard","5":"has-post-thumbnail","7":"category-aktualitates","8":"tag-aktualitates","9":"tag-breaking-news","10":"tag-breakingnews","11":"tag-featured-news","12":"tag-featurednews","13":"tag-headlines","14":"tag-latest-news","15":"tag-latestnews","16":"tag-latvia","17":"tag-latvian","18":"tag-latviesu","19":"tag-latviesu-valoda","20":"tag-latviesuvaloda","21":"tag-latvija","22":"tag-lv","23":"tag-news","24":"tag-popularakas-zinas","25":"tag-popularakaszinas","26":"tag-top-stories","27":"tag-topstories","28":"tag-zinas"},"share_on_mastodon":{"url":"https:\/\/pubeurope.com\/@lv\/115463101151319525","error":""},"_links":{"self":[{"href":"https:\/\/www.europesays.com\/lv\/wp-json\/wp\/v2\/posts\/35242","targetHints":{"allow":["GET"]}}],"collection":[{"href":"https:\/\/www.europesays.com\/lv\/wp-json\/wp\/v2\/posts"}],"about":[{"href":"https:\/\/www.europesays.com\/lv\/wp-json\/wp\/v2\/types\/post"}],"author":[{"embeddable":true,"href":"https:\/\/www.europesays.com\/lv\/wp-json\/wp\/v2\/users\/2"}],"replies":[{"embeddable":true,"href":"https:\/\/www.europesays.com\/lv\/wp-json\/wp\/v2\/comments?post=35242"}],"version-history":[{"count":0,"href":"https:\/\/www.europesays.com\/lv\/wp-json\/wp\/v2\/posts\/35242\/revisions"}],"wp:featuredmedia":[{"embeddable":true,"href":"https:\/\/www.europesays.com\/lv\/wp-json\/wp\/v2\/media\/35243"}],"wp:attachment":[{"href":"https:\/\/www.europesays.com\/lv\/wp-json\/wp\/v2\/media?parent=35242"}],"wp:term":[{"taxonomy":"category","embeddable":true,"href":"https:\/\/www.europesays.com\/lv\/wp-json\/wp\/v2\/categories?post=35242"},{"taxonomy":"post_tag","embeddable":true,"href":"https:\/\/www.europesays.com\/lv\/wp-json\/wp\/v2\/tags?post=35242"}],"curies":[{"name":"wp","href":"https:\/\/api.w.org\/{rel}","templated":true}]}}