{"id":35246,"date":"2025-10-30T12:25:07","date_gmt":"2025-10-30T12:25:07","guid":{"rendered":"https:\/\/www.europesays.com\/lv\/35246\/"},"modified":"2025-10-30T12:25:07","modified_gmt":"2025-10-30T12:25:07","slug":"talantigais-aizsargs-smits-debites-latvijas-pieauguso-izlase-hokejs-sportacentrs-com","status":"publish","type":"post","link":"https:\/\/www.europesays.com\/lv\/35246\/","title":{"rendered":"Talant\u012bgais aizsargs \u0160mits debit\u0113s Latvijas pieaugu\u0161o izlas\u0113 \u2013 Hokejs \u2013 Sportacentrs.com"},"content":{"rendered":"<p>30 gadus vecais Mam\u010dics piedal\u012bj\u0101s iepriek\u0161\u0113jos \u010detros pasaules \u010dempion\u0101tos, 26 sp\u0113l\u0113s sakr\u0101jot \u010detrus (3+1) punktus, asto\u0146as soda min\u016btes un negat\u012bvu lietder\u012bbu -3, t\u0101pat vi\u0146\u0161 piedal\u012bj\u0101s ar\u012b 2022. gada olimpiskaj\u0101s sp\u0113l\u0113s un 2026. gada olimpisko sp\u0113\u013cu kvalifik\u0101cij\u0101.<\/p>\n<p>Otro sezonu p\u0113c k\u0101rtas Mam\u010dics p\u0101rst\u0101v Karlovi Varu &#8220;Energie&#8221; un \u0161o \u010cehijas sezonu s\u0101cis ar 18 sp\u0113l\u0113m, trim rezultat\u012bv\u0101m piesp\u0113l\u0113m, 35 soda min\u016bt\u0113m un negat\u012bvu lietder\u012bbu -1. Aizvakar zaud\u0113jum\u0101 pret &#8220;Mlada Boleslav&#8221; (4:5 pagarin\u0101jum\u0101) vi\u0146\u0161 gan aizvad\u012bja tikai nepilnas 10 min\u016btes un savainojuma d\u0113\u013c tom\u0113r izlaid\u012bs novembra izlases nometni.<\/p>\n<p>Mam\u010dica viet\u0101 izsaukts talant\u012bgais \u0160mits, kur\u0161 sp\u0113l\u0113 Somijas kluba Mikeli &#8220;Jukurit&#8221; pirmaj\u0101 aizsargu p\u0101r\u012b un kuram NHL draft\u0101 paredz pirmo k\u0101rtu, varb\u016bt pat <a href=\"https:\/\/sportacentrs.com\/hokejs\/nhl\/29102025-prestizais_medijs_the_athletic_jaunakajas\" rel=\"nofollow noopener\" target=\"_blank\">pirmo desmitnieku<\/a>. \u0160mits pilngad\u012bbu sasniegs tikai decembr\u012b, un vi\u0146am s\u0101kotn\u0113ji bija pl\u0101nots pievienoties Latvijas U20 izlasei Norv\u0113\u0123ij\u0101, lai lab\u0101k gatavotos gadu mij\u0101 gaid\u0101majam pasaules U20 \u010dempion\u0101tam ASV, nevis sp\u0113l\u0113t pieaugu\u0161o izlas\u0113.<\/p>\n<p>Somijas augst\u0101kaj\u0101 l\u012bg\u0101 \u0160mits debit\u0113ja jau iepriek\u0161\u0113j\u0101 sezon\u0101, devi\u0146\u0101s sp\u0113l\u0113s tiekot pie 1+1, bet \u0161osezon vi\u0146am 17 sp\u0113l\u0113s ir septi\u0146i (4+3) punkti, 10 soda min\u016btes un pozit\u012bva lietder\u012bba +1. &#8220;Jukurit&#8221; ar 29 punktiem 19 sp\u0113l\u0113s ie\u0146em sept\u012bto vietu se\u0161padsmit komandu konkurenc\u0113. \u0160mits ir sp\u0113l\u0113jis pasaules U18 \u010dempion\u0101t\u0101, bet pieaugu\u0161o l\u012bmen\u012b \u0161is vi\u0146am b\u016bs pirmais izsaukums. Vair\u0101k par jauno aizsargu lasi <a href=\"https:\/\/sportacentrs.com\/hokejs\/21102025-prognoze_nhl_drafta_pirmo_kartu_kas_ir_so\" rel=\"nofollow noopener\" target=\"_blank\">\u0160EIT<\/a>.<\/p>\n<p>Latvija 6. novembr\u012b V\u0101cijas kausu s\u0101ks pret m\u0101jinieci V\u0101ciju, 8. novembr\u012b sp\u0113l\u0113s pret Slov\u0101kiju, bet 9. novembr\u012b \u2013 pret Austriju. Savainojumu d\u0113\u013c aizsardz\u012bbas l\u012bnij\u0101 bez Mam\u010dica neb\u016bs ar\u012b Kristi\u0101na Rub\u012bna un Markusa Komula, bet cit\u0101s l\u012bnij\u0101s lieli iztr\u016bkumi b\u016bs R\u016bdolfs Balcers un Kristers Gud\u013cevskis.<\/p>\n<blockquote class=\"twitter-tweet\">\n<p lang=\"lv\" dir=\"ltr\">Latvijas izlasei savainojuma d\u0113\u013c nevar\u0113s pievienoties Roberts Mam\u010dics. Vi\u0146a viet\u0101 brauks 17 gadus vecais Alberts \u0160mits, kuram tiek prognoz\u0113ta NHL drafta pirm\u0101 k\u0101rta. <\/p>\n<p>Latvijas izlase n\u0101kam\u0101s ned\u0113\u013cas beig\u0101s piedal\u012bsies Deutschland Cup &#8211; pret \ud83c\udde9\ud83c\uddea\ud83c\uddf8\ud83c\uddf0\ud83c\udde6\ud83c\uddf9 <a href=\"https:\/\/t.co\/mBkxdUjSOp\" rel=\"nofollow\">pic.twitter.com\/mBkxdUjSOp<\/a><\/p>\n<p>\u2014 Ulvis Bro\u017ee (@UlvisBrozhe) <a href=\"https:\/\/twitter.com\/UlvisBrozhe\/status\/1983854181132763448?ref_src=twsrc%5Etfw\" rel=\"nofollow noopener\" target=\"_blank\">October 30, 2025<\/a><\/p><\/blockquote>\n<p>                    <script async src=\"https:\/\/platform.twitter.com\/widgets.js\" charset=\"utf-8\"><\/script><\/p>\n","protected":false},"excerpt":{"rendered":"30 gadus vecais Mam\u010dics piedal\u012bj\u0101s iepriek\u0161\u0113jos \u010detros pasaules \u010dempion\u0101tos, 26 sp\u0113l\u0113s sakr\u0101jot \u010detrus (3+1) punktus, asto\u0146as soda min\u016btes&hellip;\n","protected":false},"author":2,"featured_media":24396,"comment_status":"","ping_status":"","sticky":false,"template":"","format":"standard","meta":{"footnotes":""},"categories":[17],"tags":[394,35,39,38,36,37,34,40,67],"class_list":{"0":"post-35246","1":"post","2":"type-post","3":"status-publish","4":"format-standard","5":"has-post-thumbnail","7":"category-sports","8":"tag-hokejs","9":"tag-latvia","10":"tag-latvian","11":"tag-latviesu","12":"tag-latviesu-valoda","13":"tag-latviesuvaloda","14":"tag-latvija","15":"tag-lv","16":"tag-sports"},"share_on_mastodon":{"url":"https:\/\/pubeurope.com\/@lv\/115463108898773874","error":""},"_links":{"self":[{"href":"https:\/\/www.europesays.com\/lv\/wp-json\/wp\/v2\/posts\/35246","targetHints":{"allow":["GET"]}}],"collection":[{"href":"https:\/\/www.europesays.com\/lv\/wp-json\/wp\/v2\/posts"}],"about":[{"href":"https:\/\/www.europesays.com\/lv\/wp-json\/wp\/v2\/types\/post"}],"author":[{"embeddable":true,"href":"https:\/\/www.europesays.com\/lv\/wp-json\/wp\/v2\/users\/2"}],"replies":[{"embeddable":true,"href":"https:\/\/www.europesays.com\/lv\/wp-json\/wp\/v2\/comments?post=35246"}],"version-history":[{"count":0,"href":"https:\/\/www.europesays.com\/lv\/wp-json\/wp\/v2\/posts\/35246\/revisions"}],"wp:featuredmedia":[{"embeddable":true,"href":"https:\/\/www.europesays.com\/lv\/wp-json\/wp\/v2\/media\/24396"}],"wp:attachment":[{"href":"https:\/\/www.europesays.com\/lv\/wp-json\/wp\/v2\/media?parent=35246"}],"wp:term":[{"taxonomy":"category","embeddable":true,"href":"https:\/\/www.europesays.com\/lv\/wp-json\/wp\/v2\/categories?post=35246"},{"taxonomy":"post_tag","embeddable":true,"href":"https:\/\/www.europesays.com\/lv\/wp-json\/wp\/v2\/tags?post=35246"}],"curies":[{"name":"wp","href":"https:\/\/api.w.org\/{rel}","templated":true}]}}