{"id":35251,"date":"2025-10-30T12:28:12","date_gmt":"2025-10-30T12:28:12","guid":{"rendered":"https:\/\/www.europesays.com\/lv\/35251\/"},"modified":"2025-10-30T12:28:12","modified_gmt":"2025-10-30T12:28:12","slug":"slesers-dusmigs-par-tresdienas-protestetaju-atstato-parsteigumu-santa","status":"publish","type":"post","link":"https:\/\/www.europesays.com\/lv\/35251\/","title":{"rendered":"\u0160lesers dusm\u012bgs par tre\u0161dienas protest\u0113t\u0101ju atst\u0101to \u00abp\u0101rsteigumu\u00bb \u2014 Santa"},"content":{"rendered":"<p>\u00abK\u0101p\u0113c policija pie\u013c\u0101va \u0161o vand\u0101lismu? Labi, ka LPV birojam vismaz netika izdauz\u012bti logi! Nu ko, t\u0101da ir LGBT organiz\u0101ciju attieksme pret tiem, kas iest\u0101jas par dabisk\u0101s \u0123imenes v\u0113rt\u012bb\u0101m,\u00bb pikts ir partijas Latvija pirmaj\u0101 viet\u0101 l\u012bderis Ain\u0101rs \u0160lesers. Vi\u0146\u0161 publiskojis video, kur\u0101 redzams, ka pie partijas biroja ieejas atst\u0101ti vair\u0101ki plak\u0101ti pret izst\u0101\u0161anos no Stambulas konvencijas.<\/p>\n<blockquote class=\"twitter-tweet\" data-media-max-width=\"560\"><p>&#13;<\/p>\n<p dir=\"ltr\" lang=\"lv\">K\u0101p\u0113c policija pie\u013c\u0101va \u0161o vand\u0101lismu?<br \/>&#13;<br \/>\nLabi, ka LPV birojam vismaz netika izdauz\u012bti logi!<br \/>&#13;<br \/>\nNu ko, t\u0101da ir LGBT organiz\u0101ciju attieksme pret tiem, kas iest\u0101jas par dabisk\u0101s \u0123imenes v\u0113rt\u012bb\u0101m\ud83d\ude31 <a href=\"https:\/\/t.co\/KbBI2ROKzI\" target=\"_blank\" rel=\"nofollow\">pic.twitter.com\/KbBI2ROKzI<\/a><\/p>\n<p>&#13;<br \/>\n \u2014  <a data-id=\"123640\" href=\"https:\/\/www.santa.lv\/tema\/123640\/ainars-slesers?utm_source=internal&amp;utm_medium=article&amp;utm_campaign=theme_link\" target=\"_blank\" rel=\"nofollow noopener\">Ain\u0101rs \u0160lesers<\/a> (@SlesersAinars) <a href=\"https:\/\/twitter.com\/SlesersAinars\/status\/1983611700017590697?ref_src=twsrc%5Etfw\" target=\"_blank\" rel=\"nofollow noopener\">October 29, 2025<\/a><\/p><\/blockquote>\n<p>Jau zi\u0146ots, ka tre\u0161dienas vakar\u0101, plkst. 18 norit\u0113ja\u00a0protests pret izst\u0101\u0161anos no Stambulas konvencijas. Likumprojektu par izst\u0101\u0161anos no Stambulas konvencijas iesniedza LPV. S\u0101kotn\u0113ji tam nebija pat anot\u0101cijas jeb pamatojuma, kuru p\u0101ris ned\u0113\u013cu laik\u0101 LPV tom\u0113r sar\u016bp\u0113ja. LPV uzskata, ka pa\u0161reiz\u0113j\u0101 Stambulas konvencijas \u012bsteno\u0161anas prakse liedzot g\u016bt p\u0101rliec\u012bbu, vai ikkatr\u0101 gad\u012bjum\u0101 valsts un pa\u0161vald\u012bbu instit\u016bcijas \u012bsteno pas\u0101kumus pret vardarb\u012bbu un t\u0101s riskiem atbilsto\u0161i deklar\u0101cij\u0101 ietvertajiem principiem.<\/p>\n<p>Piketa dal\u012bbnieki, kuri p\u0101rsvar\u0101 bija gados jaun\u0101ki, nor\u0101d\u012bja, ka \u00abpopulistu viedoklis nav tautas paties\u012bba\u00bb. Piketa dal\u012bbnieki l\u012bdzi bija \u0146\u0113mu\u0161i ar\u012b savus b\u0113rnus un m\u0101jdz\u012bvniekus. Protesta dal\u012bbnieki r\u012bbin\u0101ja bungas, izkliedza sauk\u013cus un svilpa, aicinot politi\u0137us p\u0101rdom\u0101t. T\u0101pat protesta dal\u012bbnieki vaic\u0101ja, vai ar \u0161\u0101du soli atbalstam Krieviju.<\/p>\n<p>Protest\u0113jo\u0161ie izkliedza, piem\u0113ram, \u00abLob\u0113jot Krieviju, neaizst\u0101vam Latviju\u00bb, \u00abKonvencijai \u2013 j\u0101, tumson\u012bbai \u2013 n\u0113\u00bb, \u00abLikumprojekts \u013cauns, kis, kis kauns\u00bb, \u00ab\u0160odienas l\u0113mumi, r\u012btdienas zilumi\u00bb. San\u0101ku\u0161ie izmantoja ar\u012b telefona zibspuldzes un citus apgaismes r\u012bkus. Starplaikos starp sauk\u013cu izklieg\u0161anu protesta dal\u012bbnieki izmantoja ar\u012b p\u016b\u0161amos instrumentus un citas troksni rado\u0161as lietas, k\u0101 ar\u012b dzied\u0101ja.<\/p>\n<p>Notieko\u0161o uzraudz\u012bja krietns skaits likumsargu. Ar\u012b Vecr\u012bg\u0101 bija v\u0113rojams liel\u0101ks likumsargu skaits nek\u0101 ierasts. Piketa dal\u012bbnieki nor\u0101d\u012bja, ka daudzas Eiropas Savien\u012bbas valstis aicin\u0101ju\u0161as Latvijas parlament\u0101rie\u0161us p\u0101rdom\u0101t un no Stambulas konvencijas neizst\u0101ties.<\/p>\n<blockquote><p>&#13;<\/p>\n<p>Protests aizrit\u0113jis mier\u012bgi, bez liekiem starpgad\u012bjumiem un agresijas.<\/p>\n<p>&#13;\n<\/p><\/blockquote>\n<p>Latvij\u0101 Eiropas Padomes Konvencija par vardarb\u012bbas pret sieviet\u0113m un vardarb\u012bbas \u0123imen\u0113 nov\u0113r\u0161anu un apkaro\u0161anu jeb t\u0101 d\u0113v\u0113t\u0101 Stambulas konvencija st\u0101j\u0101s sp\u0113k\u0101 pag\u0101ju\u0161\u0101 gada 1. maij\u0101. Tas ir starptautisks l\u012bgums, kas paredz, ka t\u0101 dal\u012bbvalst\u012bm ir j\u0101izstr\u0101d\u0101 saska\u0146ota politika, lai lab\u0101k var\u0113tu aizsarg\u0101t sievietes no visu veidu vardarb\u012bbas, k\u0101 ar\u012b sievietes un v\u012brie\u0161us no vardarb\u012bbas \u0123imen\u0113. Tostarp dal\u012bbvalst\u012bm ir j\u0101nodro\u0161ina cietu\u0161ajiem vispus\u012bga pal\u012bdz\u012bba un aizsardz\u012bba, kr\u012bzes centri, kr\u012bzes t\u0101lrunis, kas darbojas diennakti, specializ\u0113tie atbalsta centri no seksu\u0101las vardarb\u012bbas cietu\u0161\u0101m person\u0101m, j\u0101aizsarg\u0101 un j\u0101atbalsta b\u0113rni, kas ir vardarb\u012bbas liecinieki.<\/p>\n<p>\t\t\t\t<script async src=\"https:\/\/platform.twitter.com\/widgets.js\" charset=\"utf-8\"><\/script><\/p>\n","protected":false},"excerpt":{"rendered":"\u00abK\u0101p\u0113c policija pie\u013c\u0101va \u0161o vand\u0101lismu? Labi, ka LPV birojam vismaz netika izdauz\u012bti logi! Nu ko, t\u0101da ir LGBT&hellip;\n","protected":false},"author":2,"featured_media":35252,"comment_status":"","ping_status":"","sticky":false,"template":"","format":"standard","meta":{"footnotes":""},"categories":[12],"tags":[23,28,29,32,33,22,30,31,35,39,38,36,37,34,40,20,26,27,24,25,21],"class_list":{"0":"post-35251","1":"post","2":"type-post","3":"status-publish","4":"format-standard","5":"has-post-thumbnail","7":"category-latvija","8":"tag-aktualitates","9":"tag-breaking-news","10":"tag-breakingnews","11":"tag-featured-news","12":"tag-featurednews","13":"tag-headlines","14":"tag-latest-news","15":"tag-latestnews","16":"tag-latvia","17":"tag-latvian","18":"tag-latviesu","19":"tag-latviesu-valoda","20":"tag-latviesuvaloda","21":"tag-latvija","22":"tag-lv","23":"tag-news","24":"tag-popularakas-zinas","25":"tag-popularakaszinas","26":"tag-top-stories","27":"tag-topstories","28":"tag-zinas"},"share_on_mastodon":{"url":"https:\/\/pubeurope.com\/@lv\/115463120778763873","error":""},"_links":{"self":[{"href":"https:\/\/www.europesays.com\/lv\/wp-json\/wp\/v2\/posts\/35251","targetHints":{"allow":["GET"]}}],"collection":[{"href":"https:\/\/www.europesays.com\/lv\/wp-json\/wp\/v2\/posts"}],"about":[{"href":"https:\/\/www.europesays.com\/lv\/wp-json\/wp\/v2\/types\/post"}],"author":[{"embeddable":true,"href":"https:\/\/www.europesays.com\/lv\/wp-json\/wp\/v2\/users\/2"}],"replies":[{"embeddable":true,"href":"https:\/\/www.europesays.com\/lv\/wp-json\/wp\/v2\/comments?post=35251"}],"version-history":[{"count":0,"href":"https:\/\/www.europesays.com\/lv\/wp-json\/wp\/v2\/posts\/35251\/revisions"}],"wp:featuredmedia":[{"embeddable":true,"href":"https:\/\/www.europesays.com\/lv\/wp-json\/wp\/v2\/media\/35252"}],"wp:attachment":[{"href":"https:\/\/www.europesays.com\/lv\/wp-json\/wp\/v2\/media?parent=35251"}],"wp:term":[{"taxonomy":"category","embeddable":true,"href":"https:\/\/www.europesays.com\/lv\/wp-json\/wp\/v2\/categories?post=35251"},{"taxonomy":"post_tag","embeddable":true,"href":"https:\/\/www.europesays.com\/lv\/wp-json\/wp\/v2\/tags?post=35251"}],"curies":[{"name":"wp","href":"https:\/\/api.w.org\/{rel}","templated":true}]}}