{"id":35253,"date":"2025-10-30T12:29:11","date_gmt":"2025-10-30T12:29:11","guid":{"rendered":"https:\/\/www.europesays.com\/lv\/35253\/"},"modified":"2025-10-30T12:29:11","modified_gmt":"2025-10-30T12:29:11","slug":"ja-slesers-pateiktu-ka-uz-dziesmu-svetkiem-iet-tikai-sorositi-tad-ari-tam-visi-sektanti-dziedatu-lidzi-eilands-par-slesera-nakti-vecriga","status":"publish","type":"post","link":"https:\/\/www.europesays.com\/lv\/35253\/","title":{"rendered":"\u201cJa \u0160lesers pateiktu, ka uz Dziesmu sv\u0113tkiem iet tikai soros\u012bti, tad ar\u012b tam visi sektanti dzied\u0101tu l\u012bdzi!\u201d Eilands par \u0160lesera nakti Vecr\u012bg\u0101"},"content":{"rendered":"<p>    <img decoding=\"async\" src=\"https:\/\/www.europesays.com\/lv\/wp-content\/uploads\/2025\/10\/Untitled-1500-x-1000-px-2025-10-30T113231.588-1024x683.jpg\" alt=\"&#10;\"\/><\/p>\n<p>Pie Saeimas protest\u0101 pret Latvijas izst\u0101\u0161anos no Stambulas konvencijas tre\u0161dienas vakar\u0101 bija pulc\u0113ju\u0161ies aptuveni 5000 iedz\u012bvot\u0101ju, un \u0161is bijis viens no p\u0113d\u0113jos gados daudzskaitl\u012bg\u0101kajiem iedz\u012bvot\u0101ju protestiem, a\u0123ent\u016brai LETA apliecin\u0101ja Valsts policij\u0101.<\/p>\n<p>        Las\u012bt\u0101kie<br \/>\n        <a data-imagesrc=\"{&quot;300&quot;:&quot;https:\\\/\\\/lastatic.ams3.cdn.digitaloceanspaces.com\\\/2021\\\/02\\\/LET_15280184-1-300x205.jpg&quot;,&quot;768&quot;:&quot;https:\\\/\\\/lastatic.ams3.cdn.digitaloceanspaces.com\\\/2021\\\/02\\\/LET_15280184-1-768x524.jpg&quot;,&quot;200&quot;:&quot;https:\\\/\\\/lastatic.ams3.cdn.digitaloceanspaces.com\\\/2021\\\/02\\\/LET_15280184-1-200x136.jpg&quot;,&quot;400&quot;:&quot;https:\\\/\\\/lastatic.ams3.cdn.digitaloceanspaces.com\\\/2021\\\/02\\\/LET_15280184-1-400x273.jpg&quot;,&quot;500&quot;:&quot;https:\\\/\\\/lastatic.ams3.cdn.digitaloceanspaces.com\\\/2021\\\/02\\\/LET_15280184-1-500x341.jpg&quot;,&quot;800&quot;:&quot;https:\\\/\\\/lastatic.ams3.cdn.digitaloceanspaces.com\\\/2021\\\/02\\\/LET_15280184-1-800x546.jpg&quot;,&quot;1000&quot;:&quot;https:\\\/\\\/lastatic.ams3.cdn.digitaloceanspaces.com\\\/2021\\\/02\\\/LET_15280184-1.jpg&quot;}\" data-focuspoint=\"&quot;&quot;\" data-p=\"2457509\" href=\"https:\/\/www.la.lv\/ka-var-nozombet-cilvekus-veidemane-izsakas-par-vienu-no-lielakajiem-pedejo-gadu-protestiem-riga\" class=\"content-item lazy-load\" wp_automatic_readability=\"26.5\" rel=\"nofollow noopener\" target=\"_blank\"><\/p>\n<p>                                <img decoding=\"async\" src=\"\" alt=\"\" style=\"\" data-imageid=\"\"\/><\/p>\n<p>                                            \u201cK\u0101 var nozomb\u0113t cilv\u0113kus!\u201d Veidemane izsak\u0101s par vienu no liel\u0101kajiem p\u0113d\u0113jo gadu protestiem R\u012bg\u0101\n                            <\/p>\n<p><\/a><a data-imagesrc=\"{&quot;300&quot;:&quot;https:\\\/\\\/lastatic.ams3.cdn.digitaloceanspaces.com\\\/2022\\\/11\\\/0A0A5710-300x200.jpg&quot;,&quot;1024&quot;:&quot;https:\\\/\\\/lastatic.ams3.cdn.digitaloceanspaces.com\\\/2022\\\/11\\\/0A0A5710-1024x683.jpg&quot;,&quot;768&quot;:&quot;https:\\\/\\\/lastatic.ams3.cdn.digitaloceanspaces.com\\\/2022\\\/11\\\/0A0A5710-768x512.jpg&quot;,&quot;200&quot;:&quot;https:\\\/\\\/lastatic.ams3.cdn.digitaloceanspaces.com\\\/2022\\\/11\\\/0A0A5710-200x133.jpg&quot;,&quot;400&quot;:&quot;https:\\\/\\\/lastatic.ams3.cdn.digitaloceanspaces.com\\\/2022\\\/11\\\/0A0A5710-400x267.jpg&quot;,&quot;500&quot;:&quot;https:\\\/\\\/lastatic.ams3.cdn.digitaloceanspaces.com\\\/2022\\\/11\\\/0A0A5710-500x333.jpg&quot;,&quot;800&quot;:&quot;https:\\\/\\\/lastatic.ams3.cdn.digitaloceanspaces.com\\\/2022\\\/11\\\/0A0A5710-800x533.jpg&quot;,&quot;1000&quot;:&quot;https:\\\/\\\/lastatic.ams3.cdn.digitaloceanspaces.com\\\/2022\\\/11\\\/0A0A5710-1000x667.jpg&quot;,&quot;1200&quot;:&quot;https:\\\/\\\/lastatic.ams3.cdn.digitaloceanspaces.com\\\/2022\\\/11\\\/0A0A5710.jpg&quot;}\" data-focuspoint=\"&quot;&quot;\" data-p=\"2457169\" href=\"https:\/\/www.la.lv\/vispar-vajadzetu-aizliegt-donu-un-vina-jauno-dziesmu-muzika-jaunakais-veikums-izraisa-negaiditu-sabiedribas-reakciju\" class=\"content-item lazy-load\" wp_automatic_readability=\"26.5\" rel=\"nofollow noopener\" target=\"_blank\"><\/p>\n<p>                                <img decoding=\"async\" src=\"\" alt=\"\" style=\"\" data-imageid=\"\"\/><\/p>\n<p>                                Kokteilis<\/p>\n<p>                                            \u201cVisp\u0101r vajadz\u0113tu aizliegt Donu un vi\u0146a jauno dziesmu\u2026\u201d M\u016bzi\u0137a jaun\u0101kais veikums izraisa negaid\u012btu sabiedr\u012bbas reakciju<\/p>\n<p><\/a><a data-imagesrc=\"{&quot;300&quot;:&quot;https:\\\/\\\/lastatic.ams3.cdn.digitaloceanspaces.com\\\/2025\\\/10\\\/LET_367862-300x226.jpg&quot;,&quot;1024&quot;:&quot;https:\\\/\\\/lastatic.ams3.cdn.digitaloceanspaces.com\\\/2025\\\/10\\\/LET_367862-1024x772.jpg&quot;,&quot;1536&quot;:&quot;https:\\\/\\\/lastatic.ams3.cdn.digitaloceanspaces.com\\\/2025\\\/10\\\/LET_367862-1536x1159.jpg&quot;,&quot;500&quot;:&quot;https:\\\/\\\/lastatic.ams3.cdn.digitaloceanspaces.com\\\/2025\\\/10\\\/LET_367862-500x377.jpg&quot;,&quot;800&quot;:&quot;https:\\\/\\\/lastatic.ams3.cdn.digitaloceanspaces.com\\\/2025\\\/10\\\/LET_367862-800x603.jpg&quot;,&quot;2560&quot;:&quot;https:\\\/\\\/lastatic.ams3.cdn.digitaloceanspaces.com\\\/2025\\\/10\\\/LET_367862-scaled.jpg&quot;}\" data-focuspoint=\"&quot;&quot;\" data-p=\"2457516\" href=\"https:\/\/www.la.lv\/video-par-3-latiem-jelgavas-ledus-halle-22-gadus-vecs-prata-vetras-reklamas-video-liek-ieplest-acis\" class=\"content-item lazy-load\" wp_automatic_readability=\"26.5\" rel=\"nofollow noopener\" target=\"_blank\"><\/p>\n<p>                                <img decoding=\"async\" src=\"\" alt=\"\" style=\"\" data-imageid=\"\"\/><\/p>\n<p>                                            VIDEO. \u201cPar 3 latiem Jelgavas Ledus hall\u0113!\u201d 22 gadus vecs \u201cPr\u0101ta V\u0113tras\u201d rekl\u0101mas video liek ieplest acis<\/p>\n<p><\/a><br \/>\n        <a class=\"read-more\" href=\"https:\/\/www.la.lv\/top\" rel=\"nofollow noopener\" target=\"_blank\">Las\u012bt citas zi\u0146as<\/a><\/p>\n<p>K\u0101ds aculiecinieks nov\u0113rojis, ka pie Ain\u0101ra \u0160lesera partijas \u201cLatvija pirmaj\u0101 viet\u0101\u201d biroja durv\u012bm konvencijas aizst\u0101vji atst\u0101ju\u0161i kapu sveces un plak\u0101tus ar protesta uzrakstiem \u201cKur Latviju meitas sit\u201d, :\u201dKauns\u201d, \u201cRusi\u0146\u0161 jums saka paldies\u201d, \u201cBeidz m\u0101\u017eoties\u201d un daudzus citus. <\/p>\n<p>\u012asi pirms pusnakts turp dev\u0101s ar\u012b pats \u0160lesers, kur\u0161 bijis p\u0101rsteigts, ka plak\u0101ti v\u0113l joproj\u0101m nav nov\u0101kti. Cilv\u0113ki esot vi\u0146am teiku\u0161i, ka policija noraudz\u012bjusies ar atst\u0101tajiem plak\u0101tiem un neko nav dar\u012bjusi. Vi\u0146\u0161 sola doties uz policiju rakst\u012bt iesniegumu par \u0161o vand\u0101lisma aktu. <\/p>\n<p>    CITI \u0160OBR\u012aD LASA<\/p>\n<p>\u0160o \u201cd\u0101vanu\u201d pie \u0160lesera partijas namdurv\u012bm koment\u0113jis ar\u012b viedok\u013cu l\u012bderis Ralfs Eilands. <\/p>\n<p>\u201cNolikt nevain\u012bgus plak\u0101tus pie \u0160lesera biroja ir tikpat nekait\u012bgi k\u0101 nolikt ziedus pie k\u0101das v\u0113stniec\u012bbas p\u0113c hokeja sp\u0113les. To pat var saukt par t\u0101du latvie\u0161u protesta un zobo\u0161an\u0101s trad\u012bciju, kas tradicion\u0101lo v\u0113rt\u012bbu sargsunim, Ri\u010darda t\u0113tim, b\u016btu j\u0101aizst\u0101v! Bet visi Ri\u010darda t\u0113ta biedri k\u0101 viens b\u013cauj \u2014 \u201cvardarb\u012bba\u201d, \u201cvand\u0101lisms\u201d, bl\u0101, bl\u0101, bl\u0101. Rodas saj\u016bta, ka, ja Ri\u010darda t\u0113tis pateiktu, ka Dziesmu sv\u0113tki ir pas\u0101kums, uz kuru iet tikai re\u017e\u012bma atbalst\u012bt\u0101ji un soros\u012bti, tad ar\u012b tam apgalvojumam vi\u0146a sektanti dzied\u0101tu l\u012bdzi,\u201d vi\u0146\u0161 raksta. <\/p>\n<blockquote class=\"twitter-tweet\" wp_automatic_readability=\"13.367231638418\">\n<p lang=\"lv\" dir=\"ltr\">Nolikt nevain\u012bgus plak\u0101tus pie \u0160lesera biroja ir tikpat nekait\u012bgi k\u0101 nolikt ziedus pie k\u0101das v\u0113stniec\u012bbas p\u0113c hokeja sp\u0113les. To pat var saukt par t\u0101du latvie\u0161u protesta un zobo\u0161an\u0101s trad\u012bciju, kas tradicion\u0101lo v\u0113rt\u012bbu sargsunim, Ri\u010darda t\u0113tim, b\u016btu j\u0101aizst\u0101v! Bet visi Ri\u010darda\u2026<\/p>\n<p>\u2014 Ralfs Eilands (@RalfsEilands) <a href=\"https:\/\/twitter.com\/RalfsEilands\/status\/1983822665509896389?ref_src=twsrc%5Etfw\" rel=\"nofollow noopener\" target=\"_blank\">October 30, 2025<\/a><\/p>\n<\/blockquote>\n<p>T\u0113mas<\/p>\n<p>    SAIST\u012aTIE RAKSTI<\/p>\n<p>                            <script async src=\"https:\/\/platform.twitter.com\/widgets.js\" charset=\"utf-8\"><\/script><\/p>\n","protected":false},"excerpt":{"rendered":"Pie Saeimas protest\u0101 pret Latvijas izst\u0101\u0161anos no Stambulas konvencijas tre\u0161dienas vakar\u0101 bija pulc\u0113ju\u0161ies aptuveni 5000 iedz\u012bvot\u0101ju, un \u0161is&hellip;\n","protected":false},"author":2,"featured_media":35254,"comment_status":"","ping_status":"","sticky":false,"template":"","format":"standard","meta":{"footnotes":""},"categories":[5],"tags":[23,28,29,32,33,22,30,31,35,39,38,36,37,34,40,20,26,27,24,25,21],"class_list":{"0":"post-35253","1":"post","2":"type-post","3":"status-publish","4":"format-standard","5":"has-post-thumbnail","7":"category-aktualitates","8":"tag-aktualitates","9":"tag-breaking-news","10":"tag-breakingnews","11":"tag-featured-news","12":"tag-featurednews","13":"tag-headlines","14":"tag-latest-news","15":"tag-latestnews","16":"tag-latvia","17":"tag-latvian","18":"tag-latviesu","19":"tag-latviesu-valoda","20":"tag-latviesuvaloda","21":"tag-latvija","22":"tag-lv","23":"tag-news","24":"tag-popularakas-zinas","25":"tag-popularakaszinas","26":"tag-top-stories","27":"tag-topstories","28":"tag-zinas"},"share_on_mastodon":{"url":"https:\/\/pubeurope.com\/@lv\/115463124776477564","error":""},"_links":{"self":[{"href":"https:\/\/www.europesays.com\/lv\/wp-json\/wp\/v2\/posts\/35253","targetHints":{"allow":["GET"]}}],"collection":[{"href":"https:\/\/www.europesays.com\/lv\/wp-json\/wp\/v2\/posts"}],"about":[{"href":"https:\/\/www.europesays.com\/lv\/wp-json\/wp\/v2\/types\/post"}],"author":[{"embeddable":true,"href":"https:\/\/www.europesays.com\/lv\/wp-json\/wp\/v2\/users\/2"}],"replies":[{"embeddable":true,"href":"https:\/\/www.europesays.com\/lv\/wp-json\/wp\/v2\/comments?post=35253"}],"version-history":[{"count":0,"href":"https:\/\/www.europesays.com\/lv\/wp-json\/wp\/v2\/posts\/35253\/revisions"}],"wp:featuredmedia":[{"embeddable":true,"href":"https:\/\/www.europesays.com\/lv\/wp-json\/wp\/v2\/media\/35254"}],"wp:attachment":[{"href":"https:\/\/www.europesays.com\/lv\/wp-json\/wp\/v2\/media?parent=35253"}],"wp:term":[{"taxonomy":"category","embeddable":true,"href":"https:\/\/www.europesays.com\/lv\/wp-json\/wp\/v2\/categories?post=35253"},{"taxonomy":"post_tag","embeddable":true,"href":"https:\/\/www.europesays.com\/lv\/wp-json\/wp\/v2\/tags?post=35253"}],"curies":[{"name":"wp","href":"https:\/\/api.w.org\/{rel}","templated":true}]}}