{"id":35288,"date":"2025-10-30T13:02:12","date_gmt":"2025-10-30T13:02:12","guid":{"rendered":"https:\/\/www.europesays.com\/lv\/35288\/"},"modified":"2025-10-30T13:02:12","modified_gmt":"2025-10-30T13:02:12","slug":"ar-videjo-atrumu-113-km-h-porsche-cayenne-electric-nobrauc-563-km-bez-uzlades-uzladets","status":"publish","type":"post","link":"https:\/\/www.europesays.com\/lv\/35288\/","title":{"rendered":"Ar vid\u0113jo \u0101trumu 113 km\/h Porsche Cayenne Electric nobrauc 563 km bez uzl\u0101des \u2013 Uzl\u0101d\u0113ts"},"content":{"rendered":"<p>\u201cPorsche\u201d iepaz\u012bstina ar inovat\u012bvu augstsprieguma sist\u0113mu, kas ar funkcion\u0101li integr\u0113tu akumulatoru, divpus\u0113jo dzes\u0113\u0161anu un inteli\u0123entu termisko p\u0101rvald\u012bbu nodro\u0161ina jauna l\u012bme\u0146a elektrisko veiktsp\u0113ju jaunaj\u0101 \u201cCayenne Electric\u201d, inform\u0113 uz\u0146\u0113mum\u0101.<\/p>\n<p>Piln\u012bb\u0101 elektriskais \u201cCayenne\u201d dr\u012bzum\u0101 papildin\u0101s \u201cPorsche\u201d SUV pied\u0101v\u0101jumu. \u0160is modelis veidots uz uz\u0146\u0113muma izstr\u0101d\u0101tas PPE (\u201cPremium Platform Electric\u201d) elektroauto platformas, un automobi\u013ca 800 voltu arhitekt\u016bra nodro\u0161ina pamatu iespaid\u012bgai uzl\u0101des jaudai, inteli\u0123entai ener\u0123ijas sadalei un augstai efektivit\u0101tei.<\/p>\n<p>Apvienojum\u0101 ar jauno piedzi\u0146as sist\u0113mu \u201cCayenne Electric\u201d pied\u0101v\u0101 elektrisko sniedzam\u012bbu, kas piem\u0113rota gan ikdienas braucieniem, gan gar\u0101kiem izbraucieniem \u2013 saska\u0146\u0101 ar WLTP standartu vair\u0101k nek\u0101 600 kilometru. Modelis jau apliecin\u0101jis savu potenci\u0101lu testa braucienos ASV, kur ar vienu uzl\u0101di nobraukti vair\u0101k nek\u0101 563 kilometri ar vid\u0113jo \u0101trumu 113 km\/h.<\/p>\n<p><a href=\"https:\/\/uzladets.lv\/elektrumdrive251014kv\" target=\"_blank\" rel=\"nofollow noopener\"><img decoding=\"async\" src=\"https:\/\/www.europesays.com\/lv\/wp-content\/uploads\/2025\/10\/1761817448_751_Uzladets.lv_300x250px-8.png\" style=\"max-width: 300px; max-height:250px;\"\/><\/a><img loading=\"lazy\" decoding=\"async\" src=\"https:\/\/www.europesays.com\/lv\/wp-content\/uploads\/2025\/10\/1761054191_51_\" border=\"0\" width=\"1\" height=\"1\"\/><\/p>\n<p>\u201cAr \u201cCayenne Electric\u201d m\u0113s elektrisko veiktsp\u0113ju esam pac\u0113lu\u0161i jaun\u0101 l\u012bmen\u012b,\u201d skaidro \u201cPorsche\u201d valdes priek\u0161s\u0113d\u0113t\u0101ja vietnieks un valdes loceklis izp\u0113tes un izstr\u0101des jaut\u0101jumos Dr. Mihaels \u0160teiners. \u201cM\u016bsu inovat\u012bv\u0101 augstsprieguma sist\u0113ma apvieno maksim\u0101lu efektivit\u0101ti ar \u201cPorsche\u201d rakstur\u012bgo brauk\u0161anas dinamiku.\u201d<\/p>\n<p>Funkcion\u0101li integr\u0113ts augstsprieguma akumulators \u2013 dro\u0161\u012bba un vietas taup\u012b\u0161ana<\/p>\n<p>\u201cCayenne Electric\u201d apr\u012bkots ar 113 kWh augstsprieguma akumulatoru, kas funkcion\u0101li integr\u0113ts automobi\u013ca konstrukcij\u0101. Tas ne tikai uzglab\u0101 ener\u0123iju, bet ar\u012b stiprina virsb\u016bves strukt\u016bru, nodro\u0161inot stingr\u012bbu un zem\u0101ku smaguma centru. \u0160\u0101ds risin\u0101jums uzlabo brauk\u0161anas dinamiku un dro\u0161\u012bbu.<\/p>\n<p><img loading=\"lazy\" decoding=\"async\" width=\"1000\" height=\"562\" src=\"https:\/\/www.europesays.com\/lv\/wp-content\/uploads\/2025\/10\/S25_1366.jpg\" alt=\"Porsche Cayenne Electric battery\" class=\"wp-image-17912\"  \/>Porsche Cayenne Electric baterija (Publicit\u0101tes att\u0113ls)<\/p>\n<p>Sal\u012bdzin\u0101jum\u0101 ar otr\u0101s paaudzes \u201cTaycan\u201d akumulatoru, jaunajam modelim ir par 12 % lab\u0101ka elementu un korpusa attiec\u012bba, k\u0101 ar\u012b liel\u0101ka energoefektivit\u0101te. Modu\u013ci izgatavoti no \u012bpa\u0161a alum\u012bnija profila, kas absorb\u0113 ener\u0123iju un aizsarg\u0101 elementus trieciena gad\u012bjum\u0101.<\/p>\n<p>Jaunaj\u0101 model\u012b izmantots se\u0161u modu\u013cu litija jonu akumulators ar augsta ni\u0137e\u013ca satura elementiem un sil\u012bcija anod\u0113m, kas nodro\u0161ina liel\u0101ku ener\u0123ijas bl\u012bvumu un iev\u0113rojami \u0101tr\u0101ku uzl\u0101di.<\/p>\n<p>Divpus\u0113ja dzes\u0113\u0161ana \u2013 stabila veiktsp\u0113ja jebkuros apst\u0101k\u013cos<\/p>\n<p>Lai uztur\u0113tu akumulatoru optim\u0101l\u0101 temperat\u016br\u0101, \u201cPorsche\u201d izstr\u0101d\u0101jis divpus\u0113ju dzes\u0113\u0161anas sist\u0113mu, kas darbojas gan no aug\u0161as, gan no apak\u0161as. \u0160\u012b tehnolo\u0123ija \u013cauj nodro\u0161in\u0101t nemain\u012bgi augstu uzl\u0101des jaudu neatkar\u012bgi no laikapst\u0101k\u013ciem un brauk\u0161anas re\u017e\u012bma. Dzes\u0113\u0161anas jauda atbilst aptuveni simt m\u0101jsaimniec\u012bbas ledusskapju kop\u0113jai jaudai.<\/p>\n<p><img loading=\"lazy\" decoding=\"async\" width=\"1000\" height=\"527\" src=\"https:\/\/www.europesays.com\/lv\/wp-content\/uploads\/2025\/10\/S25_1369.jpg\" alt=\"Porsche Cayenne Electric drivetrain\" class=\"wp-image-17913\"  \/>Porsche Cayenne Electric baterijas dzes\u0113\u0161anas sist\u0113ma (Publicit\u0101tes att\u0113ls)<\/p>\n<p>Jaun\u0101 paredzam\u0101 termisk\u0101 p\u0101rvald\u012bba analiz\u0113 mar\u0161rutu, satiksmes apst\u0101k\u013cus un brauk\u0161anas stilu, savlaic\u012bgi regul\u0113jot ener\u0123ijas pl\u016bsmu un temperat\u016bru. T\u0101d\u0113j\u0101di akumulators vienm\u0113r darbojas optim\u0101l\u0101 re\u017e\u012bm\u0101, nodro\u0161inot maksim\u0101lu uzl\u0101des \u0101trumu un ilg\u0101ku kalpo\u0161anas laiku.<\/p>\n<p>\u201cFunkcion\u0101li integr\u0113tais akumulators, divpus\u0113j\u0101 dzes\u0113\u0161anas koncepcija un paredzam\u0101 termisk\u0101 p\u0101rvald\u012bba par\u0101da, k\u0101 m\u0113s visaptvero\u0161i dom\u0101jam par tehnolo\u0123iju. M\u016bsu m\u0113r\u0137is ir nodro\u0161in\u0101t \u201cPorsche\u201d cien\u012bgu elektrisko mobilit\u0101ti, kas ir efekt\u012bva, jaud\u012bga un pat\u012bkama,\u201d nor\u0101da \u201cPorsche\u201d izp\u0113tes un izstr\u0101des valdes loceklis Dr. Mihaels \u0160teiners.<\/p>\n<p>Paredzama termisk\u0101 p\u0101rvald\u012bba \u2013 inteli\u0123enta ener\u0123ijas pl\u016bsma<\/p>\n<p>Jaun\u0101 termisk\u0101 p\u0101rvald\u012bbas sist\u0113ma analiz\u0113 temperat\u016bru, mar\u0161rutu un brauk\u0161anas profilu, proakt\u012bvi kontrol\u0113jot ener\u0123ijas pl\u016bsmu. T\u0101 re\u0101llaik\u0101 apr\u0113\u0137ina sild\u012b\u0161anas vai dzes\u0113\u0161anas vajadz\u012bbas, \u0146emot v\u0113r\u0101 navig\u0101cijas datus, topogr\u0101fiju, satiksmes apst\u0101k\u013cus un brauk\u0161anas paradumus. Rezult\u0101t\u0101 tiek nodro\u0161in\u0101ta \u012bs\u0101ka uzl\u0101de, maz\u0101ks ener\u0123ijas pat\u0113ri\u0146\u0161 un v\u0113l prec\u012bz\u0101ka sniedzam\u012bbas prognoze. Sist\u0113ma sadarbojas ar uzlaboto \u201cCharging Planner\u201d funkciju, kas, balstoties uz vad\u012bt\u0101ja ieradumiem un mar\u0161rutu, savlaic\u012bgi sagatavo akumulatoru n\u0101kamajai uzl\u0101des pieturai.<\/p>\n<p>\u0100tr\u0101 uzl\u0101de un praktiskums ikdien\u0101<\/p>\n<p>\u201cCayenne Electric\u201d nosaka jaunus uzl\u0101des veiktsp\u0113jas standartus \u2013 l\u012bdz 400 kW jauda \u013cauj akumulatoru uzl\u0101d\u0113t no 10 % l\u012bdz 80 % maz\u0101k nek\u0101 16 min\u016bt\u0113s. Desmit min\u016b\u0161u uzl\u0101de sniedz vair\u0101k nek\u0101 300 kilometru sniedzam\u012bbu.<\/p>\n<p>Pateicoties 800 voltu arhitekt\u016brai un augstsprieguma sl\u0113dzim, automobilis efekt\u012bvi uzl\u0101d\u0113jas ar\u012b 400 voltu stacij\u0101s ar l\u012bdz 200 kW jaudu bez nepiecie\u0161am\u012bbas p\u0113c papildu pastiprin\u0101t\u0101ja. \u0160\u012b optim\u0101l\u0101 uzl\u0101des l\u012bkne saglab\u0101jas pat tad, ja akumulatora temperat\u016bra nep\u0101rsniedz 15 \u00b0C, kas nodro\u0161ina stabilu uzl\u0101di re\u0101los apst\u0101k\u013cos visa gada garum\u0101.<\/p>\n<p>\u201cPorsche\u201d bezvadu uzl\u0101de \u2013 \u0113rt\u012bba bez kabe\u013ciem<\/p>\n<p>No 2026. gada \u201cPorsche\u201d kop\u0101 ar \u201cCayenne Electric\u201d pied\u0101v\u0101s ar\u012b <a href=\"https:\/\/uzladets.lv\/vai-bezvadu-uzlade-klus-par-normu-porsche-varetu-but-pirmie-ar-cayenne\/\" title=\"Vai bezvadu uzl\u0101de k\u013c\u016bs par normu? Porsche var\u0113tu b\u016bt pirmie ar Cayenne\" rel=\"nofollow noopener\" target=\"_blank\">jauno bezvadu uzl\u0101des sist\u0113mu<\/a>. T\u0101 darbojas ar kompaktu gr\u012bdas pl\u0101ksni un nodro\u0161ina uzl\u0101des jaudu l\u012bdz 11 kW, pied\u0101v\u0101jot l\u012bdz pat 90 % efektivit\u0101ti \u2013 l\u012bdzv\u0113rt\u012bgi uzl\u0101dei ar vadu.<\/p>\n<p><img loading=\"lazy\" decoding=\"async\" width=\"1024\" height=\"577\" src=\"https:\/\/www.europesays.com\/lv\/wp-content\/uploads\/2025\/10\/323786_1920x1440-1024x577.jpg\" alt=\"Porsche Wireless Charging\" class=\"wp-image-17717\"  \/>Porsche bezvadu uzl\u0101de (Publicit\u0101tes att\u0113ls)<\/p>\n<p>Novietojot automobili virs uzl\u0101des pl\u0101ksnes, tas autom\u0101tiski atpaz\u012bst pl\u0101ksnes poz\u012bciju un nedaudz nolai\u017eas, lai uzs\u0101ktu uzl\u0101di. Process ir piln\u012bb\u0101 autom\u0101tisks un dro\u0161s, un to iesp\u0113jams kontrol\u0113t, izmantojot lietotni \u201cMy Porsche\u201d. \u0160is risin\u0101jums atspogu\u013co \u201cPorsche\u201d pieeju \u2013 apvienot efektivit\u0101ti ar \u0113rt\u012bbu ar\u012b uzl\u0101des proces\u0101.<\/p>\n<p>Augsta efektivit\u0101te un praktiskums<\/p>\n<p>Apvienojot jauno augstsprieguma sist\u0113mu, uzlabotu dzes\u0113\u0161anas koncepciju un inteli\u0123ento termisko p\u0101rvald\u012bbu, \u201cPorsche\u201d pan\u0101cis l\u012bdzsvaru starp veiktsp\u0113ju, efektivit\u0101ti un ikdienas lietojam\u012bbu.<\/p>\n<p>Piln\u012bb\u0101 elektriskais \u201cCayenne\u201d dr\u012bzum\u0101 papildin\u0101s \u201cPorsche\u201d SUV kl\u0101stu, turpinot z\u012bmola virz\u012bbu uz ilgtsp\u0113j\u012bgu un emocion\u0101li piepild\u012btu mobilit\u0101ti.<\/p>\n<p><a href=\"https:\/\/mistape.com\" target=\"_blank\" rel=\"nofollow noopener\" class=\"mistape-link mistape-logo\"><\/a><\/p>\n<p>Ja rakst\u0101 paman\u012bji k\u013c\u016bdu, padod mums par to zi\u0146u, iez\u012bm\u0113jot a\u010dg\u0101rno tekstu un nospie\u017eot Ctrl+Enter. Paldies!<\/p>\n<p>&#13;<br \/>\n                    0&#13;<br \/>\n                    0&#13;<br \/>\n                    balsojumi<\/p>\n<p>Raksta nov\u0113rt\u0113jums<\/p>\n<p>\t\tPost navigation<\/p>\n","protected":false},"excerpt":{"rendered":"\u201cPorsche\u201d iepaz\u012bstina ar inovat\u012bvu augstsprieguma sist\u0113mu, kas ar funkcion\u0101li integr\u0113tu akumulatoru, divpus\u0113jo dzes\u0113\u0161anu un inteli\u0123entu termisko p\u0101rvald\u012bbu nodro\u0161ina&hellip;\n","protected":false},"author":2,"featured_media":35289,"comment_status":"","ping_status":"","sticky":false,"template":"","format":"standard","meta":{"footnotes":""},"categories":[16],"tags":[77,76,1220,35,39,38,36,37,34,40,1221],"class_list":{"0":"post-35288","1":"post","2":"type-post","3":"status-publish","4":"format-standard","5":"has-post-thumbnail","7":"category-bizness","8":"tag-bizness","9":"tag-business","10":"tag-cayenne","11":"tag-latvia","12":"tag-latvian","13":"tag-latviesu","14":"tag-latviesu-valoda","15":"tag-latviesuvaloda","16":"tag-latvija","17":"tag-lv","18":"tag-porsche"},"share_on_mastodon":{"url":"https:\/\/pubeurope.com\/@lv\/115463254454777655","error":""},"_links":{"self":[{"href":"https:\/\/www.europesays.com\/lv\/wp-json\/wp\/v2\/posts\/35288","targetHints":{"allow":["GET"]}}],"collection":[{"href":"https:\/\/www.europesays.com\/lv\/wp-json\/wp\/v2\/posts"}],"about":[{"href":"https:\/\/www.europesays.com\/lv\/wp-json\/wp\/v2\/types\/post"}],"author":[{"embeddable":true,"href":"https:\/\/www.europesays.com\/lv\/wp-json\/wp\/v2\/users\/2"}],"replies":[{"embeddable":true,"href":"https:\/\/www.europesays.com\/lv\/wp-json\/wp\/v2\/comments?post=35288"}],"version-history":[{"count":0,"href":"https:\/\/www.europesays.com\/lv\/wp-json\/wp\/v2\/posts\/35288\/revisions"}],"wp:featuredmedia":[{"embeddable":true,"href":"https:\/\/www.europesays.com\/lv\/wp-json\/wp\/v2\/media\/35289"}],"wp:attachment":[{"href":"https:\/\/www.europesays.com\/lv\/wp-json\/wp\/v2\/media?parent=35288"}],"wp:term":[{"taxonomy":"category","embeddable":true,"href":"https:\/\/www.europesays.com\/lv\/wp-json\/wp\/v2\/categories?post=35288"},{"taxonomy":"post_tag","embeddable":true,"href":"https:\/\/www.europesays.com\/lv\/wp-json\/wp\/v2\/tags?post=35288"}],"curies":[{"name":"wp","href":"https:\/\/api.w.org\/{rel}","templated":true}]}}