{"id":35327,"date":"2025-10-30T13:34:15","date_gmt":"2025-10-30T13:34:15","guid":{"rendered":"https:\/\/www.europesays.com\/lv\/35327\/"},"modified":"2025-10-30T13:34:15","modified_gmt":"2025-10-30T13:34:15","slug":"bauskas-novada-dome-pienem-svarigu-lemumu-modra-nosauto-sunu-lieta-pavirzas-uz-prieksu-bus-spriedzes-pilna-preses-konference","status":"publish","type":"post","link":"https:\/\/www.europesays.com\/lv\/35327\/","title":{"rendered":"Bauskas novada dome pie\u0146em svar\u012bgu l\u0113mumu: Modra no\u0161auto su\u0146u lieta pavirz\u0101s uz priek\u0161u; b\u016bs spriedzes pilna preses konference"},"content":{"rendered":"<p>    <img decoding=\"async\" src=\"https:\/\/www.europesays.com\/lv\/wp-content\/uploads\/2025\/10\/1761831255_141_Modraolas-1024x768.jpg\" alt=\"&#10;\"\/><\/p>\n<p>Foto: soci\u0101l\u0101 t\u012bkla \u201cInstagram\u201d ekr\u0101nuz\u0146\u0113mums\n<\/p>\n<p>Saist\u012bb\u0101 ar su\u0146u no\u0161au\u0161anu oktobra s\u0101kum\u0101 Brunavas pagast\u0101 Bauskas novada dome ceturtdien nol\u0113ma atlaist Bauskas novada pa\u0161vald\u012bbas policijas priek\u0161nieku Eg\u012blu Gaili, a\u0123ent\u016bra LETA uzzin\u0101ja novada pa\u0161vald\u012bb\u0101.<\/p>\n<p>        Las\u012bt\u0101kie<br \/>\n        <a data-imagesrc=\"{&quot;300&quot;:&quot;https:\\\/\\\/lastatic.ams3.cdn.digitaloceanspaces.com\\\/2021\\\/02\\\/LET_15280184-1-300x205.jpg&quot;,&quot;768&quot;:&quot;https:\\\/\\\/lastatic.ams3.cdn.digitaloceanspaces.com\\\/2021\\\/02\\\/LET_15280184-1-768x524.jpg&quot;,&quot;200&quot;:&quot;https:\\\/\\\/lastatic.ams3.cdn.digitaloceanspaces.com\\\/2021\\\/02\\\/LET_15280184-1-200x136.jpg&quot;,&quot;400&quot;:&quot;https:\\\/\\\/lastatic.ams3.cdn.digitaloceanspaces.com\\\/2021\\\/02\\\/LET_15280184-1-400x273.jpg&quot;,&quot;500&quot;:&quot;https:\\\/\\\/lastatic.ams3.cdn.digitaloceanspaces.com\\\/2021\\\/02\\\/LET_15280184-1-500x341.jpg&quot;,&quot;800&quot;:&quot;https:\\\/\\\/lastatic.ams3.cdn.digitaloceanspaces.com\\\/2021\\\/02\\\/LET_15280184-1-800x546.jpg&quot;,&quot;1000&quot;:&quot;https:\\\/\\\/lastatic.ams3.cdn.digitaloceanspaces.com\\\/2021\\\/02\\\/LET_15280184-1.jpg&quot;}\" data-focuspoint=\"&quot;&quot;\" data-p=\"2457509\" href=\"https:\/\/www.la.lv\/ka-var-nozombet-cilvekus-veidemane-izsakas-par-vienu-no-lielakajiem-pedejo-gadu-protestiem-riga\" class=\"content-item lazy-load\" wp_automatic_readability=\"26.5\" rel=\"nofollow noopener\" target=\"_blank\"><\/p>\n<p>                                <img decoding=\"async\" src=\"\" alt=\"\" style=\"\" data-imageid=\"\"\/><\/p>\n<p>                                            \u201cK\u0101 var nozomb\u0113t cilv\u0113kus!\u201d Veidemane izsak\u0101s par vienu no liel\u0101kajiem p\u0113d\u0113jo gadu protestiem R\u012bg\u0101\n                            <\/p>\n<p><\/a><a data-imagesrc=\"{&quot;300&quot;:&quot;https:\\\/\\\/lastatic.ams3.cdn.digitaloceanspaces.com\\\/2022\\\/11\\\/0A0A5710-300x200.jpg&quot;,&quot;1024&quot;:&quot;https:\\\/\\\/lastatic.ams3.cdn.digitaloceanspaces.com\\\/2022\\\/11\\\/0A0A5710-1024x683.jpg&quot;,&quot;768&quot;:&quot;https:\\\/\\\/lastatic.ams3.cdn.digitaloceanspaces.com\\\/2022\\\/11\\\/0A0A5710-768x512.jpg&quot;,&quot;200&quot;:&quot;https:\\\/\\\/lastatic.ams3.cdn.digitaloceanspaces.com\\\/2022\\\/11\\\/0A0A5710-200x133.jpg&quot;,&quot;400&quot;:&quot;https:\\\/\\\/lastatic.ams3.cdn.digitaloceanspaces.com\\\/2022\\\/11\\\/0A0A5710-400x267.jpg&quot;,&quot;500&quot;:&quot;https:\\\/\\\/lastatic.ams3.cdn.digitaloceanspaces.com\\\/2022\\\/11\\\/0A0A5710-500x333.jpg&quot;,&quot;800&quot;:&quot;https:\\\/\\\/lastatic.ams3.cdn.digitaloceanspaces.com\\\/2022\\\/11\\\/0A0A5710-800x533.jpg&quot;,&quot;1000&quot;:&quot;https:\\\/\\\/lastatic.ams3.cdn.digitaloceanspaces.com\\\/2022\\\/11\\\/0A0A5710-1000x667.jpg&quot;,&quot;1200&quot;:&quot;https:\\\/\\\/lastatic.ams3.cdn.digitaloceanspaces.com\\\/2022\\\/11\\\/0A0A5710.jpg&quot;}\" data-focuspoint=\"&quot;&quot;\" data-p=\"2457169\" href=\"https:\/\/www.la.lv\/vispar-vajadzetu-aizliegt-donu-un-vina-jauno-dziesmu-muzika-jaunakais-veikums-izraisa-negaiditu-sabiedribas-reakciju\" class=\"content-item lazy-load\" wp_automatic_readability=\"26.5\" rel=\"nofollow noopener\" target=\"_blank\"><\/p>\n<p>                                <img decoding=\"async\" src=\"\" alt=\"\" style=\"\" data-imageid=\"\"\/><\/p>\n<p>                                Kokteilis<\/p>\n<p>                                            \u201cVisp\u0101r vajadz\u0113tu aizliegt Donu un vi\u0146a jauno dziesmu\u2026\u201d M\u016bzi\u0137a jaun\u0101kais veikums izraisa negaid\u012btu sabiedr\u012bbas reakciju<\/p>\n<p><\/a><a data-imagesrc=\"{&quot;300&quot;:&quot;https:\\\/\\\/lastatic.ams3.cdn.digitaloceanspaces.com\\\/2025\\\/10\\\/LET_367862-300x226.jpg&quot;,&quot;1024&quot;:&quot;https:\\\/\\\/lastatic.ams3.cdn.digitaloceanspaces.com\\\/2025\\\/10\\\/LET_367862-1024x772.jpg&quot;,&quot;1536&quot;:&quot;https:\\\/\\\/lastatic.ams3.cdn.digitaloceanspaces.com\\\/2025\\\/10\\\/LET_367862-1536x1159.jpg&quot;,&quot;500&quot;:&quot;https:\\\/\\\/lastatic.ams3.cdn.digitaloceanspaces.com\\\/2025\\\/10\\\/LET_367862-500x377.jpg&quot;,&quot;800&quot;:&quot;https:\\\/\\\/lastatic.ams3.cdn.digitaloceanspaces.com\\\/2025\\\/10\\\/LET_367862-800x603.jpg&quot;,&quot;2560&quot;:&quot;https:\\\/\\\/lastatic.ams3.cdn.digitaloceanspaces.com\\\/2025\\\/10\\\/LET_367862-scaled.jpg&quot;}\" data-focuspoint=\"&quot;&quot;\" data-p=\"2457516\" href=\"https:\/\/www.la.lv\/video-par-3-latiem-jelgavas-ledus-halle-22-gadus-vecs-prata-vetras-reklamas-video-liek-ieplest-acis\" class=\"content-item lazy-load\" wp_automatic_readability=\"26.5\" rel=\"nofollow noopener\" target=\"_blank\"><\/p>\n<p>                                <img decoding=\"async\" src=\"\" alt=\"\" style=\"\" data-imageid=\"\"\/><\/p>\n<p>                                            VIDEO. \u201cPar 3 latiem Jelgavas Ledus hall\u0113!\u201d 22 gadus vecs \u201cPr\u0101ta V\u0113tras\u201d rekl\u0101mas video liek ieplest acis<\/p>\n<p><\/a><br \/>\n        <a class=\"read-more\" href=\"https:\/\/www.la.lv\/top\" rel=\"nofollow noopener\" target=\"_blank\">Las\u012bt citas zi\u0146as<\/a><\/p>\n<p>Vi\u0146\u0161 no amata atlaists, \u201cpamatojoties uz komisijas starpzi\u0146ojumu par dienesta p\u0101rbaudi\u201d.<\/p>\n<p>Par \u0161o l\u0113mumu un dienesta p\u0101rbaud\u0113 konstat\u0113tajiem faktiem pla\u0161\u0101ka inform\u0101cija tiks sniegta preses konferenc\u0113, kas notiks ceturtdien plkst. 16 Bauskas novada pa\u0161vald\u012bbas domes s\u0113\u017eu z\u0101l\u0113 Uzvaras iel\u0101 1 Bausk\u0101.<\/p>\n<p>    CITI \u0160OBR\u012aD LASA<\/p>\n<p>Preses konferencei var\u0113s sekot l\u012bdzi ar\u012b tie\u0161raid\u0113 Bauskas novada pa\u0161vald\u012bbas \u201cYouTube\u201d kan\u0101l\u0101.<\/p>\n<p>\u201cM\u0113s apzin\u0101mies, ka Brunavas pagast\u0101 notiku\u0161ais ir rad\u012bjis dzi\u013cu emocion\u0101lu rezonansi. V\u0113los uzsv\u0113rt atk\u0101rtoti, ka pa\u0161vald\u012bba nosoda iesaist\u012bto personu nesam\u0113r\u012bgo r\u012bc\u012bbu, su\u0146us no\u0161aujot,\u201d koment\u0113 Bauskas novada domes priek\u0161s\u0113d\u0113t\u0101js Aivars Ma\u010deks (NA).<\/p>\n<p>Dienesta izmekl\u0113\u0161anas uzdevums ir noteikt, vai pa\u0161vald\u012bbas policijas darbinieki piln\u012bb\u0101 iev\u0113roju\u0161i noteikto r\u012bc\u012bbas algoritmu, k\u0101d\u0101 j\u0101rea\u0123\u0113 uz izsaukumiem par dz\u012bvnieku apdraud\u0113jumu. \u0160is algoritms ir izstr\u0101d\u0101ts, lai nodro\u0161in\u0101tu sabiedr\u012bbas dro\u0161\u012bbu, dz\u012bvnieku aizsardz\u012bbu un skaidru atbild\u012bbas sadal\u012bjumu.<\/p>\n<p>Komisija p\u0101rbaud\u0113 v\u0113rt\u0113 un sal\u012bdzina dienesta zi\u0146ojumus, veic kl\u0101tienes intervijas ar notikum\u0101 iesaist\u012btajiem. P\u0101rbaud\u0113 konstat\u0113ts, ka policijas priek\u0161nieks nav pilnv\u0113rt\u012bgi izv\u0113rt\u0113jis notikumu, nav noteicis priorit\u0101tes un atst\u0101jis procesu bez kontroles. T\u0101pat p\u0101rbaudes gait\u0101 ieg\u016bt\u0101 inform\u0101cija nesniedza apstiprin\u0101jumu tam, ka darbinieki b\u016btu izsauku\u0161i Valsts policiju (VP).<\/p>\n<p>Secin\u0101ts ar\u012b, ka pa\u0161vald\u012bbas policijas darbinieki atst\u0101ja notikuma vietu notikuma laik\u0101. T\u0101pat ar\u012b darbinieku sniegtajos paskaidrojumos un video materi\u0101los nov\u0113rotas pretrunas, kas rada \u0161aubas par notikum\u0101 iesaist\u012bto personu godpr\u0101t\u012bbu, norad\u012bja pa\u0161vald\u012bb\u0101.<\/p>\n<p>Pa\u0161vald\u012bb\u0101 ar\u012b pau\u017e, ka nav iev\u0113roti iek\u0161\u0113j\u0101s k\u0101rt\u012bbas noteikumi par \u0137erme\u0146a kameru lieto\u0161anu. Saska\u0146\u0101 ar pieejamo inform\u0101ciju atsevi\u0161\u0137\u0101s notikuma epizod\u0113s un br\u012bd\u012b, kad darbinieki kontakt\u0113j\u0101s ar tre\u0161aj\u0101m person\u0101m, kameras bija izsl\u0113gtas. T\u0101pat nav iev\u0113rota video materi\u0101lu lejupiel\u0101\u017eu k\u0101rt\u012bba.<\/p>\n<p>Vienlaikus pieejamie dienesta p\u0101rbaudes materi\u0101li liecina, ka pav\u0113le \u0161aut su\u0146us nav dota.<\/p>\n<p>\u201c\u0145emot v\u0113r\u0101 atkl\u0101tos faktus un nepiecie\u0161am\u012bbu tos pilnv\u0113rt\u012bgi izv\u0113rt\u0113t, komisija ir l\u016bgusi papildu laiku darba turpin\u0101\u0161anai, lai sagatavotu visaptvero\u0161u dienesta p\u0101rbaudes materi\u0101lu nodo\u0161anai VP,\u201d pau\u017e pa\u0161vald\u012bb\u0101.<\/p>\n<p>Bauskas novada pa\u0161vald\u012bbas izpilddirektors Ivars Rom\u0101novs ir uzdevis pa\u0161vald\u012bbas policijas priek\u0161nieka pien\u0101kumu izpild\u012bt\u0101jam Aivaram Vilci\u0146am iepaz\u012bties ar dienesta p\u0101rbaudes starpzi\u0146ojumu un pie\u0146emt l\u0113mumu par darbinieku atbild\u012bbu un atbilst\u012bbu ie\u0146emamajam amatam.<\/p>\n<p>\u201cPa\u0161vald\u012bba l\u012bdz \u0161im ir pa\u013c\u0101vusies uz policijas profesionalit\u0101ti un operat\u012bvo r\u012bc\u012bbu, \u012bpa\u0161i situ\u0101cij\u0101s, kur\u0101s nepiecie\u0161ama \u0101tra l\u0113mumu pie\u0146em\u0161ana. Tom\u0113r \u0161is gad\u012bjums skaidri par\u0101da, ka pat profesion\u0101lu dienestu darb\u012bb\u0101 var rasties situ\u0101cijas, kur\u0101s nepiecie\u0161ama padzi\u013cin\u0101ta izv\u0113rt\u0113\u0161ana un uzlabojumi,\u201d uzsver vietvara.<\/p>\n<p>Pa\u0161vald\u012bbas policijas darba uzlabo\u0161anai nekav\u0113joties tiks p\u0101rskat\u012bti visi iek\u0161\u0113jie normat\u012bvie akti, to atbilst\u012bba likumdo\u0161anai, k\u0101 ar\u012b to iev\u0113ro\u0161anas iek\u0161\u0113j\u0101s kontroles meh\u0101nismi, sola pa\u0161vald\u012bb\u0101. Pl\u0101nots, ka jau \u0161oned\u0113\u013c tiks izdots r\u012bkojums amata konkursa izstr\u0101dei.<\/p>\n<p>Jau zi\u0146ots, ka \u0161ogad 10. oktobr\u012b, p\u0113c pa\u0161vald\u012bb\u0101 skaidrot\u0101, novada pa\u0161vald\u012bbas policija sa\u0146\u0113ma izsaukumu par tr\u012bs agres\u012bvi noska\u0146otiem klai\u0146ojo\u0161iem su\u0146iem, kuri priv\u0101t\u012bpa\u0161um\u0101 Bauskas novada Brunavas pagast\u0101 apdraud\u0113ja saimnieci. Pa\u0161vald\u012bbas policijas de\u017e\u016brda\u013ca sazin\u0101j\u0101s ar \u201cDz\u012bvnieku gl\u0101b\u0161anas dienestu\u201d \u2013 dz\u012bvnieku \u0137\u0113r\u0101jiem, ta\u010du mednieku kolekt\u012bva p\u0101rst\u0101vis esot ieradies pirms dz\u012bvnieku \u0137\u0113r\u0101jiem un su\u0146us no\u0161\u0101vis.<\/p>\n<p>Par notiku\u0161o VP s\u0101kts krimin\u0101lprocess p\u0113c Krimin\u0101llikuma 230. panta 2. da\u013cas par cietsird\u012bgu iztur\u0113\u0161anos pret dz\u012bvniekiem. Par \u0161\u0101du nodar\u012bjumu var sod\u012bt ar br\u012bv\u012bbas at\u0146em\u0161anu uz laiku l\u012bdz pieciem gadiem, \u012bslaic\u012bgu br\u012bv\u012bbas at\u0146em\u0161anu vai prob\u0101cijas uzraudz\u012bbu, at\u0146emot ties\u012bbas uz noteiktu vai visu sugu dz\u012bvnieku tur\u0113\u0161anu uz laiku l\u012bdz pieciem gadiem.<\/p>\n<p>Pa\u0161vald\u012bbas policij\u0101 ir s\u0101ktas divas administrat\u012bv\u0101s lietved\u012bbas \u2013 saist\u012bb\u0101 ar stirnas non\u0101v\u0113\u0161anu, ko izdar\u012bja su\u0146i, k\u0101 ar\u012b par to, ka tika pie\u013cauta dz\u012bvnieku klai\u0146o\u0161ana.<\/p>\n<p>Uz dienesta p\u0101rbaudes laiku pa\u0161vald\u012bbas policijas priek\u0161nieks Gailis tika atst\u0101din\u0101ts no amata pien\u0101kumu pild\u012b\u0161anas.<\/p>\n<p>Vienlaikus Bauskas novada pa\u0161vald\u012bbas policija ir v\u0113rsusies Iek\u0161\u0113j\u0101 dro\u0161\u012bbas biroj\u0101, VP un Iek\u0161lietu ministrijas Inform\u0101cijas centr\u0101 saist\u012bb\u0101 ar datu nopl\u016bdi.<\/p>\n<p>Uz\u0146\u0113m\u0113js Modris Konovalovs, kur\u0161 ir saimniec\u012bbas \u201cModra olas\u201d \u012bpa\u0161nieks, soci\u0101lajos t\u012bklos ir pazi\u0146ojis, ka dz\u012bvnieki pieder\u0113ja vi\u0146am.<\/p>\n<p>T\u0113mas<\/p>\n<p>    SAIST\u012aTIE RAKSTI<\/p>\n","protected":false},"excerpt":{"rendered":"Foto: soci\u0101l\u0101 t\u012bkla \u201cInstagram\u201d ekr\u0101nuz\u0146\u0113mums Saist\u012bb\u0101 ar su\u0146u no\u0161au\u0161anu oktobra s\u0101kum\u0101 Brunavas pagast\u0101 Bauskas novada dome ceturtdien nol\u0113ma&hellip;\n","protected":false},"author":2,"featured_media":19908,"comment_status":"","ping_status":"","sticky":false,"template":"","format":"standard","meta":{"footnotes":""},"categories":[12],"tags":[23,28,29,32,33,22,30,31,35,39,38,36,37,34,40,20,26,27,24,25,21],"class_list":{"0":"post-35327","1":"post","2":"type-post","3":"status-publish","4":"format-standard","5":"has-post-thumbnail","7":"category-latvija","8":"tag-aktualitates","9":"tag-breaking-news","10":"tag-breakingnews","11":"tag-featured-news","12":"tag-featurednews","13":"tag-headlines","14":"tag-latest-news","15":"tag-latestnews","16":"tag-latvia","17":"tag-latvian","18":"tag-latviesu","19":"tag-latviesu-valoda","20":"tag-latviesuvaloda","21":"tag-latvija","22":"tag-lv","23":"tag-news","24":"tag-popularakas-zinas","25":"tag-popularakaszinas","26":"tag-top-stories","27":"tag-topstories","28":"tag-zinas"},"share_on_mastodon":{"url":"https:\/\/pubeurope.com\/@lv\/115463380320709670","error":""},"_links":{"self":[{"href":"https:\/\/www.europesays.com\/lv\/wp-json\/wp\/v2\/posts\/35327","targetHints":{"allow":["GET"]}}],"collection":[{"href":"https:\/\/www.europesays.com\/lv\/wp-json\/wp\/v2\/posts"}],"about":[{"href":"https:\/\/www.europesays.com\/lv\/wp-json\/wp\/v2\/types\/post"}],"author":[{"embeddable":true,"href":"https:\/\/www.europesays.com\/lv\/wp-json\/wp\/v2\/users\/2"}],"replies":[{"embeddable":true,"href":"https:\/\/www.europesays.com\/lv\/wp-json\/wp\/v2\/comments?post=35327"}],"version-history":[{"count":0,"href":"https:\/\/www.europesays.com\/lv\/wp-json\/wp\/v2\/posts\/35327\/revisions"}],"wp:featuredmedia":[{"embeddable":true,"href":"https:\/\/www.europesays.com\/lv\/wp-json\/wp\/v2\/media\/19908"}],"wp:attachment":[{"href":"https:\/\/www.europesays.com\/lv\/wp-json\/wp\/v2\/media?parent=35327"}],"wp:term":[{"taxonomy":"category","embeddable":true,"href":"https:\/\/www.europesays.com\/lv\/wp-json\/wp\/v2\/categories?post=35327"},{"taxonomy":"post_tag","embeddable":true,"href":"https:\/\/www.europesays.com\/lv\/wp-json\/wp\/v2\/tags?post=35327"}],"curies":[{"name":"wp","href":"https:\/\/api.w.org\/{rel}","templated":true}]}}