{"id":35328,"date":"2025-10-30T13:35:07","date_gmt":"2025-10-30T13:35:07","guid":{"rendered":"https:\/\/www.europesays.com\/lv\/35328\/"},"modified":"2025-10-30T13:35:07","modified_gmt":"2025-10-30T13:35:07","slug":"nogalinatas-justines-tevam-un-pamatei-piespriez-bargakus-cietumsodus-2","status":"publish","type":"post","link":"https:\/\/www.europesays.com\/lv\/35328\/","title":{"rendered":"Nogalin\u0101t\u0101s Just\u012bnes t\u0113vam un pam\u0101tei piesprie\u017e barg\u0101kus cietumsodus"},"content":{"rendered":"<p>Abi aps\u016bdz\u0113tie atz\u012bti par vain\u012bgiem cietsird\u012bg\u0101 un vardarb\u012bg\u0101 iztur\u0113\u0161an\u0101s pret mazgad\u012bgo Just\u012bni, k\u0101 ar\u012b atz\u012bti par vain\u012bgiem meiten\u012btes slepkav\u012bb\u0101, kas izdar\u012bta personu grup\u0101, apzinoties, ka mazgad\u012bgais b\u0113rns atrodas bezpal\u012bdz\u012bbas st\u0101vokl\u012b un, ka vi\u0146u vardarb\u012bgo darb\u012bbu rezult\u0101t\u0101, var iest\u0101ties meiten\u012btes n\u0101ve, k\u0101 ar\u012b apzin\u0101ti pie\u013c\u0101va vienaldz\u012bgu attieksmi pret Just\u012bnes n\u0101ves iest\u0101\u0161anos. P\u0113c tam nol\u016bk\u0101 sl\u0113pt izdar\u012bt\u0101 noziedz\u012bg\u0101 nodar\u012bjuma p\u0113das, meitenes l\u012b\u0137is nosl\u0113pts un par vi\u0146as pazu\u0161anu maldin\u0101ta policija.<\/p>\n","protected":false},"excerpt":{"rendered":"Abi aps\u016bdz\u0113tie atz\u012bti par vain\u012bgiem cietsird\u012bg\u0101 un vardarb\u012bg\u0101 iztur\u0113\u0161an\u0101s pret mazgad\u012bgo Just\u012bni, k\u0101 ar\u012b atz\u012bti par vain\u012bgiem meiten\u012btes&hellip;\n","protected":false},"author":2,"featured_media":35280,"comment_status":"","ping_status":"","sticky":false,"template":"","format":"standard","meta":{"footnotes":""},"categories":[5],"tags":[23,28,29,32,33,22,30,31,35,39,38,36,37,34,40,20,26,27,24,25,21],"class_list":{"0":"post-35328","1":"post","2":"type-post","3":"status-publish","4":"format-standard","5":"has-post-thumbnail","7":"category-aktualitates","8":"tag-aktualitates","9":"tag-breaking-news","10":"tag-breakingnews","11":"tag-featured-news","12":"tag-featurednews","13":"tag-headlines","14":"tag-latest-news","15":"tag-latestnews","16":"tag-latvia","17":"tag-latvian","18":"tag-latviesu","19":"tag-latviesu-valoda","20":"tag-latviesuvaloda","21":"tag-latvija","22":"tag-lv","23":"tag-news","24":"tag-popularakas-zinas","25":"tag-popularakaszinas","26":"tag-top-stories","27":"tag-topstories","28":"tag-zinas"},"share_on_mastodon":{"url":"https:\/\/pubeurope.com\/@lv\/115463384200532289","error":""},"_links":{"self":[{"href":"https:\/\/www.europesays.com\/lv\/wp-json\/wp\/v2\/posts\/35328","targetHints":{"allow":["GET"]}}],"collection":[{"href":"https:\/\/www.europesays.com\/lv\/wp-json\/wp\/v2\/posts"}],"about":[{"href":"https:\/\/www.europesays.com\/lv\/wp-json\/wp\/v2\/types\/post"}],"author":[{"embeddable":true,"href":"https:\/\/www.europesays.com\/lv\/wp-json\/wp\/v2\/users\/2"}],"replies":[{"embeddable":true,"href":"https:\/\/www.europesays.com\/lv\/wp-json\/wp\/v2\/comments?post=35328"}],"version-history":[{"count":0,"href":"https:\/\/www.europesays.com\/lv\/wp-json\/wp\/v2\/posts\/35328\/revisions"}],"wp:featuredmedia":[{"embeddable":true,"href":"https:\/\/www.europesays.com\/lv\/wp-json\/wp\/v2\/media\/35280"}],"wp:attachment":[{"href":"https:\/\/www.europesays.com\/lv\/wp-json\/wp\/v2\/media?parent=35328"}],"wp:term":[{"taxonomy":"category","embeddable":true,"href":"https:\/\/www.europesays.com\/lv\/wp-json\/wp\/v2\/categories?post=35328"},{"taxonomy":"post_tag","embeddable":true,"href":"https:\/\/www.europesays.com\/lv\/wp-json\/wp\/v2\/tags?post=35328"}],"curies":[{"name":"wp","href":"https:\/\/api.w.org\/{rel}","templated":true}]}}