{"id":35346,"date":"2025-10-30T13:53:06","date_gmt":"2025-10-30T13:53:06","guid":{"rendered":"https:\/\/www.europesays.com\/lv\/35346\/"},"modified":"2025-10-30T13:53:06","modified_gmt":"2025-10-30T13:53:06","slug":"no-amata-atbrivo-bauskas-novada-pasvaldibas-policijas-prieksnieku","status":"publish","type":"post","link":"https:\/\/www.europesays.com\/lv\/35346\/","title":{"rendered":"No amata atbr\u012bvo Bauskas novada pa\u0161vald\u012bbas policijas priek\u0161nieku"},"content":{"rendered":"<p>                        <img fetchpriority=\"high\" decoding=\"async\" width=\"1024\" height=\"576\" src=\"https:\/\/www.europesays.com\/lv\/wp-content\/uploads\/2025\/10\/ecf3-68efa13b33653-1024x576.jpg\" alt=\"\" class=\"wp-image-1082036\"  \/><\/p>\n<p>Pamatojoties uz komisijas starpzi\u0146ojumu par dienesta p\u0101rbaudi, \u0161odien, 30. oktobr\u012b, ar Bauskas novada domes l\u0113mumu no amata atbr\u012bvots pa\u0161vald\u012bbas policijas priek\u0161nieks Eg\u012bls Gailis, inform\u0113 Bauskas novada pa\u0161vald\u012bba.<\/p>\n<p>Par \u0161o l\u0113mumu un dienesta p\u0101rbaud\u0113 konstat\u0113tajiem faktiem pla\u0161\u0101ka inform\u0101cija tiks sniegta preses konferenc\u0113, kas notiks \u0161odien, 30. oktobr\u012b, plkst. 16 Bauskas novada pa\u0161vald\u012bbas domes s\u0113\u017eu z\u0101l\u0113 Uzvaras iel\u0101 1 Bausk\u0101.<\/p>\n<p>Preses konferencei var\u0113s sekot l\u012bdzi ar\u012b tie\u0161raid\u0113 Bauskas novada pa\u0161vald\u012bbas\u00a0<a href=\"https:\/\/youtube.com\/live\/M_Gu0phVHt0?feature=share\" target=\"_blank\" rel=\"noreferrer noopener nofollow\">YouTube kan\u0101l\u0101<\/a>.<\/p>\n<p>\u201cM\u0113s apzin\u0101mies, ka Brunavas pagast\u0101 notiku\u0161ais ir rad\u012bjis dzi\u013cu emocion\u0101lu rezonansi. V\u0113los uzsv\u0113rt atk\u0101rtoti, ka pa\u0161vald\u012bba nosoda iesaist\u012bto personu nesam\u0113r\u012bgo r\u012bc\u012bbu, su\u0146us no\u0161aujot,\u201d pau\u017e Bauskas novada domes priek\u0161s\u0113d\u0113t\u0101js Aivars Ma\u010deks.<\/p>\n<p>Dienesta izmekl\u0113\u0161anas uzdevums ir noteikt, vai pa\u0161vald\u012bbas policijas darbinieki \u00a0piln\u012bb\u0101 iev\u0113roju\u0161i noteikto r\u012bc\u012bbas algoritmu, k\u0101d\u0101 j\u0101rea\u0123\u0113 uz izsaukumiem par dz\u012bvnieku apdraud\u0113jumu.\u00a0 \u0160is algoritms ir izstr\u0101d\u0101ts, lai nodro\u0161in\u0101tu sabiedr\u012bbas dro\u0161\u012bbu, dz\u012bvnieku aizsardz\u012bbu un skaidru atbild\u012bbas sadal\u012bjumu.<\/p>\n<p>Pa\u0161vald\u012bba skaidro, ka komisija p\u0101rbaud\u0113 v\u0113rt\u0113 un sal\u012bdzina dienesta zi\u0146ojumus, veic kl\u0101tienes intervijas ar notikum\u0101 iesaist\u012btajiem. P\u0101rbaud\u0113 konstat\u0113ts, ka policijas priek\u0161nieks nav pilnv\u0113rt\u012bgi izv\u0113rt\u0113jis notikumu, nav noteicis priorit\u0101tes un atst\u0101jis procesu bez kontroles. Vienlaikus p\u0101rbaudes gait\u0101 ieg\u016bt\u0101 inform\u0101cija nesniedza apstiprin\u0101jumu tam, ka darbinieki b\u016btu izsauku\u0161i Valsts policiju, turkl\u0101t pa\u0161vald\u012bbas policijas darbinieki atst\u0101ja notikuma vietu notikuma laik\u0101. T\u0101pat darbinieku sniegtajos paskaidrojumos un video materi\u0101los nov\u0113rotas pretrunas, kas rada \u0161aubas par\u00a0 notikum\u0101 iesaist\u012bto personu godpr\u0101t\u012bbu.<\/p>\n<p>P\u0101rbaud\u0113 fiks\u0113ts, ka nav iev\u0113roti iek\u0161\u0113j\u0101s k\u0101rt\u012bbas noteikumi par \u0137erme\u0146a kameru lieto\u0161anu: p\u0113c pieejam\u0101s inform\u0101cijas atsevi\u0161\u0137\u0101s notikuma epizod\u0113s un br\u012bd\u012b, kad darbinieki kontakt\u0113j\u0101s ar tre\u0161aj\u0101m person\u0101m, kameras bija izsl\u0113gtas. Nav iev\u0113rota video materi\u0101lu lejupiel\u0101\u017eu k\u0101rt\u012bba. Pieejamie dienesta p\u0101rbaudes materi\u0101li liecina, ka pav\u0113le \u0161aut nav dota.<\/p>\n<p>\u0145emot v\u0113r\u0101 atkl\u0101tos faktus un nepiecie\u0161am\u012bbu tos pilnv\u0113rt\u012bgi izv\u0113rt\u0113t, komisija ir l\u016bgusi papildu laiku darba turpin\u0101\u0161anai, lai sagatavotu visaptvero\u0161u dienesta p\u0101rbaudes materi\u0101lu nodo\u0161anai Valsts policijai.<\/p>\n<p>Bauskas novada pa\u0161vald\u012bbas izpilddirektors Ivars Rom\u0101novs ir uzdevis pa\u0161vald\u012bbas policijas priek\u0161nieka pien\u0101kumu izpild\u012bt\u0101jam Aivaram Vilci\u0146am iepaz\u012bties ar dienesta p\u0101rbaudes starpzi\u0146ojumu un pie\u0146emt l\u0113mumu par darbinieku atbild\u012bbu un atbilst\u012bbu ie\u0146emamajam amatam.<\/p>\n<p>\u201cPa\u0161vald\u012bba l\u012bdz \u0161im ir pa\u013c\u0101vusies uz policijas profesionalit\u0101ti un operat\u012bvo r\u012bc\u012bbu, \u012bpa\u0161i situ\u0101cij\u0101s, kur\u0101s nepiecie\u0161ama \u0101tra l\u0113mumu pie\u0146em\u0161ana. Tom\u0113r \u0161is gad\u012bjums skaidri par\u0101da, ka pat profesion\u0101lu dienestu darb\u012bb\u0101 var rasties situ\u0101cijas, kur\u0101s nepiecie\u0161ama padzi\u013cin\u0101ta izv\u0113rt\u0113\u0161ana un uzlabojumi.<\/p>\n<p>Pa\u0161vald\u012bbas policijas darba uzlabo\u0161anai nekav\u0113joties tiks p\u0101rskat\u012bti visi iek\u0161\u0113jie normat\u012bvie akti, to atbilst\u012bba likumdo\u0161anai, k\u0101 ar\u012b to iev\u0113ro\u0161anas iek\u0161\u0113j\u0101s kontroles meh\u0101nismi,\u201d nor\u0101da pa\u0161vald\u012bba.<\/p>\n<p>Pl\u0101nots, ka r\u012bt, 31. oktobr\u012b, tiks izdots r\u012bkojums amata konkursa izstr\u0101dei. Atbilsto\u0161i Pa\u0161vald\u012bbu likum\u0101 noteiktajam, uz amatpersonas amatu tiek sludin\u0101ts atkl\u0101ts konkurss. Pras\u012bbas un konkursa v\u0113rt\u0113\u0161anas nosac\u012bjumus nosaka izpilddirektors.<\/p>\n<p>\u201eBauskas Dz\u012bve\u201d atg\u0101dina, ka par Pa\u0161vald\u012bbas policijas priek\u0161nieku E. Gailis tika apstiprin\u0101ts 2024. gada j\u016bnij\u0101.<\/p>\n","protected":false},"excerpt":{"rendered":"Pamatojoties uz komisijas starpzi\u0146ojumu par dienesta p\u0101rbaudi, \u0161odien, 30. oktobr\u012b, ar Bauskas novada domes l\u0113mumu no amata atbr\u012bvots&hellip;\n","protected":false},"author":2,"featured_media":35347,"comment_status":"","ping_status":"","sticky":false,"template":"","format":"standard","meta":{"footnotes":""},"categories":[5],"tags":[23,28,29,32,33,22,30,31,35,39,38,36,37,34,40,20,26,27,24,25,21],"class_list":{"0":"post-35346","1":"post","2":"type-post","3":"status-publish","4":"format-standard","5":"has-post-thumbnail","7":"category-aktualitates","8":"tag-aktualitates","9":"tag-breaking-news","10":"tag-breakingnews","11":"tag-featured-news","12":"tag-featurednews","13":"tag-headlines","14":"tag-latest-news","15":"tag-latestnews","16":"tag-latvia","17":"tag-latvian","18":"tag-latviesu","19":"tag-latviesu-valoda","20":"tag-latviesuvaloda","21":"tag-latvija","22":"tag-lv","23":"tag-news","24":"tag-popularakas-zinas","25":"tag-popularakaszinas","26":"tag-top-stories","27":"tag-topstories","28":"tag-zinas"},"share_on_mastodon":{"url":"https:\/\/pubeurope.com\/@lv\/115463454964983534","error":""},"_links":{"self":[{"href":"https:\/\/www.europesays.com\/lv\/wp-json\/wp\/v2\/posts\/35346","targetHints":{"allow":["GET"]}}],"collection":[{"href":"https:\/\/www.europesays.com\/lv\/wp-json\/wp\/v2\/posts"}],"about":[{"href":"https:\/\/www.europesays.com\/lv\/wp-json\/wp\/v2\/types\/post"}],"author":[{"embeddable":true,"href":"https:\/\/www.europesays.com\/lv\/wp-json\/wp\/v2\/users\/2"}],"replies":[{"embeddable":true,"href":"https:\/\/www.europesays.com\/lv\/wp-json\/wp\/v2\/comments?post=35346"}],"version-history":[{"count":0,"href":"https:\/\/www.europesays.com\/lv\/wp-json\/wp\/v2\/posts\/35346\/revisions"}],"wp:featuredmedia":[{"embeddable":true,"href":"https:\/\/www.europesays.com\/lv\/wp-json\/wp\/v2\/media\/35347"}],"wp:attachment":[{"href":"https:\/\/www.europesays.com\/lv\/wp-json\/wp\/v2\/media?parent=35346"}],"wp:term":[{"taxonomy":"category","embeddable":true,"href":"https:\/\/www.europesays.com\/lv\/wp-json\/wp\/v2\/categories?post=35346"},{"taxonomy":"post_tag","embeddable":true,"href":"https:\/\/www.europesays.com\/lv\/wp-json\/wp\/v2\/tags?post=35346"}],"curies":[{"name":"wp","href":"https:\/\/api.w.org\/{rel}","templated":true}]}}