{"id":35352,"date":"2025-10-30T13:58:08","date_gmt":"2025-10-30T13:58:08","guid":{"rendered":"https:\/\/www.europesays.com\/lv\/35352\/"},"modified":"2025-10-30T13:58:08","modified_gmt":"2025-10-30T13:58:08","slug":"musu-merkis-ir-panakt-lai-katra-no-jaunajam-strukturvienibam-klutu-par-dzivu-kopienas-centru","status":"publish","type":"post","link":"https:\/\/www.europesays.com\/lv\/35352\/","title":{"rendered":"M\u016bsu m\u0113r\u0137is ir pan\u0101kt, lai katra no jaunaj\u0101m strukt\u016brvien\u012bb\u0101m k\u013c\u016btu par dz\u012bvu kopienas centru"},"content":{"rendered":"<p>\t\t        \t<a href=\"https:\/\/www.daugavpils.lv\/assets\/upload\/news\/2025\/10\/atrda-2-001_max.jpeg\" rel=\"nofollow noopener\" target=\"_blank\"><img decoding=\"async\" src=\"https:\/\/www.europesays.com\/lv\/wp-content\/uploads\/2025\/10\/atrda-2-001_sml.jpeg\" class=\"news-image\" title=\"Astr\u012bda Le\u0161\u010dinska: M\u016bsu m\u0113r\u0137is ir pan\u0101kt, lai katra no jaunaj\u0101m strukt\u016brvien\u012bb\u0101m k\u013c\u016btu par dz\u012bvu kopienas centru\" alt=\"Astr\u012bda Le\u0161\u010dinska: M\u016bsu m\u0113r\u0137is ir pan\u0101kt, lai katra no jaunaj\u0101m strukt\u016brvien\u012bb\u0101m k\u013c\u016btu par dz\u012bvu kopienas centru\"\/><\/a><\/p>\n<p style=\"text-align: justify;\">No 2026. gada 1. janv\u0101ra \u201cDaugavpils Kult\u016bras pils\u201d sast\u0101v\u0101 tiks izveidots un darbosies Nacion\u0101lo kult\u016bru centrs, apvienojot vair\u0101kas \u201cVien\u012bbas nama\u201d strukt\u016brvien\u012bbas, k\u0101 ar\u012b att\u012bst\u012btas tr\u012bs jaunas kult\u016brtelpas Jaunb\u016bves, Gr\u012bvas un For\u0161tates apkaim\u0113s.<\/p>\n<p>&#13;<\/p>\n<p style=\"text-align: justify;\">L\u0113mumu par struktur\u0101l\u0101m reform\u0101m kult\u016bras jom\u0101 deput\u0101ti pie\u0146\u0113ma 30. oktobra Daugavpils valstspils\u0113tas pa\u0161vald\u012bbas domes s\u0113d\u0113. \u0160\u012bs p\u0101rmai\u0146as ir da\u013ca no pa\u0161vald\u012bbas strat\u0113\u0123ijas, kas v\u0113rsta uz kult\u016bras pieejam\u012bbas papla\u0161in\u0101\u0161anu, sabiedr\u012bbas salied\u0113t\u012bbu un administrat\u012bvo procesu efektiviz\u0113\u0161anu.<\/p>\n<p>&#13;<\/p>\n<p style=\"text-align: justify;\">Nacion\u0101lo kult\u016bru centra galvenais uzdevums ir veicin\u0101t etnisk\u0101s pa\u0161apzi\u0146as izkop\u0161anu, m\u0101ksliniecisko jaunradi un starpkult\u016bru dialogu. Savuk\u0101rt jaunizveidot\u0101s kult\u016brtelpas kalpos k\u0101 viet\u0113j\u0101s kopienas iniciat\u012bvu un sadarb\u012bbas platformas, stiprinot kult\u016bras dz\u012bvi pils\u0113tas mikrorajonos. Daugavpils Kult\u016bras pils vad\u012bt\u0101ja Astr\u012bda Le\u0161\u010dinska uzsver: \u0160\u012b reforma ir noz\u012bm\u012bgs solis Daugavpils kult\u016brtelpas att\u012bst\u012bb\u0101 \u2013 ce\u013c\u0101 uz pils\u0113tu, kur m\u0101ksla un v\u0113sture nav tikai pag\u0101tnes liec\u012bba, bet dz\u012bva tagadne, kas veido m\u016bsu kop\u012bgo n\u0101kotni.<\/p>\n<p>&#13;<\/p>\n<p style=\"text-align: justify;\">Daugavpils Kult\u016bras pils vad\u012bt\u0101ja Astr\u012bda Le\u0161\u010dinska nor\u0101da: \u201eMaz\u0101kumtaut\u012bbu centra izveide un kult\u016brtelpu att\u012bst\u012bba Jaunb\u016bv\u0113, Gr\u012bv\u0101 un For\u0161tat\u0113 iez\u012bm\u0113 jaunu posmu Daugavpils Kult\u016bras pils darb\u012bb\u0101. \u0160\u012bs p\u0101rmai\u0146as stiprina iest\u0101des noz\u012bmi k\u0101 platformai, kas veicin\u0101s maz\u0101kumtaut\u012bbu etnisk\u0101s pa\u0161apzi\u0146as izkop\u0161anu, m\u0101ksliniecisko jaunradi un starpkult\u016bru dialogu. M\u016bsu m\u0113r\u0137is ir pan\u0101kt, lai katra no jaunaj\u0101m strukt\u016brvien\u012bb\u0101m k\u013c\u016btu par dz\u012bvu kopienas centru \u2013 vietu, kur satikties, sadarboties un kop\u0101 veidot saturiski bag\u0101tu un iek\u013caujo\u0161u kult\u016bras vidi. T\u0101 ir iesp\u0113ja stiprin\u0101t sabiedr\u012bbas salied\u0113t\u012bbu, veicin\u0101t pieder\u012bbas saj\u016btu Latvijai un vienlaikus saglab\u0101t katras tautas kult\u016bras mantojumu. \u0160ie so\u013ci ir b\u016btiski iest\u0101des t\u0101l\u0101kai att\u012bst\u012bbai, jo tie \u013cauj Daugavpils Kult\u016bras pilij papla\u0161in\u0101t savu darb\u012bbu pils\u0113tas apkaim\u0113s, sasniedzot pla\u0161\u0101ku iedz\u012bvot\u0101ju loku un veidojot kop\u012bgu, daudzveid\u012bgu un atv\u0113rtu kult\u016bras telpu vis\u0101 Daugavpil\u012b. Kop\u0101 m\u0113s veidosim Daugavpili k\u0101 pils\u0113tu, kur kult\u016bra ir ikdienas da\u013ca, nevis sv\u0113tku iz\u0146\u0113mums.\u201d<\/p>\n<p>&#13;<\/p>\n<p style=\"text-align: justify;\">Apkaimju kult\u016brtelp\u0101s pl\u0101notas da\u017e\u0101das aktivit\u0101tes \u2013 m\u0113\u0123in\u0101jumi, rado\u0161ie vakari, izst\u0101des, trad\u012bciju meistarklases un citi pas\u0101kumi, kas veicin\u0101s kult\u016bras daudzveid\u012bbas izzin\u0101\u0161anu un iedz\u012bvot\u0101ju akt\u012bvu l\u012bdzdal\u012bbu. \u0160\u012bs iniciat\u012bvas sniegs iesp\u0113ju maz\u0101kumtaut\u012bbu kopien\u0101m dal\u012bties sav\u0101 kult\u016bras mantojum\u0101, vienlaikus veidojot atv\u0113rtu un iek\u013caujo\u0161u vidi visiem Daugavpils iedz\u012bvot\u0101jiem.<\/p>\n<p>&#13;<\/p>\n<p style=\"text-align: justify;\">Vair\u0101k inform\u0101cijas par struktur\u0101laj\u0101m reform\u0101m Daugavpils valstspils\u0113tas pa\u0161vald\u012bb\u0101 <a href=\"https:\/\/www.daugavpils.lv\/pasvaldiba\/aktualitates\/zinas\/daugavpils-pasvaldiba-veic-strukturalas-reformas-nodrosinot-administrativo-procesu-centralizaciju-un-maksimalu-izdevumu-efektivitati\" rel=\"nofollow noopener\" target=\"_blank\">pieejams TE<\/a>.<\/p>\n<p>&#13;<\/p>\n<p style=\"text-align: justify;\">\u00a0<\/p>\n<p>&#13;<\/p>\n<p style=\"text-align: justify;\">\u00a0<\/p>\n<p>&#13;<\/p>\n<p style=\"text-align: justify;\">Inform\u0101ciju sagatavoja<br \/>Daugavpils valstspils\u0113tas pa\u0161vald\u012bbas<br \/>Sabiedrisko attiec\u012bbu noda\u013ca<\/p>\n","protected":false},"excerpt":{"rendered":"No 2026. gada 1. janv\u0101ra \u201cDaugavpils Kult\u016bras pils\u201d sast\u0101v\u0101 tiks izveidots un darbosies Nacion\u0101lo kult\u016bru centrs, apvienojot vair\u0101kas&hellip;\n","protected":false},"author":2,"featured_media":35353,"comment_status":"","ping_status":"","sticky":false,"template":"","format":"standard","meta":{"footnotes":""},"categories":[12],"tags":[23,10397,28,29,32,33,22,10398,30,31,35,39,38,36,37,34,40,20,26,27,24,25,21],"class_list":{"0":"post-35352","1":"post","2":"type-post","3":"status-publish","4":"format-standard","5":"has-post-thumbnail","7":"category-latvija","8":"tag-aktualitates","9":"tag-astrida-lescinska-musu-merkis-ir-panakt","10":"tag-breaking-news","11":"tag-breakingnews","12":"tag-featured-news","13":"tag-featurednews","14":"tag-headlines","15":"tag-lai-katra-no-jaunajam-strukturvienibam-klutu-par-dzivu-kopienas-centru","16":"tag-latest-news","17":"tag-latestnews","18":"tag-latvia","19":"tag-latvian","20":"tag-latviesu","21":"tag-latviesu-valoda","22":"tag-latviesuvaloda","23":"tag-latvija","24":"tag-lv","25":"tag-news","26":"tag-popularakas-zinas","27":"tag-popularakaszinas","28":"tag-top-stories","29":"tag-topstories","30":"tag-zinas"},"share_on_mastodon":{"url":"https:\/\/pubeurope.com\/@lv\/115463474773696608","error":""},"_links":{"self":[{"href":"https:\/\/www.europesays.com\/lv\/wp-json\/wp\/v2\/posts\/35352","targetHints":{"allow":["GET"]}}],"collection":[{"href":"https:\/\/www.europesays.com\/lv\/wp-json\/wp\/v2\/posts"}],"about":[{"href":"https:\/\/www.europesays.com\/lv\/wp-json\/wp\/v2\/types\/post"}],"author":[{"embeddable":true,"href":"https:\/\/www.europesays.com\/lv\/wp-json\/wp\/v2\/users\/2"}],"replies":[{"embeddable":true,"href":"https:\/\/www.europesays.com\/lv\/wp-json\/wp\/v2\/comments?post=35352"}],"version-history":[{"count":0,"href":"https:\/\/www.europesays.com\/lv\/wp-json\/wp\/v2\/posts\/35352\/revisions"}],"wp:featuredmedia":[{"embeddable":true,"href":"https:\/\/www.europesays.com\/lv\/wp-json\/wp\/v2\/media\/35353"}],"wp:attachment":[{"href":"https:\/\/www.europesays.com\/lv\/wp-json\/wp\/v2\/media?parent=35352"}],"wp:term":[{"taxonomy":"category","embeddable":true,"href":"https:\/\/www.europesays.com\/lv\/wp-json\/wp\/v2\/categories?post=35352"},{"taxonomy":"post_tag","embeddable":true,"href":"https:\/\/www.europesays.com\/lv\/wp-json\/wp\/v2\/tags?post=35352"}],"curies":[{"name":"wp","href":"https:\/\/api.w.org\/{rel}","templated":true}]}}