{"id":35354,"date":"2025-10-30T13:59:17","date_gmt":"2025-10-30T13:59:17","guid":{"rendered":"https:\/\/www.europesays.com\/lv\/35354\/"},"modified":"2025-10-30T13:59:17","modified_gmt":"2025-10-30T13:59:17","slug":"latvijas-un-danijas-aizsardzibas-ministri-adazu-baze-paraksta-vestuli-apnemoties-kopa-stiprinat-drosibu","status":"publish","type":"post","link":"https:\/\/www.europesays.com\/lv\/35354\/","title":{"rendered":"Latvijas un D\u0101nijas aizsardz\u012bbas ministri \u0100da\u017eu b\u0101z\u0113 paraksta v\u0113stuli, ap\u0146emoties kop\u0101 stiprin\u0101t dro\u0161\u012bbu"},"content":{"rendered":"<blockquote class=\"skaties-quote\">\n<p>Andris Spr\u016bds<\/p>\n<p>Aizsardz\u012bbas ministrs (\u201cProgres\u012bvie\u201d)<\/p>\n<p><img loading=\"lazy\" decoding=\"async\" class=\"quote-author-image\" src=\"https:\/\/www.europesays.com\/lv\/wp-content\/uploads\/2025\/10\/fc87-673788f0e45c0.jpg\" alt=\"Andris Spr\u016bds\" width=\"50\" height=\"50\"\/><\/p>\n<p>\u201cLatviju un D\u0101niju vieno cie\u0161a partner\u012bba, kop\u012bgi NATO pien\u0101kumi un vienota izpratne par dro\u0161\u012bbas izaicin\u0101jumiem. \u0160odien parakst\u012bt\u0101 nodomu v\u0113stule nostiprina m\u016bsu ap\u0146\u0113m\u012bbu kop\u012bgi stiprin\u0101t dro\u0161\u012bbu ne vien Latvij\u0101, bet vis\u0101 Baltij\u0101 un ieguld\u012bt aizsardz\u012bbas inov\u0101cij\u0101s, kas ir b\u016btiskas n\u0101kotnes milit\u0101rajai notur\u012bbai.\u201d<\/p>\n<\/blockquote>\n<p>Viz\u012btes laik\u0101 abi ministri piedal\u012bj\u0101s ar\u012b D\u0101nijas\u2013Latvijas Aizsardz\u012bbas industrijas dien\u0101, kur\u0101 pulc\u0113j\u0101s abu valstu uz\u0146\u0113mumi un aizsardz\u012bbas industrijas p\u0101rst\u0101vji.<\/p>\n<blockquote class=\"twitter-tweet\" data-width=\"550\" data-dnt=\"true\">\n<p lang=\"en\" dir=\"ltr\">\ud83c\uddf1\ud83c\uddfb\ud83e\udd1d\ud83c\udde9\ud83c\uddf0 Together with Denmark, we strengthen the foundation of our shared defence \u2013 through industry, state, and military cooperation.\u00a0<\/p>\n<p>A Letter of Intent on Enhanced Defence Cooperation between Denmark and Latvia was signed with the Danish Minister of Defence, <a href=\"https:\/\/twitter.com\/troelslundp?ref_src=twsrc%5Etfw\" rel=\"nofollow noopener\" target=\"_blank\">@troelslundp<\/a>\u2026 <a href=\"https:\/\/t.co\/t5NnoAnyPl\" rel=\"nofollow\">pic.twitter.com\/t5NnoAnyPl<\/a><\/p>\n<p>\u2014 Andris Spruds (@AndrisSpruds) <a href=\"https:\/\/twitter.com\/AndrisSpruds\/status\/1983491417885352003?ref_src=twsrc%5Etfw\" rel=\"nofollow noopener\" target=\"_blank\">October 29, 2025<\/a><\/p>\n<\/blockquote>\n<p>Pas\u0101kuma laik\u0101 tika parakst\u012bts sapra\u0161an\u0101s memorands starp Latvijas uz\u0146\u0113mumu \u201cEdge Autonomy\u201d un D\u0101nijas uz\u0146\u0113mumu \u201cUXV Technologies\u201d, kas paredz vad\u012bbas staciju integr\u0101ciju Latvij\u0101 ra\u017eotajiem droniem. \u0160\u012b partner\u012bba apliecina abu valstu ap\u0146\u0113m\u012bbu att\u012bst\u012bt aizsardz\u012bbas industriju un veicin\u0101t jaunu tehnolo\u0123isku risin\u0101jumu izstr\u0101di.<\/p>\n<p>Latvija un D\u0101nija ir strat\u0113\u0123iskie partneri aizsardz\u012bbas industrijas jom\u0101. Karalisko bru\u0146oto sp\u0113ku bataljons ir NATO daudznacion\u0101l\u0101s brig\u0101des \u201cZieme\u013ci\u201d sast\u0101v\u0101, sniedzot ieguld\u012bjumu NATO austrumu flanga aizsardz\u012bb\u0101. D\u0101nija ir ar\u012b Latvijas inici\u0113t\u0101s Dronu koal\u012bcijas dal\u012bbvalsts.<\/p>\n<p class=\"ad-desc ad-desc-main\">Saturs turpin\u0101s p\u0113c rekl\u0101mas<\/p>\n<p class=\"ad-desc ad-desc-sec\">Rekl\u0101ma<\/p>\n<p>T\u0101pat Latvija un D\u0101nija \u0161aj\u0101 ned\u0113\u013c\u0101 stiprin\u0101ja abu valstu aizsardz\u012bbas industrijas un nozares sadarb\u012bbu \u201cLatvijas-D\u0101nijas Aizsardz\u012bbas industriju dien\u0101s\u201d, pulc\u0113jot vair\u0101k nek\u0101 170 uz\u0146\u0113mumu un organiz\u0101ciju p\u0101rst\u0101vju, k\u0101 ar\u012b amatpersonu.<\/p>\n<p class=\"tv3-fw-500\">Zi\u0146o par k\u013c\u016bdu rakst\u0101<\/p>\n<p class=\"d-md-block d-none\">Iez\u012bm\u0113 k\u013c\u016bdaino tekstu un spied Ctrl+Enter.<\/p>\n<p class=\"d-md-none d-block\">Iez\u012bm\u0113 k\u013c\u016bdaino tekstu un zi\u0146o par to!<\/p>\n<p>                <script async src=\"https:\/\/platform.twitter.com\/widgets.js\" charset=\"utf-8\"><\/script><\/p>\n","protected":false},"excerpt":{"rendered":"Andris Spr\u016bds Aizsardz\u012bbas ministrs (\u201cProgres\u012bvie\u201d) \u201cLatviju un D\u0101niju vieno cie\u0161a partner\u012bba, kop\u012bgi NATO pien\u0101kumi un vienota izpratne par&hellip;\n","protected":false},"author":2,"featured_media":35355,"comment_status":"","ping_status":"","sticky":false,"template":"","format":"standard","meta":{"footnotes":""},"categories":[5],"tags":[10399,23,28,29,32,33,22,30,31,35,39,38,36,37,34,40,20,26,27,24,25,21],"class_list":{"0":"post-35354","1":"post","2":"type-post","3":"status-publish","4":"format-standard","5":"has-post-thumbnail","7":"category-aktualitates","8":"tag-adazu-militara-bazeaizsardzibas-ministrijaandris-sprudsdanijamilitara-industrijanato-austrumu-robeza","9":"tag-aktualitates","10":"tag-breaking-news","11":"tag-breakingnews","12":"tag-featured-news","13":"tag-featurednews","14":"tag-headlines","15":"tag-latest-news","16":"tag-latestnews","17":"tag-latvia","18":"tag-latvian","19":"tag-latviesu","20":"tag-latviesu-valoda","21":"tag-latviesuvaloda","22":"tag-latvija","23":"tag-lv","24":"tag-news","25":"tag-popularakas-zinas","26":"tag-popularakaszinas","27":"tag-top-stories","28":"tag-topstories","29":"tag-zinas"},"share_on_mastodon":{"url":"https:\/\/pubeurope.com\/@lv\/115463478619120893","error":""},"_links":{"self":[{"href":"https:\/\/www.europesays.com\/lv\/wp-json\/wp\/v2\/posts\/35354","targetHints":{"allow":["GET"]}}],"collection":[{"href":"https:\/\/www.europesays.com\/lv\/wp-json\/wp\/v2\/posts"}],"about":[{"href":"https:\/\/www.europesays.com\/lv\/wp-json\/wp\/v2\/types\/post"}],"author":[{"embeddable":true,"href":"https:\/\/www.europesays.com\/lv\/wp-json\/wp\/v2\/users\/2"}],"replies":[{"embeddable":true,"href":"https:\/\/www.europesays.com\/lv\/wp-json\/wp\/v2\/comments?post=35354"}],"version-history":[{"count":0,"href":"https:\/\/www.europesays.com\/lv\/wp-json\/wp\/v2\/posts\/35354\/revisions"}],"wp:featuredmedia":[{"embeddable":true,"href":"https:\/\/www.europesays.com\/lv\/wp-json\/wp\/v2\/media\/35355"}],"wp:attachment":[{"href":"https:\/\/www.europesays.com\/lv\/wp-json\/wp\/v2\/media?parent=35354"}],"wp:term":[{"taxonomy":"category","embeddable":true,"href":"https:\/\/www.europesays.com\/lv\/wp-json\/wp\/v2\/categories?post=35354"},{"taxonomy":"post_tag","embeddable":true,"href":"https:\/\/www.europesays.com\/lv\/wp-json\/wp\/v2\/tags?post=35354"}],"curies":[{"name":"wp","href":"https:\/\/api.w.org\/{rel}","templated":true}]}}