{"id":35365,"date":"2025-10-30T14:32:11","date_gmt":"2025-10-30T14:32:11","guid":{"rendered":"https:\/\/www.europesays.com\/lv\/35365\/"},"modified":"2025-10-30T14:32:11","modified_gmt":"2025-10-30T14:32:11","slug":"daudzsolosais-hokeja-talants-smits-novembri-varetu-debitet-latvijas-izlase","status":"publish","type":"post","link":"https:\/\/www.europesays.com\/lv\/35365\/","title":{"rendered":"Daudzsolo\u0161ais hokeja talants \u0160mits novembr\u012b var\u0113tu debit\u0113t Latvijas izlas\u0113"},"content":{"rendered":"<p>V\u0101cijas kauss jeb &#8220;Deutschland Cup&#8221; risin\u0101sies no 6. l\u012bdz 9. novembrim Landsh\u016bt\u0113.<\/p>\n<p>Latvijas izlase \u0161aj\u0101 p\u0101rbaudes turn\u012br\u0101 sp\u0113kosies ar V\u0101cijas, Austrijas un Slov\u0101kijas valstsvien\u012bb\u0101m.<\/p>\n<p>Valstsvien\u012bbas \u0123ener\u0101lmened\u017eeris R\u016bdolfs Kalv\u012btis port\u0101lam &#8220;Sportacentrs.com&#8221; atkl\u0101ja, ka komandai savainojuma d\u0113\u013c nevar\u0113s pievienoties 30 gadus vecais aizsargs <a href=\"https:\/\/sports.tvnet.lv\/term\/808766\/roberts-mamcics\" class=\"topicLink\" target=\"_blank\" rel=\"nofollow noopener\">Roberts Mam\u010dics<\/a>.<\/p>\n<p>Vi\u0146a viet\u0101 uz p\u0101rbaudes turn\u012bru V\u0101cij\u0101 brauks 17 gadus vecais <a href=\"https:\/\/sports.tvnet.lv\/term\/808546\/alberts-smits\" class=\"topicLink\" target=\"_blank\" rel=\"nofollow noopener\">Alberts \u0160mits<\/a>, kuram n\u0101kam\u0101 gada Nacion\u0101l\u0101s hokeja l\u012bgas (NHL) jauno sp\u0113l\u0113t\u0101ju draft\u0101 tiek prognoz\u0113ta vieta pirmaj\u0101 k\u0101rt\u0101.<\/p>\n<p>Mam\u010dics \u0161osezon Karlovi Varu &#8220;Energie&#8221; komand\u0101 \u010cehijas ekstral\u012bg\u0101 18 ma\u010dos sakr\u0101jis tr\u012bs rezultat\u012bvas piesp\u0113les (0+3).<\/p>\n<p>\u0160mits \u0161osezon Somijas augst\u0101kaj\u0101 l\u012bg\u0101 Mikeli &#8220;Jukurit&#8221; komand\u0101 17 ma\u010dos sakr\u0101jis septi\u0146us rezultativit\u0101tes punktus (4+3).<\/p>\n<p>Jau v\u0113st\u012bts, ka savainot\u0101 v\u0101rtsarga Kristera Gud\u013cevska viet\u0101 Latvijas izlasi V\u0101cijas kaus\u0101 p\u0101rst\u0101v\u0113s Ivars Punnenovs.<\/p>\n<p>Latvijas izlases sast\u0101vs turn\u012bram tiks pazi\u0146ots 31. oktobr\u012b.<\/p>\n<p>Sportacentrs.com iepriek\u0161 v\u0113st\u012bja, ka Latvijas izlases v\u0101rtsargu sast\u0101v\u0101 b\u016bs ar\u012b Somij\u0101 sp\u0113l\u0113jo\u0161ais Gustavs Grigals un Slov\u0101kij\u0101 sezonu aizvado\u0161ais \u0112riks V\u012btols.<\/p>\n<p>Latvijas izlasei paredz\u0113ta dal\u012bba febru\u0101r\u012b gaid\u0101maj\u0101s Mil\u0101nas\u2013Kort\u012bnas ziemas olimpiskaj\u0101s sp\u0113l\u0113s, kur grupu turn\u012br\u0101 b\u016bs j\u0101sp\u0113kojas ar ASV, V\u0101ciju un D\u0101niju.<\/p>\n","protected":false},"excerpt":{"rendered":"V\u0101cijas kauss jeb &#8220;Deutschland Cup&#8221; risin\u0101sies no 6. l\u012bdz 9. novembrim Landsh\u016bt\u0113. Latvijas izlase \u0161aj\u0101 p\u0101rbaudes turn\u012br\u0101 sp\u0113kosies&hellip;\n","protected":false},"author":2,"featured_media":35366,"comment_status":"","ping_status":"","sticky":false,"template":"","format":"standard","meta":{"footnotes":""},"categories":[17],"tags":[4684,836,838,394,721,35,39,38,36,37,34,1532,40,10402,67],"class_list":{"0":"post-35365","1":"post","2":"type-post","3":"status-publish","4":"format-standard","5":"has-post-thumbnail","7":"category-sports","8":"tag-alberts-smits","9":"tag-hokeja-jaunumi","10":"tag-hokejisti-arzemes","11":"tag-hokejs","12":"tag-hokejs-pasaule","13":"tag-latvia","14":"tag-latvian","15":"tag-latviesu","16":"tag-latviesu-valoda","17":"tag-latviesuvaloda","18":"tag-latvija","19":"tag-latvijas-hokeja-izlase","20":"tag-lv","21":"tag-roberts-mamcics","22":"tag-sports"},"share_on_mastodon":{"url":"https:\/\/pubeurope.com\/@lv\/115463608347057131","error":""},"_links":{"self":[{"href":"https:\/\/www.europesays.com\/lv\/wp-json\/wp\/v2\/posts\/35365","targetHints":{"allow":["GET"]}}],"collection":[{"href":"https:\/\/www.europesays.com\/lv\/wp-json\/wp\/v2\/posts"}],"about":[{"href":"https:\/\/www.europesays.com\/lv\/wp-json\/wp\/v2\/types\/post"}],"author":[{"embeddable":true,"href":"https:\/\/www.europesays.com\/lv\/wp-json\/wp\/v2\/users\/2"}],"replies":[{"embeddable":true,"href":"https:\/\/www.europesays.com\/lv\/wp-json\/wp\/v2\/comments?post=35365"}],"version-history":[{"count":0,"href":"https:\/\/www.europesays.com\/lv\/wp-json\/wp\/v2\/posts\/35365\/revisions"}],"wp:featuredmedia":[{"embeddable":true,"href":"https:\/\/www.europesays.com\/lv\/wp-json\/wp\/v2\/media\/35366"}],"wp:attachment":[{"href":"https:\/\/www.europesays.com\/lv\/wp-json\/wp\/v2\/media?parent=35365"}],"wp:term":[{"taxonomy":"category","embeddable":true,"href":"https:\/\/www.europesays.com\/lv\/wp-json\/wp\/v2\/categories?post=35365"},{"taxonomy":"post_tag","embeddable":true,"href":"https:\/\/www.europesays.com\/lv\/wp-json\/wp\/v2\/tags?post=35365"}],"curies":[{"name":"wp","href":"https:\/\/api.w.org\/{rel}","templated":true}]}}