{"id":35373,"date":"2025-10-30T14:40:20","date_gmt":"2025-10-30T14:40:20","guid":{"rendered":"https:\/\/www.europesays.com\/lv\/35373\/"},"modified":"2025-10-30T14:40:20","modified_gmt":"2025-10-30T14:40:20","slug":"arabu-kaujinieku-grupa-rsf-sariko-slaktinu-dzemdibu-nama-sudana-nogalinati-vairak-neka-460-cilveku","status":"publish","type":"post","link":"https:\/\/www.europesays.com\/lv\/35373\/","title":{"rendered":"Ar\u0101bu kaujinieku grupa RSF sar\u012bko slakti\u0146u dzemd\u012bbu nam\u0101 Sud\u0101n\u0101 \u2014 nogalin\u0101ti vair\u0101k nek\u0101 460 cilv\u0113ku"},"content":{"rendered":"<p class=\"lead\">\n                                Pasaules Vesel\u012bbas organiz\u0101cijas (PVO) \u0123ener\u0101ldirektors Tedross Adhanoms Gebreiesuss tre\u0161dien pauda satraukumu par zi\u0146\u0101m, ka Sud\u0101n\u0101 Fa\u0161iras pils\u0113t\u0101, p\u0113c tam kad to bija ie\u0146\u0113mu\u0161i kaujinieki, dzemd\u012bbu nam\u0101 nogalin\u0101ti vair\u0101k nek\u0101 460 cilv\u0113ku.\n                            <\/p>\n<p style=\"margin-left:0px;\">&#8220;Visi pacienti, vesel\u012bbas apr\u016bpes person\u0101ls un vesel\u012bbas apr\u016bpes iest\u0101des ir j\u0101aizsarg\u0101 saska\u0146\u0101 ar starptautiskaj\u0101m humanit\u0101raj\u0101m ties\u012bb\u0101m,&#8221; tre\u0161dien platform\u0101 &#8220;X&#8221; pauda Tedross.<\/p>\n<p style=\"margin-left:0px;\">Ned\u0113\u013cas nogal\u0113 Darf\u016bras re\u0123iona pils\u0113tu ie\u0146\u0113ma \u0100tr\u0101 atbalsta sp\u0113ku (RSF) kaujinieki.<\/p>\n<p style=\"margin-left:0px;\">Saska\u0146\u0101 ar Sud\u0101nas \u0100rstu t\u012bkla datiem, m\u0113\u0123inot b\u0113gt, nogalin\u0101ti vismaz 1500 neapbru\u0146otu civiliedz\u012bvot\u0101ju.<\/p>\n<p style=\"margin-left:0px;\">Ir videoieraksti, kuros redzami desmitiem neapbru\u0146otu v\u012brie\u0161u, kas no\u0161auti.<\/p>\n<p style=\"margin-left:0px;\">\u0100rsti aps\u016bdz RSF valsts iedz\u012bvot\u0101ju, kas nav ar\u0101bi, genoc\u012bd\u0101.<\/p>\n<p style=\"margin-left:0px;\">Kop\u0161 2023. gada apr\u012b\u013ca Austrum\u0101frikas valst\u012b notiek asi\u0146aina c\u012b\u0146a par varu starp &#8220;de facto&#8221; valdnieku Abdelfatahu al Burhanu un vi\u0146a biju\u0161o vietnieku Mohammedu Hamdanu Daglo, kas vada RSF.<\/p>\n<p style=\"margin-left:0px;\">Fa\u0161ir\u0101, ko RSF bija aplenku\u0161i vair\u0101k nek\u0101 500 dienu, ir aptuveni 300 000 civiliedz\u012bvot\u0101ju.<\/p>\n<p style=\"margin-left:0px;\">Eksperti ir kritiz\u0113 Rietumu vald\u012bbas, ka t\u0101s nepiem\u0113ro sankcijas valst\u012bm, kas atbalsta nemiernieku kaujiniekus, ar\u012b Apvienotajiem Ar\u0101bu Emir\u0101tiem (AAE).<\/p>\n<p style=\"margin-left:0px;\">AAE noliedz jebk\u0101du iejauk\u0161anos konflikt\u0101.<\/p>\n<p style=\"margin-left:0px;\">Tiesa, laikraksts &#8220;Wall Street Journal&#8221;, atsaucoties uz ASV izl\u016bko\u0161anas avotiem, zi\u0146oja, ka AAE pieg\u0101d\u0101 iero\u010dus RSF.<\/p>\n<p class=\"paragraph-muted\">Izv\u0113lies savu soct\u012bklu platformu, lai sekotu LASI.LV: <a href=\"https:\/\/www.facebook.com\/portals.lasi.lv\" target=\"_blank\" rel=\"noopener noreferrer nofollow\">Facebook<\/a>, <a href=\"https:\/\/twitter.com\/lasilvportals\" target=\"_blank\" rel=\"noopener noreferrer nofollow\">X<\/a>, <a href=\"https:\/\/bsky.app\/profile\/lasilv.bsky.social\" target=\"_blank\" rel=\"noopener noreferrer nofollow\">Bluesky<\/a>, <a href=\"https:\/\/www.draugiem.lv\/lasilv\/?pg=4\" target=\"_blank\" rel=\"noopener noreferrer nofollow\">Draugiem<\/a> vai ar\u012b <a href=\"https:\/\/www.instagram.com\/lasilv_zinas\/\" target=\"_blank\" rel=\"noopener noreferrer nofollow\">Instagram<\/a>. Pievienojies m\u016bsu las\u012bt\u0101ju pulkam, lai sa\u0146emtu \u012bpa\u0161i tev atlas\u012btu noder\u012bgu, praktisku un aktu\u0101lu saturu.\u00a0<\/p>\n<p><a href=\"https:\/\/lasi.lv\/abonesana\" rel=\"nofollow noopener\" target=\"_blank\">Abon\u0113<\/a>\u00a0LASI.LV gadam\u00a0vai k\u0101du no\u00a0&#8220;Latvijas Mediju&#8221; periodiskajiem izdevumiem 2026. gadam, un laim\u0113 1500 eiro vai Philips kafijas autom\u0101tu. Loterijas at\u013caujas nr. 8744.<\/p>\n<p><img decoding=\"async\" src=\"https:\/\/www.europesays.com\/lv\/wp-content\/uploads\/2025\/10\/1760568371_496_2025100311425268df8c8c1572e.jpg\" alt=\"\" loading=\"lazy\"\/><\/p>\n<p style=\"margin-left:auto;\">Pieraksties LASI.LV redaktora v\u0113stkopai <a href=\"https:\/\/lasi.lv\/vestkopa\/lasi-lv-galvena-redaktora-vestkopa\" rel=\"nofollow noopener\" target=\"_blank\">\u0161eit<\/a>.<\/p>\n<p>Pieraksties v\u0113stkopai un divas reizes ned\u0113\u013c\u0101 sa\u0146em padzi\u013cin\u0101tu LASI.LV galven\u0101 redaktora aktu\u0101lo zi\u0146u, kompetentu viedok\u013cu un interesant\u0101ko interviju apkopojumu.<\/p>\n<p>Ko tu sa\u0146emsi:<\/p>\n<ul>\n<li>Daudzveid\u012bgus koment\u0101rus un kompetentus Latvijas Mediju \u017eurn\u0101listu un autoru viedok\u013cus par aktu\u0101lo<\/li>\n<li>Ekspertu koment\u0101rus par da\u017e\u0101diem praktiskiem, noder\u012bgiem tematiem<\/li>\n<li>Aizraujo\u0161us materi\u0101lus par v\u0113sturi, psiholo\u0123iju, kult\u016bru<\/li>\n<li>Gata \u0160\u013c\u016bkas karikat\u016bru<\/li>\n<li>Tav\u0101 e-pasta kast\u012bt\u0113 katru ceturtdienu<\/li>\n<\/ul>\n<p style=\"margin-left:auto;\">\u00a0<\/p>\n<p><script async src=\"https:\/\/platform.twitter.com\/widgets.js\" charset=\"utf-8\"><\/script><script async src=\"\/\/www.instagram.com\/embed.js\"><\/script><\/p>\n","protected":false},"excerpt":{"rendered":"Pasaules Vesel\u012bbas organiz\u0101cijas (PVO) \u0123ener\u0101ldirektors Tedross Adhanoms Gebreiesuss tre\u0161dien pauda satraukumu par zi\u0146\u0101m, ka Sud\u0101n\u0101 Fa\u0161iras pils\u0113t\u0101, p\u0113c&hellip;\n","protected":false},"author":2,"featured_media":35374,"comment_status":"","ping_status":"","sticky":false,"template":"","format":"standard","meta":{"footnotes":""},"categories":[14],"tags":[23,57,28,29,32,33,22,30,31,35,39,38,36,37,34,40,20,26,27,24,25,54,55,56,21,58],"class_list":{"0":"post-35373","1":"post","2":"type-post","3":"status-publish","4":"format-standard","5":"has-post-thumbnail","7":"category-zinas-no-arvalstim","8":"tag-aktualitates","9":"tag-arvalstim","10":"tag-breaking-news","11":"tag-breakingnews","12":"tag-featured-news","13":"tag-featurednews","14":"tag-headlines","15":"tag-latest-news","16":"tag-latestnews","17":"tag-latvia","18":"tag-latvian","19":"tag-latviesu","20":"tag-latviesu-valoda","21":"tag-latviesuvaloda","22":"tag-latvija","23":"tag-lv","24":"tag-news","25":"tag-popularakas-zinas","26":"tag-popularakaszinas","27":"tag-top-stories","28":"tag-topstories","29":"tag-world","30":"tag-world-news","31":"tag-worldnews","32":"tag-zinas","33":"tag-zinas-no-arvalstim"},"share_on_mastodon":{"url":"https:\/\/pubeurope.com\/@lv\/115463639911486064","error":""},"_links":{"self":[{"href":"https:\/\/www.europesays.com\/lv\/wp-json\/wp\/v2\/posts\/35373","targetHints":{"allow":["GET"]}}],"collection":[{"href":"https:\/\/www.europesays.com\/lv\/wp-json\/wp\/v2\/posts"}],"about":[{"href":"https:\/\/www.europesays.com\/lv\/wp-json\/wp\/v2\/types\/post"}],"author":[{"embeddable":true,"href":"https:\/\/www.europesays.com\/lv\/wp-json\/wp\/v2\/users\/2"}],"replies":[{"embeddable":true,"href":"https:\/\/www.europesays.com\/lv\/wp-json\/wp\/v2\/comments?post=35373"}],"version-history":[{"count":0,"href":"https:\/\/www.europesays.com\/lv\/wp-json\/wp\/v2\/posts\/35373\/revisions"}],"wp:featuredmedia":[{"embeddable":true,"href":"https:\/\/www.europesays.com\/lv\/wp-json\/wp\/v2\/media\/35374"}],"wp:attachment":[{"href":"https:\/\/www.europesays.com\/lv\/wp-json\/wp\/v2\/media?parent=35373"}],"wp:term":[{"taxonomy":"category","embeddable":true,"href":"https:\/\/www.europesays.com\/lv\/wp-json\/wp\/v2\/categories?post=35373"},{"taxonomy":"post_tag","embeddable":true,"href":"https:\/\/www.europesays.com\/lv\/wp-json\/wp\/v2\/tags?post=35373"}],"curies":[{"name":"wp","href":"https:\/\/api.w.org\/{rel}","templated":true}]}}