{"id":35379,"date":"2025-10-30T14:46:18","date_gmt":"2025-10-30T14:46:18","guid":{"rendered":"https:\/\/www.europesays.com\/lv\/35379\/"},"modified":"2025-10-30T14:46:18","modified_gmt":"2025-10-30T14:46:18","slug":"tramps-parliecinats-ka-nekas-neapdraudes-pamieru-starp-izraelu-un-hamas","status":"publish","type":"post","link":"https:\/\/www.europesays.com\/lv\/35379\/","title":{"rendered":"Tramps p\u0101rliecin\u0101ts, ka nekas neapdraud\u0113s pamieru starp Izra\u0113lu un &#8220;Ham\u0101s&#8221;"},"content":{"rendered":"<p>ASV prezidents Donalds Tramps tre\u0161dien pazi\u0146ojis, ka nekas neapdraud\u0113s pamieru starp Izra\u0113lu un palest\u012bnie\u0161u teroristu grup\u0113jumu &#8220;Ham\u0101s&#8221;.<\/p>\n<p>Tramps, run\u0101jot ar \u017eurn\u0101listiem lidma\u0161\u012bn\u0101 &#8220;Air Force One&#8221; ce\u013c\u0101 no Jap\u0101nas uz Dienvidkoreju, pazi\u0146oja, ka Izra\u0113lai bija ties\u012bbas atbild\u0113t uz uzbrukumiem t\u0101s karav\u012briem.<\/p>\n<p>&#8220;Ham\u0101s&#8221; nogalin\u0101ja Izra\u0113las karav\u012bru, t\u0101p\u0113c izra\u0113lie\u0161i atbild\u0113ja, un vi\u0146iem vajadz\u0113tu atbild\u0113t, pazi\u0146oja Tramps.<\/p>\n<p>Jau zi\u0146ots, ka Izra\u0113las armija otrdien veica gaisa triecienus Gazas joslai p\u0113c tam, kad t\u0101 bija aps\u016bdz\u0113jusi &#8220;Ham\u0101s&#8221; Izra\u0113las karav\u012bru ap\u0161aud\u012b\u0161an\u0101 un pamiera p\u0101rk\u0101p\u0161an\u0101. Triecieni notika vair\u0101k\u0101s Gazas joslas da\u013c\u0101s.<\/p>\n<p>&#8220;Ham\u0101s&#8221; noliedza, ka vi\u0146i b\u016btu uzbruku\u0161i Izra\u0113las karav\u012briem.<\/p>\n<p>&#8220;M\u0113s ar vi\u0146iem [&#8220;Ham\u0101s&#8221;] nosl\u0113dz\u0101m vieno\u0161anos, ka vi\u0146iem b\u016bs labi j\u0101uzvedas, un vi\u0146iem ir labi j\u0101uzvedas. Ja vi\u0146i neuzved\u012bsies, vi\u0146us izskaud\u012bs,&#8221; izteic\u0101s Tramps.<\/p>\n<p>Izra\u0113las un &#8220;Ham\u0101s&#8221; vieno\u0161an\u0101s par pamieru Gazas josl\u0101 tika nosl\u0113gta 10. oktobr\u012b. Lai gan let\u0101li incidenti turpin\u0101s, l\u012bdz \u0161im pamiers ir notur\u0113jies.<\/p>\n<p><img decoding=\"async\" src=\"https:\/\/www.europesays.com\/lv\/wp-content\/uploads\/2025\/10\/fc92074a360a889f9b21958abb4bfbd5.jpg\" title=\"Foto: REUTERS\/Evelyn Hockstein\/ Scanpix\" alt=\"Foto: REUTERS\/Evelyn Hockstein\/ Scanpix\"\/><\/p>\n<p class=\"article-img-desc\">Foto: REUTERS\/Evelyn Hockstein\/ Scanpix<\/p>\n","protected":false},"excerpt":{"rendered":"ASV prezidents Donalds Tramps tre\u0161dien pazi\u0146ojis, ka nekas neapdraud\u0113s pamieru starp Izra\u0113lu un palest\u012bnie\u0161u teroristu grup\u0113jumu &#8220;Ham\u0101s&#8221;. Tramps,&hellip;\n","protected":false},"author":2,"featured_media":35380,"comment_status":"","ping_status":"","sticky":false,"template":"","format":"standard","meta":{"footnotes":""},"categories":[14],"tags":[129,960,318,10404,23,57,28,29,32,33,22,30,31,35,39,38,36,37,34,40,20,26,27,961,10405,319,962,10406,320,24,25,54,55,56,21,58],"class_list":{"0":"post-35379","1":"post","2":"type-post","3":"status-publish","4":"format-standard","5":"has-post-thumbnail","7":"category-zinas-no-arvalstim","8":"tag-__typenameadvicekeyword","9":"tag-id1007","10":"tag-id1144","11":"tag-id1148","12":"tag-aktualitates","13":"tag-arvalstim","14":"tag-breaking-news","15":"tag-breakingnews","16":"tag-featured-news","17":"tag-featurednews","18":"tag-headlines","19":"tag-latest-news","20":"tag-latestnews","21":"tag-latvia","22":"tag-latvian","23":"tag-latviesu","24":"tag-latviesu-valoda","25":"tag-latviesuvaloda","26":"tag-latvija","27":"tag-lv","28":"tag-news","29":"tag-popularakas-zinas","30":"tag-popularakaszinas","31":"tag-slugdonalds-tramps","32":"tag-slughamas","33":"tag-slugizraela","34":"tag-titledonalds-tramps","35":"tag-titlehamas","36":"tag-titleizraela","37":"tag-top-stories","38":"tag-topstories","39":"tag-world","40":"tag-world-news","41":"tag-worldnews","42":"tag-zinas","43":"tag-zinas-no-arvalstim"},"share_on_mastodon":{"url":"","error":"Validation failed: Text character limit of 500 exceeded"},"_links":{"self":[{"href":"https:\/\/www.europesays.com\/lv\/wp-json\/wp\/v2\/posts\/35379","targetHints":{"allow":["GET"]}}],"collection":[{"href":"https:\/\/www.europesays.com\/lv\/wp-json\/wp\/v2\/posts"}],"about":[{"href":"https:\/\/www.europesays.com\/lv\/wp-json\/wp\/v2\/types\/post"}],"author":[{"embeddable":true,"href":"https:\/\/www.europesays.com\/lv\/wp-json\/wp\/v2\/users\/2"}],"replies":[{"embeddable":true,"href":"https:\/\/www.europesays.com\/lv\/wp-json\/wp\/v2\/comments?post=35379"}],"version-history":[{"count":0,"href":"https:\/\/www.europesays.com\/lv\/wp-json\/wp\/v2\/posts\/35379\/revisions"}],"wp:featuredmedia":[{"embeddable":true,"href":"https:\/\/www.europesays.com\/lv\/wp-json\/wp\/v2\/media\/35380"}],"wp:attachment":[{"href":"https:\/\/www.europesays.com\/lv\/wp-json\/wp\/v2\/media?parent=35379"}],"wp:term":[{"taxonomy":"category","embeddable":true,"href":"https:\/\/www.europesays.com\/lv\/wp-json\/wp\/v2\/categories?post=35379"},{"taxonomy":"post_tag","embeddable":true,"href":"https:\/\/www.europesays.com\/lv\/wp-json\/wp\/v2\/tags?post=35379"}],"curies":[{"name":"wp","href":"https:\/\/api.w.org\/{rel}","templated":true}]}}