{"id":354,"date":"2025-09-21T10:41:07","date_gmt":"2025-09-21T10:41:07","guid":{"rendered":"https:\/\/www.europesays.com\/lv\/354\/"},"modified":"2025-09-21T10:41:07","modified_gmt":"2025-09-21T10:41:07","slug":"oktoberfest-pirmo-dienu-parsteidz-vel-nepieredzets-karstums","status":"publish","type":"post","link":"https:\/\/www.europesays.com\/lv\/354\/","title":{"rendered":"&#8220;Oktoberfest&#8221; pirmo dienu p\u0101rsteidz v\u0113l nepieredz\u0113ts karstums"},"content":{"rendered":"<p>Neskatoties uz nosaukum\u0101 piemin\u0113to rudens m\u0113nesi, &#8220;Oktoberfest&#8221;\u00a0r\u012bko septembra beig\u0101s, lai apmekl\u0113t\u0101ji pasp\u0113tu izbaud\u012bt p\u0113d\u0113j\u0101s atvasaras dienas un izvair\u012btos no rudens lietav\u0101m un dr\u0113gn\u0101 laika, kas m\u0113dz s\u0101kties oktobr\u012b.<\/p>\n<p>\u0160ogad, saska\u0146\u0101 ar V\u0101cijas meteorolo\u0123ijas dienesta datiem, uzst\u0101d\u012bts &#8220;Oktoberfest&#8221;\u00a0karstuma rekords \u2013 vakar Minhen\u0113 gaiss sasila l\u012bdz +30,7 gr\u0101diem p\u0113c Celsija. Ar to ir p\u0101rsp\u0113ts l\u012bdz\u0161in\u0113jais karstuma rekords, kas tika uzst\u0101d\u012bts 1993. gada 27. septembr\u012b: +29,7 gr\u0101di.<\/p>\n<p>Pirmaj\u0101 sv\u0113tku dien\u0101 <a href=\"https:\/\/www.apollo.lv\/term\/566185\/mediki\" class=\"topicLink\" target=\"_blank\" rel=\"nofollow noopener\">medi\u0137i<\/a> pal\u012bdz\u0113ju\u0161i vair\u0101k nek\u0101 500 no karstuma cietu\u0161iem cilv\u0113kiem, zi\u0146o &#8220;Bild&#8221;. Jaun\u0101kajai pacientei biju\u0161i 11 gadi, ta\u010du vec\u0101kajai \u2013 72.<\/p>\n<p>Liel\u0101 cilv\u0113ku skaita un svelmes d\u0113\u013c vair\u0101kas festiv\u0101la teltis tika sl\u0113gtas jau agr\u0101 p\u0113cpusdien\u0101.<\/p>\n<p>Tradicion\u0101lie alus sv\u0113tki &#8220;Oktoberfest&#8221; ilgs l\u012bdz 5.oktobrim. Pusdienlaik\u0101 Minhenes m\u0113rs D\u012bters Reiters ofici\u0101li atkl\u0101ja festiv\u0101lu, atverot pirmo mucu un pasniedzot pirmo kausu Bav\u0101rijas premjerministram Markusam Z\u0113deram.<\/p>\n<p>Z\u0113ders atkl\u0101\u0161an\u0101 nor\u0101d\u012bja, ka \u0161ajos kr\u012bzes laikos &#8220;Oktoberfest&#8221; ir mirklis patiesai dz\u012bves baud\u012b\u0161anai.<\/p>\n<p>Ik gadu festiv\u0101ls piesaista aptuveni se\u0161us miljonus apmekl\u0113t\u0101ju, bet 2023.gad\u0101 tika sasniegts apmekl\u0113t\u0101ju rekords. Togad &#8220;Oktoberfest&#8221; apmekl\u0113ja septi\u0146i miljoni cilv\u0113ku.<\/p>\n<p>&#8220;Oktoberfest&#8221; tiek uzskat\u012bts par liel\u0101ko \u0161\u0101da veida pas\u0101kumu pasaul\u0113.<\/p>\n<p>\u0160o alus sv\u0113tku pirms\u0101kums bija Bav\u0101rijas kro\u0146prin\u010da Ludviga un Saksijas-Hildburghauzenes princeses Ter\u0113zes k\u0101zu svin\u012bbas 1810.gada 12.oktobr\u012b.<\/p>\n","protected":false},"excerpt":{"rendered":"Neskatoties uz nosaukum\u0101 piemin\u0113to rudens m\u0113nesi, &#8220;Oktoberfest&#8221;\u00a0r\u012bko septembra beig\u0101s, lai apmekl\u0113t\u0101ji pasp\u0113tu izbaud\u012bt p\u0113d\u0113j\u0101s atvasaras dienas un izvair\u012btos&hellip;\n","protected":false},"author":2,"featured_media":355,"comment_status":"","ping_status":"","sticky":false,"template":"","format":"standard","meta":{"footnotes":""},"categories":[14],"tags":[23,57,28,29,32,33,22,30,31,35,39,38,36,37,34,40,300,20,298,26,27,24,25,299,54,55,56,21,58],"class_list":{"0":"post-354","1":"post","2":"type-post","3":"status-publish","4":"format-standard","5":"has-post-thumbnail","7":"category-zinas-no-arvalstim","8":"tag-aktualitates","9":"tag-arvalstim","10":"tag-breaking-news","11":"tag-breakingnews","12":"tag-featured-news","13":"tag-featurednews","14":"tag-headlines","15":"tag-latest-news","16":"tag-latestnews","17":"tag-latvia","18":"tag-latvian","19":"tag-latviesu","20":"tag-latviesu-valoda","21":"tag-latviesuvaloda","22":"tag-latvija","23":"tag-lv","24":"tag-mediki","25":"tag-news","26":"tag-oktoberfest","27":"tag-popularakas-zinas","28":"tag-popularakaszinas","29":"tag-top-stories","30":"tag-topstories","31":"tag-vacija","32":"tag-world","33":"tag-world-news","34":"tag-worldnews","35":"tag-zinas","36":"tag-zinas-no-arvalstim"},"share_on_mastodon":{"url":"","error":""},"_links":{"self":[{"href":"https:\/\/www.europesays.com\/lv\/wp-json\/wp\/v2\/posts\/354","targetHints":{"allow":["GET"]}}],"collection":[{"href":"https:\/\/www.europesays.com\/lv\/wp-json\/wp\/v2\/posts"}],"about":[{"href":"https:\/\/www.europesays.com\/lv\/wp-json\/wp\/v2\/types\/post"}],"author":[{"embeddable":true,"href":"https:\/\/www.europesays.com\/lv\/wp-json\/wp\/v2\/users\/2"}],"replies":[{"embeddable":true,"href":"https:\/\/www.europesays.com\/lv\/wp-json\/wp\/v2\/comments?post=354"}],"version-history":[{"count":0,"href":"https:\/\/www.europesays.com\/lv\/wp-json\/wp\/v2\/posts\/354\/revisions"}],"wp:featuredmedia":[{"embeddable":true,"href":"https:\/\/www.europesays.com\/lv\/wp-json\/wp\/v2\/media\/355"}],"wp:attachment":[{"href":"https:\/\/www.europesays.com\/lv\/wp-json\/wp\/v2\/media?parent=354"}],"wp:term":[{"taxonomy":"category","embeddable":true,"href":"https:\/\/www.europesays.com\/lv\/wp-json\/wp\/v2\/categories?post=354"},{"taxonomy":"post_tag","embeddable":true,"href":"https:\/\/www.europesays.com\/lv\/wp-json\/wp\/v2\/tags?post=354"}],"curies":[{"name":"wp","href":"https:\/\/api.w.org\/{rel}","templated":true}]}}