{"id":35410,"date":"2025-10-30T15:24:14","date_gmt":"2025-10-30T15:24:14","guid":{"rendered":"https:\/\/www.europesays.com\/lv\/35410\/"},"modified":"2025-10-30T15:24:14","modified_gmt":"2025-10-30T15:24:14","slug":"12-no-10-asv-samazina-kinas-tarifus-kina-aptur-retzemju-elementu-ierobezojumus","status":"publish","type":"post","link":"https:\/\/www.europesays.com\/lv\/35410\/","title":{"rendered":"\u201c12 no 10.\u201d ASV samazina \u0136\u012bnas tarifus, \u0136\u012bna aptur retzemju elementu ierobe\u017eojumus"},"content":{"rendered":"<p>ASV un \u0136\u012bna ceturtdien tik\u0101s, lai vienotos par da\u017e\u0101diem tirdzniec\u012bbas jaut\u0101jumiem, tostarp retzemju elementu un sojas pupi\u0146u p\u0101rdo\u0161anu.<\/p>\n<p><a href=\"https:\/\/static-img.aripaev.ee\/?type=preview&amp;uuid=ab039d04-20a4-53be-8104-c8bbecf1235b\" target=\"_blank\" rel=\"noopener noreferrer nofollow\" class=\"styles_article-image__holder__jEhZc\" style=\"aspect-ratio:1.468643101482326\"><img alt=\"\u201c12 no 10.\u201d ASV samazina \u0136\u012bnas tarifus, \u0136\u012bna aptur retzemju elementu ierobe\u017eojumus\" draggable=\"false\" fetchpriority=\"high\" decoding=\"async\" data-nimg=\"fill\" style=\"position:absolute;height:100%;width:100%;left:0;top:0;right:0;bottom:0;color:transparent\"   src=\"https:\/\/www.europesays.com\/lv\/wp-content\/uploads\/2025\/10\/1761837854_463_\"\/><\/a><\/p>\n<p>ASV prezidents Donalds Tramps ceturtdien pazi\u0146oja, ka Dienvidkorej\u0101 ir pan\u0101cis vieno\u0161anos ar \u0136\u012bnas prezidentu Sji Dzji\u0146pinu par retzemju elementu un kritiski svar\u012bgu miner\u0101lu tirdzniec\u012bbu un samazin\u0101jis \u0136\u012bnai noteikto tarifu par 10 procentiem, zi\u0146o \u0101rvalstu mediji.<\/p>\n<p>Interes\u0113 \u0161\u012b t\u0113ma? S\u0101c sekot \u0161iem atsl\u0113gas v\u0101rdiem un sa\u0146em pazi\u0146ojumus, kad ir pieejams jauns saturs!<\/p>\n","protected":false},"excerpt":{"rendered":"ASV un \u0136\u012bna ceturtdien tik\u0101s, lai vienotos par da\u017e\u0101diem tirdzniec\u012bbas jaut\u0101jumiem, tostarp retzemju elementu un sojas pupi\u0146u p\u0101rdo\u0161anu.&hellip;\n","protected":false},"author":2,"featured_media":35411,"comment_status":"","ping_status":"","sticky":false,"template":"","format":"standard","meta":{"footnotes":""},"categories":[5],"tags":[23,28,29,32,33,22,30,31,35,39,38,36,37,34,40,20,26,27,24,25,21],"class_list":{"0":"post-35410","1":"post","2":"type-post","3":"status-publish","4":"format-standard","5":"has-post-thumbnail","7":"category-aktualitates","8":"tag-aktualitates","9":"tag-breaking-news","10":"tag-breakingnews","11":"tag-featured-news","12":"tag-featurednews","13":"tag-headlines","14":"tag-latest-news","15":"tag-latestnews","16":"tag-latvia","17":"tag-latvian","18":"tag-latviesu","19":"tag-latviesu-valoda","20":"tag-latviesuvaloda","21":"tag-latvija","22":"tag-lv","23":"tag-news","24":"tag-popularakas-zinas","25":"tag-popularakaszinas","26":"tag-top-stories","27":"tag-topstories","28":"tag-zinas"},"share_on_mastodon":{"url":"https:\/\/pubeurope.com\/@lv\/115463812848822376","error":""},"_links":{"self":[{"href":"https:\/\/www.europesays.com\/lv\/wp-json\/wp\/v2\/posts\/35410","targetHints":{"allow":["GET"]}}],"collection":[{"href":"https:\/\/www.europesays.com\/lv\/wp-json\/wp\/v2\/posts"}],"about":[{"href":"https:\/\/www.europesays.com\/lv\/wp-json\/wp\/v2\/types\/post"}],"author":[{"embeddable":true,"href":"https:\/\/www.europesays.com\/lv\/wp-json\/wp\/v2\/users\/2"}],"replies":[{"embeddable":true,"href":"https:\/\/www.europesays.com\/lv\/wp-json\/wp\/v2\/comments?post=35410"}],"version-history":[{"count":0,"href":"https:\/\/www.europesays.com\/lv\/wp-json\/wp\/v2\/posts\/35410\/revisions"}],"wp:featuredmedia":[{"embeddable":true,"href":"https:\/\/www.europesays.com\/lv\/wp-json\/wp\/v2\/media\/35411"}],"wp:attachment":[{"href":"https:\/\/www.europesays.com\/lv\/wp-json\/wp\/v2\/media?parent=35410"}],"wp:term":[{"taxonomy":"category","embeddable":true,"href":"https:\/\/www.europesays.com\/lv\/wp-json\/wp\/v2\/categories?post=35410"},{"taxonomy":"post_tag","embeddable":true,"href":"https:\/\/www.europesays.com\/lv\/wp-json\/wp\/v2\/tags?post=35410"}],"curies":[{"name":"wp","href":"https:\/\/api.w.org\/{rel}","templated":true}]}}